{"id":104470,"date":"2025-11-10T16:41:49","date_gmt":"2025-11-10T21:41:49","guid":{"rendered":"https:\/\/queonnda.com\/julio-cesar-chavez-affirms-my-son-could-beat-canelo\/"},"modified":"2025-11-10T16:47:42","modified_gmt":"2025-11-10T21:47:42","slug":"julio-cesar-chavez-affirms-my-son-could-beat-canelo","status":"publish","type":"post","link":"https:\/\/queonnda.com\/en\/julio-cesar-chavez-affirms-my-son-could-beat-canelo\/","title":{"rendered":"Julio C\u00e9sar Ch\u00e1vez affirms: &#8220;My son could beat Canelo&#8221;."},"content":{"rendered":"<p>In a recent interview on Adela Micha&#8217;s <a href=\"https:\/\/www.youtube.com\/watch?v=b7027_StHCU\" target=\"_blank\" rel=\"noopener\">YouTube<\/a> channel, Julio C\u00e9sar Ch\u00e1vez acknowledged that he firmly believed that his son, Julio C\u00e9sar Ch\u00e1vez Jr. had more power than Sa\u00fal &#8220;Canelo&#8221; \u00c1lvarez. According to the former world champion, his son was destined to become the standard bearer of Mexican boxing. &#8220;He was the face of boxing. With all due respect, it wasn&#8217;t Canelo, it was him, it was my son,&#8221; mentioned Julio Cesar Chavez.<\/p>\n<p>Ch\u00e1vez father explained that since the first fights he saw in his son someone with natural talent, style and technical abilities. However, he asserted that what defined the final success was Canelo&#8217;s discipline: &#8220;Julio was a more natural fighter, but Canelo, with his discipline and being a machaquista, overcame all of those&#8221;.<\/p>\n<h2><!--more--><\/h2>\n<h2>The promising start of Chavez Jr.<\/h2>\n<figure id=\"attachment_104458\" aria-describedby=\"caption-attachment-104458\" style=\"width: 1200px\" class=\"wp-caption alignnone\"><img loading=\"lazy\" loading=\"lazy\" decoding=\"async\" class=\"size-full wp-image-104458\" src=\"https:\/\/queonnda.com\/wp-content\/uploads\/2025\/11\/chavez-ok-1.jpg\" alt=\"Julio Cesar Chavez Jr.\" width=\"1200\" height=\"1801\" \/><figcaption id=\"caption-attachment-104458\" class=\"wp-caption-text\">PHOTO: Mezcalent<\/figcaption><\/figure>\n<p>The &#8220;Son of the Legend&#8221; won his first 23 fights as a professional and held the record of World Boxing Council (WBC) world champion.<\/p>\n<p>Meanwhile, Canelo remained undefeated in his first 43 fights.<\/p>\n<p>For many analysts, Julio C\u00e9sar Ch\u00e1vez Jr. had a greater potential than the tapat\u00edo in his professional debut.<\/p>\n<figure class=\"wp-block-pullquote\"><blockquote><p style=\"color: #fd9737;\">He was the face of boxing<\/p><cite>Julio C\u00e9sar Ch\u00e1vez<\/cite><\/blockquote><\/figure>\n<h2>What about direct combat between them?<\/h2>\n<figure id=\"attachment_104459\" aria-describedby=\"caption-attachment-104459\" style=\"width: 1200px\" class=\"wp-caption alignnone\"><img loading=\"lazy\" loading=\"lazy\" decoding=\"async\" class=\"size-full wp-image-104459\" src=\"https:\/\/queonnda.com\/wp-content\/uploads\/2025\/11\/chavez-ok-4.jpg\" alt=\"\" width=\"1200\" height=\"800\" \/><figcaption id=\"caption-attachment-104459\" class=\"wp-caption-text\">PHOTO: Shutterstock<\/figcaption><\/figure>\n<p>On May 6, 2017 the two faced off at the T-Mobile Arena in Las Vegas.<\/p>\n<p>Canelo Alvarez defeated Julio Cesar Chavez Jr. by unanimous decision, marking a before and after in the trajectory of both fighters.<\/p>\n<h2>A story that unites Mexico and the U.S.<\/h2>\n<figure id=\"attachment_104460\" aria-describedby=\"caption-attachment-104460\" style=\"width: 1200px\" class=\"wp-caption alignnone\"><img loading=\"lazy\" loading=\"lazy\" decoding=\"async\" class=\"size-full wp-image-104460\" src=\"https:\/\/queonnda.com\/wp-content\/uploads\/2025\/11\/chavez-ok-2.jpg\" alt=\"Julio Cesar Chavez\" width=\"1200\" height=\"800\" \/><figcaption id=\"caption-attachment-104460\" class=\"wp-caption-text\">PHOTO: YouTube de Adela Micha<\/figcaption><\/figure>\n\n<p>The Chavez Jr. story, Canelo and the legend that unites them connects deeply with U.S. Hispanic audiences.<\/p>\n<p>Many generations grew up watching Julio Cesar Chavez succeed, then identified with Canelo and also followed the career of the champion&#8217;s firstborn.<\/p>\n<p>Understanding this dynamic adds context to the story of modern Mexican boxing.<\/p>\n<p>In short, the Chavez Sr. interview makes it clear that talent does not always guarantee success, and that discipline, focus and consistency can make all the difference.<\/p>\n<p>For more information, visit <a href=\"https:\/\/queonnda.com\/en\/\" target=\"_blank\" rel=\"noopener\">Qu\u00e9Onnda.com.<\/a><\/p>\n","protected":false},"excerpt":{"rendered":"<p>In a recent interview on Adela Micha&#8217;s YouTube channel, Julio C\u00e9sar Ch\u00e1vez acknowledged that he firmly believed that his son, Julio C\u00e9sar Ch\u00e1vez Jr. had more power than Sa\u00fal &#8220;Canelo&#8221; \u00c1lvarez. According to the former world champion, his son was destined to become the standard bearer of Mexican boxing. &#8220;He was the face of boxing. [&hellip;]<\/p>\n","protected":false},"author":8,"featured_media":104469,"comment_status":"open","ping_status":"open","sticky":false,"template":"","format":"standard","meta":{"inline_featured_image":false,"footnotes":""},"categories":[144,47],"tags":[785,302],"class_list":{"0":"post-104470","1":"post","2":"type-post","3":"status-publish","4":"format-standard","5":"has-post-thumbnail","7":"category-boxing-mixed-martial-arts","8":"category-sports","9":"tag-deportes-en","10":"tag-mexico-en"},"yoast_head":"<!-- This site is optimized with the Yoast SEO Premium plugin v27.0 (Yoast SEO v27.2) - https:\/\/yoast.com\/product\/yoast-seo-premium-wordpress\/ -->\n<title>Julio Cesar Chavez Jr. had more power than Canelo<\/title>\n<meta name=\"description\" content=\"Julio C\u00e9sar Ch\u00e1vez assures that his son had more talent than Sa\u00fal &quot;Canelo&quot; \u00c1lvarez, but discipline tipped the scales in boxing.\" \/>\n<meta name=\"robots\" content=\"index, follow, max-snippet:-1, max-image-preview:large, max-video-preview:-1\" \/>\n<link rel=\"canonical\" href=\"https:\/\/queonnda.com\/en\/julio-cesar-chavez-affirms-my-son-could-beat-canelo\/\" \/>\n<meta property=\"og:locale\" content=\"en_US\" \/>\n<meta property=\"og:type\" content=\"article\" \/>\n<meta property=\"og:title\" content=\"Julio C\u00e9sar Ch\u00e1vez affirms: &quot;My son could beat Canelo&quot;.\" \/>\n<meta property=\"og:description\" content=\"Julio C\u00e9sar Ch\u00e1vez assures that his son had more talent than Sa\u00fal &quot;Canelo&quot; \u00c1lvarez, but discipline tipped the scales in boxing.\" \/>\n<meta property=\"og:url\" content=\"https:\/\/queonnda.com\/en\/julio-cesar-chavez-affirms-my-son-could-beat-canelo\/\" \/>\n<meta property=\"og:site_name\" content=\"QueOnnda\" \/>\n<meta property=\"article:publisher\" content=\"https:\/\/web.facebook.com\/queonnda.nueva\" \/>\n<meta property=\"article:author\" content=\"https:\/\/www.facebook.com\/carlosfernando.rodriguezaguilera\/\" \/>\n<meta property=\"article:published_time\" content=\"2025-11-10T21:41:49+00:00\" \/>\n<meta property=\"article:modified_time\" content=\"2025-11-10T21:47:42+00:00\" \/>\n<meta property=\"og:image\" content=\"https:\/\/queonnda.com\/wp-content\/uploads\/2025\/11\/chavez-ok-3.jpg\" \/>\n\t<meta property=\"og:image:width\" content=\"1200\" \/>\n\t<meta property=\"og:image:height\" content=\"800\" \/>\n\t<meta property=\"og:image:type\" content=\"image\/jpeg\" \/>\n<meta name=\"author\" content=\"Carlos Rodr\u00edguez\" \/>\n<meta name=\"twitter:card\" content=\"summary_large_image\" \/>\n<meta name=\"twitter:label1\" content=\"Written by\" \/>\n\t<meta name=\"twitter:data1\" content=\"Carlos Rodr\u00edguez\" \/>\n\t<meta name=\"twitter:label2\" content=\"Est. reading time\" \/>\n\t<meta name=\"twitter:data2\" content=\"3 minutes\" \/>\n<script type=\"application\/ld+json\" class=\"yoast-schema-graph\">{\"@context\":\"https:\/\/schema.org\",\"@graph\":[{\"@type\":\"Article\",\"@id\":\"https:\/\/queonnda.com\/en\/julio-cesar-chavez-affirms-my-son-could-beat-canelo\/#article\",\"isPartOf\":{\"@id\":\"https:\/\/queonnda.com\/en\/julio-cesar-chavez-affirms-my-son-could-beat-canelo\/\"},\"author\":{\"name\":\"Carlos Rodr\u00edguez\",\"@id\":\"https:\/\/queonnda.com\/#\/schema\/person\/2dd88b557c5dfd5b6f2f479f993ad35b\"},\"headline\":\"Julio C\u00e9sar Ch\u00e1vez affirms: &#8220;My son could beat Canelo&#8221;.\",\"datePublished\":\"2025-11-10T21:41:49+00:00\",\"dateModified\":\"2025-11-10T21:47:42+00:00\",\"mainEntityOfPage\":{\"@id\":\"https:\/\/queonnda.com\/en\/julio-cesar-chavez-affirms-my-son-could-beat-canelo\/\"},\"wordCount\":389,\"commentCount\":0,\"publisher\":{\"@id\":\"https:\/\/queonnda.com\/#organization\"},\"image\":{\"@id\":\"https:\/\/queonnda.com\/en\/julio-cesar-chavez-affirms-my-son-could-beat-canelo\/#primaryimage\"},\"thumbnailUrl\":\"https:\/\/queonnda.com\/wp-content\/uploads\/2025\/11\/chavez-ok-3.jpg\",\"keywords\":[\"Deportes\",\"mexico\"],\"articleSection\":[\"Boxing \/ Mixed Martial Arts\",\"Sports\"],\"inLanguage\":\"en-US\",\"potentialAction\":[{\"@type\":\"CommentAction\",\"name\":\"Comment\",\"target\":[\"https:\/\/queonnda.com\/en\/julio-cesar-chavez-affirms-my-son-could-beat-canelo\/#respond\"]}],\"copyrightYear\":\"2025\",\"copyrightHolder\":{\"@id\":\"https:\/\/queonnda.com\/#organization\"}},{\"@type\":\"WebPage\",\"@id\":\"https:\/\/queonnda.com\/en\/julio-cesar-chavez-affirms-my-son-could-beat-canelo\/\",\"url\":\"https:\/\/queonnda.com\/en\/julio-cesar-chavez-affirms-my-son-could-beat-canelo\/\",\"name\":\"Julio Cesar Chavez Jr. had more power than Canelo\",\"isPartOf\":{\"@id\":\"https:\/\/queonnda.com\/#website\"},\"primaryImageOfPage\":{\"@id\":\"https:\/\/queonnda.com\/en\/julio-cesar-chavez-affirms-my-son-could-beat-canelo\/#primaryimage\"},\"image\":{\"@id\":\"https:\/\/queonnda.com\/en\/julio-cesar-chavez-affirms-my-son-could-beat-canelo\/#primaryimage\"},\"thumbnailUrl\":\"https:\/\/queonnda.com\/wp-content\/uploads\/2025\/11\/chavez-ok-3.jpg\",\"datePublished\":\"2025-11-10T21:41:49+00:00\",\"dateModified\":\"2025-11-10T21:47:42+00:00\",\"description\":\"Julio C\u00e9sar Ch\u00e1vez assures that his son had more talent than Sa\u00fal \\\"Canelo\\\" \u00c1lvarez, but discipline tipped the scales in boxing.\",\"breadcrumb\":{\"@id\":\"https:\/\/queonnda.com\/en\/julio-cesar-chavez-affirms-my-son-could-beat-canelo\/#breadcrumb\"},\"inLanguage\":\"en-US\",\"potentialAction\":[{\"@type\":\"ReadAction\",\"target\":[\"https:\/\/queonnda.com\/en\/julio-cesar-chavez-affirms-my-son-could-beat-canelo\/\"]}]},{\"@type\":\"ImageObject\",\"inLanguage\":\"en-US\",\"@id\":\"https:\/\/queonnda.com\/en\/julio-cesar-chavez-affirms-my-son-could-beat-canelo\/#primaryimage\",\"url\":\"https:\/\/queonnda.com\/wp-content\/uploads\/2025\/11\/chavez-ok-3.jpg\",\"contentUrl\":\"https:\/\/queonnda.com\/wp-content\/uploads\/2025\/11\/chavez-ok-3.jpg\",\"width\":1200,\"height\":800,\"caption\":\"PHOTO: Mezcalent\"},{\"@type\":\"BreadcrumbList\",\"@id\":\"https:\/\/queonnda.com\/en\/julio-cesar-chavez-affirms-my-son-could-beat-canelo\/#breadcrumb\",\"itemListElement\":[{\"@type\":\"ListItem\",\"position\":1,\"name\":\"Home\",\"item\":\"https:\/\/queonnda.com\/en\/\"},{\"@type\":\"ListItem\",\"position\":2,\"name\":\"Julio C\u00e9sar Ch\u00e1vez affirms: &#8220;My son could beat Canelo&#8221;.\"}]},{\"@type\":\"WebSite\",\"@id\":\"https:\/\/queonnda.com\/#website\",\"url\":\"https:\/\/queonnda.com\/\",\"name\":\"QueOnnda\",\"description\":\"Plataforma audio-digital sin precedentes que revolucionar\u00e1 la forma en que las audiencias latinas interact\u00faan con los medios\",\"publisher\":{\"@id\":\"https:\/\/queonnda.com\/#organization\"},\"potentialAction\":[{\"@type\":\"SearchAction\",\"target\":{\"@type\":\"EntryPoint\",\"urlTemplate\":\"https:\/\/queonnda.com\/?s={search_term_string}\"},\"query-input\":{\"@type\":\"PropertyValueSpecification\",\"valueRequired\":true,\"valueName\":\"search_term_string\"}}],\"inLanguage\":\"en-US\"},{\"@type\":\"Organization\",\"@id\":\"https:\/\/queonnda.com\/#organization\",\"name\":\"QueOnnda\",\"url\":\"https:\/\/queonnda.com\/\",\"logo\":{\"@type\":\"ImageObject\",\"inLanguage\":\"en-US\",\"@id\":\"https:\/\/queonnda.com\/#\/schema\/logo\/image\/\",\"url\":\"https:\/\/queonnda.com\/wp-content\/uploads\/2025\/03\/Logo_QueOnnda_Color.svg\",\"contentUrl\":\"https:\/\/queonnda.com\/wp-content\/uploads\/2025\/03\/Logo_QueOnnda_Color.svg\",\"width\":651,\"height\":103,\"caption\":\"QueOnnda\"},\"image\":{\"@id\":\"https:\/\/queonnda.com\/#\/schema\/logo\/image\/\"},\"sameAs\":[\"https:\/\/web.facebook.com\/queonnda.nueva\",\"https:\/\/www.instagram.com\/queonnda.nueva\/\",\"https:\/\/www.youtube.com\/@queonnda\",\"https:\/\/tiktok.com\/@queonnda.nueva\"]},{\"@type\":\"Person\",\"@id\":\"https:\/\/queonnda.com\/#\/schema\/person\/2dd88b557c5dfd5b6f2f479f993ad35b\",\"name\":\"Carlos Rodr\u00edguez\",\"sameAs\":[\"https:\/\/www.facebook.com\/carlosfernando.rodriguezaguilera\/\",\"https:\/\/www.instagram.com\/rodriguezaguilera11\/\"],\"url\":\"https:\/\/queonnda.com\/en\/author\/carlos-rodriguez\/\"}]}<\/script>\n<!-- \/ Yoast SEO Premium plugin. -->","yoast_head_json":{"title":"Julio Cesar Chavez Jr. had more power than Canelo","description":"Julio C\u00e9sar Ch\u00e1vez assures that his son had more talent than Sa\u00fal \"Canelo\" \u00c1lvarez, but discipline tipped the scales in boxing.","robots":{"index":"index","follow":"follow","max-snippet":"max-snippet:-1","max-image-preview":"max-image-preview:large","max-video-preview":"max-video-preview:-1"},"canonical":"https:\/\/queonnda.com\/en\/julio-cesar-chavez-affirms-my-son-could-beat-canelo\/","og_locale":"en_US","og_type":"article","og_title":"Julio C\u00e9sar Ch\u00e1vez affirms: \"My son could beat Canelo\".","og_description":"Julio C\u00e9sar Ch\u00e1vez assures that his son had more talent than Sa\u00fal \"Canelo\" \u00c1lvarez, but discipline tipped the scales in boxing.","og_url":"https:\/\/queonnda.com\/en\/julio-cesar-chavez-affirms-my-son-could-beat-canelo\/","og_site_name":"QueOnnda","article_publisher":"https:\/\/web.facebook.com\/queonnda.nueva","article_author":"https:\/\/www.facebook.com\/carlosfernando.rodriguezaguilera\/","article_published_time":"2025-11-10T21:41:49+00:00","article_modified_time":"2025-11-10T21:47:42+00:00","og_image":[{"width":1200,"height":800,"url":"https:\/\/queonnda.com\/wp-content\/uploads\/2025\/11\/chavez-ok-3.jpg","type":"image\/jpeg"}],"author":"Carlos Rodr\u00edguez","twitter_card":"summary_large_image","twitter_misc":{"Written by":"Carlos Rodr\u00edguez","Est. reading time":"3 minutes"},"schema":{"@context":"https:\/\/schema.org","@graph":[{"@type":"Article","@id":"https:\/\/queonnda.com\/en\/julio-cesar-chavez-affirms-my-son-could-beat-canelo\/#article","isPartOf":{"@id":"https:\/\/queonnda.com\/en\/julio-cesar-chavez-affirms-my-son-could-beat-canelo\/"},"author":{"name":"Carlos Rodr\u00edguez","@id":"https:\/\/queonnda.com\/#\/schema\/person\/2dd88b557c5dfd5b6f2f479f993ad35b"},"headline":"Julio C\u00e9sar Ch\u00e1vez affirms: &#8220;My son could beat Canelo&#8221;.","datePublished":"2025-11-10T21:41:49+00:00","dateModified":"2025-11-10T21:47:42+00:00","mainEntityOfPage":{"@id":"https:\/\/queonnda.com\/en\/julio-cesar-chavez-affirms-my-son-could-beat-canelo\/"},"wordCount":389,"commentCount":0,"publisher":{"@id":"https:\/\/queonnda.com\/#organization"},"image":{"@id":"https:\/\/queonnda.com\/en\/julio-cesar-chavez-affirms-my-son-could-beat-canelo\/#primaryimage"},"thumbnailUrl":"https:\/\/queonnda.com\/wp-content\/uploads\/2025\/11\/chavez-ok-3.jpg","keywords":["Deportes","mexico"],"articleSection":["Boxing \/ Mixed Martial Arts","Sports"],"inLanguage":"en-US","potentialAction":[{"@type":"CommentAction","name":"Comment","target":["https:\/\/queonnda.com\/en\/julio-cesar-chavez-affirms-my-son-could-beat-canelo\/#respond"]}],"copyrightYear":"2025","copyrightHolder":{"@id":"https:\/\/queonnda.com\/#organization"}},{"@type":"WebPage","@id":"https:\/\/queonnda.com\/en\/julio-cesar-chavez-affirms-my-son-could-beat-canelo\/","url":"https:\/\/queonnda.com\/en\/julio-cesar-chavez-affirms-my-son-could-beat-canelo\/","name":"Julio Cesar Chavez Jr. had more power than Canelo","isPartOf":{"@id":"https:\/\/queonnda.com\/#website"},"primaryImageOfPage":{"@id":"https:\/\/queonnda.com\/en\/julio-cesar-chavez-affirms-my-son-could-beat-canelo\/#primaryimage"},"image":{"@id":"https:\/\/queonnda.com\/en\/julio-cesar-chavez-affirms-my-son-could-beat-canelo\/#primaryimage"},"thumbnailUrl":"https:\/\/queonnda.com\/wp-content\/uploads\/2025\/11\/chavez-ok-3.jpg","datePublished":"2025-11-10T21:41:49+00:00","dateModified":"2025-11-10T21:47:42+00:00","description":"Julio C\u00e9sar Ch\u00e1vez assures that his son had more talent than Sa\u00fal \"Canelo\" \u00c1lvarez, but discipline tipped the scales in boxing.","breadcrumb":{"@id":"https:\/\/queonnda.com\/en\/julio-cesar-chavez-affirms-my-son-could-beat-canelo\/#breadcrumb"},"inLanguage":"en-US","potentialAction":[{"@type":"ReadAction","target":["https:\/\/queonnda.com\/en\/julio-cesar-chavez-affirms-my-son-could-beat-canelo\/"]}]},{"@type":"ImageObject","inLanguage":"en-US","@id":"https:\/\/queonnda.com\/en\/julio-cesar-chavez-affirms-my-son-could-beat-canelo\/#primaryimage","url":"https:\/\/queonnda.com\/wp-content\/uploads\/2025\/11\/chavez-ok-3.jpg","contentUrl":"https:\/\/queonnda.com\/wp-content\/uploads\/2025\/11\/chavez-ok-3.jpg","width":1200,"height":800,"caption":"PHOTO: Mezcalent"},{"@type":"BreadcrumbList","@id":"https:\/\/queonnda.com\/en\/julio-cesar-chavez-affirms-my-son-could-beat-canelo\/#breadcrumb","itemListElement":[{"@type":"ListItem","position":1,"name":"Home","item":"https:\/\/queonnda.com\/en\/"},{"@type":"ListItem","position":2,"name":"Julio C\u00e9sar Ch\u00e1vez affirms: &#8220;My son could beat Canelo&#8221;."}]},{"@type":"WebSite","@id":"https:\/\/queonnda.com\/#website","url":"https:\/\/queonnda.com\/","name":"QueOnnda","description":"Plataforma audio-digital sin precedentes que revolucionar\u00e1 la forma en que las audiencias latinas interact\u00faan con los medios","publisher":{"@id":"https:\/\/queonnda.com\/#organization"},"potentialAction":[{"@type":"SearchAction","target":{"@type":"EntryPoint","urlTemplate":"https:\/\/queonnda.com\/?s={search_term_string}"},"query-input":{"@type":"PropertyValueSpecification","valueRequired":true,"valueName":"search_term_string"}}],"inLanguage":"en-US"},{"@type":"Organization","@id":"https:\/\/queonnda.com\/#organization","name":"QueOnnda","url":"https:\/\/queonnda.com\/","logo":{"@type":"ImageObject","inLanguage":"en-US","@id":"https:\/\/queonnda.com\/#\/schema\/logo\/image\/","url":"https:\/\/queonnda.com\/wp-content\/uploads\/2025\/03\/Logo_QueOnnda_Color.svg","contentUrl":"https:\/\/queonnda.com\/wp-content\/uploads\/2025\/03\/Logo_QueOnnda_Color.svg","width":651,"height":103,"caption":"QueOnnda"},"image":{"@id":"https:\/\/queonnda.com\/#\/schema\/logo\/image\/"},"sameAs":["https:\/\/web.facebook.com\/queonnda.nueva","https:\/\/www.instagram.com\/queonnda.nueva\/","https:\/\/www.youtube.com\/@queonnda","https:\/\/tiktok.com\/@queonnda.nueva"]},{"@type":"Person","@id":"https:\/\/queonnda.com\/#\/schema\/person\/2dd88b557c5dfd5b6f2f479f993ad35b","name":"Carlos Rodr\u00edguez","sameAs":["https:\/\/www.facebook.com\/carlosfernando.rodriguezaguilera\/","https:\/\/www.instagram.com\/rodriguezaguilera11\/"],"url":"https:\/\/queonnda.com\/en\/author\/carlos-rodriguez\/"}]}},"_links":{"self":[{"href":"https:\/\/queonnda.com\/en\/wp-json\/wp\/v2\/posts\/104470","targetHints":{"allow":["GET"]}}],"collection":[{"href":"https:\/\/queonnda.com\/en\/wp-json\/wp\/v2\/posts"}],"about":[{"href":"https:\/\/queonnda.com\/en\/wp-json\/wp\/v2\/types\/post"}],"author":[{"embeddable":true,"href":"https:\/\/queonnda.com\/en\/wp-json\/wp\/v2\/users\/8"}],"replies":[{"embeddable":true,"href":"https:\/\/queonnda.com\/en\/wp-json\/wp\/v2\/comments?post=104470"}],"version-history":[{"count":0,"href":"https:\/\/queonnda.com\/en\/wp-json\/wp\/v2\/posts\/104470\/revisions"}],"wp:featuredmedia":[{"embeddable":true,"href":"https:\/\/queonnda.com\/en\/wp-json\/wp\/v2\/media\/104469"}],"wp:attachment":[{"href":"https:\/\/queonnda.com\/en\/wp-json\/wp\/v2\/media?parent=104470"}],"wp:term":[{"taxonomy":"category","embeddable":true,"href":"https:\/\/queonnda.com\/en\/wp-json\/wp\/v2\/categories?post=104470"},{"taxonomy":"post_tag","embeddable":true,"href":"https:\/\/queonnda.com\/en\/wp-json\/wp\/v2\/tags?post=104470"}],"curies":[{"name":"wp","href":"https:\/\/api.w.org\/{rel}","templated":true}]}}