{"id":146777,"date":"2026-02-23T13:45:31","date_gmt":"2026-02-23T18:45:31","guid":{"rendered":"https:\/\/queonnda.com\/mexican-national-team-maintains-training-camp-in-queretaro-despite-climate-of-insecurity\/"},"modified":"2026-02-23T13:56:58","modified_gmt":"2026-02-23T18:56:58","slug":"mexican-national-team-maintains-training-camp-in-queretaro-despite-climate-of-insecurity","status":"publish","type":"post","link":"https:\/\/queonnda.com\/en\/mexican-national-team-maintains-training-camp-in-queretaro-despite-climate-of-insecurity\/","title":{"rendered":"Mexican National Team maintains training camp in Queretaro despite climate of insecurity"},"content":{"rendered":"<p>The Mexican National Soccer Team has so far maintained its original concentration plan in Quer\u00e9taro as part of its preparation for the friendly match against Iceland.<\/p>\n<p>Despite the security situation in different regions of the country, sources from the Mexican Soccer Federation<a href=\"https:\/\/fmf.mx\/\" target=\"_blank\" rel=\"noopener\">(FMF<\/a>) confirmed that the itinerary has not been modified. The 21 called-up players, together with the coaching staff headed by Javier Aguirre, directors and staff, reported to the training hotel in Quer\u00e9taro. <!--more--><\/p>\n<h2>Players already reporting with the Tricolor<\/h2>\n<figure id=\"attachment_146772\" aria-describedby=\"caption-attachment-146772\" style=\"width: 1200px\" class=\"wp-caption alignnone\"><img loading=\"lazy\" loading=\"lazy\" decoding=\"async\" class=\"size-full wp-image-146772\" src=\"https:\/\/queonnda.com\/wp-content\/uploads\/2026\/02\/SEL-MEX-OK-1.jpg\" alt=\"Mexico\" width=\"1200\" height=\"800\" \/><figcaption id=\"caption-attachment-146772\" class=\"wp-caption-text\">PHOTO: EFE<\/figcaption><\/figure>\n<p>According to information provided by the FMF, several players of the Mexican National Team have already returned to Quer\u00e9taro after completing their commitments for Day 7 of the Liga MX.<\/p>\n<p>Among the first to arrive were the seven Chivas players called up:<\/p>\n<p>Ra\u00fal Rangel, Richard Ledezma, Diego Campillo, Brian Guti\u00e9rrez, Efra\u00edn \u00c1lvarez, Roberto Alvarado and Armando Gonz\u00e1lez.<\/p>\n<p>They traveled by land from Puebla after the match against Cruz Azul at the Cuauht\u00e9moc Stadium.<\/p>\n<p>FC Ju\u00e1rez&#8217;s Denzell Garc\u00eda also joined the training camp after Liga MX rescheduled the match between Bravos and Quer\u00e9taro that was scheduled to be played at La Corregidora.<\/p>\n<p>Players from Am\u00e9rica (Luis \u00c1ngel Malag\u00f3n, Israel Reyes, Erick S\u00e1nchez and Alexis Guti\u00e9rrez), Toluca (Everardo L\u00f3pez, Jes\u00fas Gallardo and Marcel Ruiz) and Cruz Azul (Erik Lira and Carlos Rodr\u00edguez) arrived by air.<\/p>\n<p>Carlos Acevedo (Santos), Jes\u00fas Garza (Tigres), Guillermo Mart\u00ednez (Pumas) and V\u00edctor Guzm\u00e1n (Monterrey) also reported after concluding their respective Liga MX commitments.<\/p>\n<h2>Can you change the plan?<\/h2>\n<figure id=\"attachment_146764\" aria-describedby=\"caption-attachment-146764\" style=\"width: 1200px\" class=\"wp-caption alignnone\"><img loading=\"lazy\" loading=\"lazy\" decoding=\"async\" class=\"size-full wp-image-146764\" src=\"https:\/\/queonnda.com\/wp-content\/uploads\/2026\/02\/seleccion-ok-2-1.jpg\" alt=\"Mexico\" width=\"1200\" height=\"627\" \/><figcaption id=\"caption-attachment-146764\" class=\"wp-caption-text\">PHOTO: Instagram of the Mexican National Team.<\/figcaption><\/figure>\n<figure class=\"wp-block-pullquote\"><blockquote><p style=\"color: #fd9737;\">The itinerary has not been modified<\/p><cite>Qu\u00e9Onnda.com<\/cite><\/blockquote><\/figure>\n<p>So far, the schedule remains unchanged.<\/p>\n<p>However, sources close to the FMF do not rule out last-minute adjustments if security conditions so require.<\/p>\n<p>For fans living in the United States &#8211; where the Mexican National Team has a huge fan base &#8211; this information is relevant.<\/p>\n<p>As many plan to travel or follow the friendly matches as part of the 2026 World Cup process.<\/p>\n<p>For more information, visit <a href=\"https:\/\/queonnda.com\/en\/\" target=\"_blank\" rel=\"noopener\">Qu\u00e9Onnda.com.<\/a><\/p>\n","protected":false},"excerpt":{"rendered":"<p>The Mexican National Soccer Team has so far maintained its original concentration plan in Quer\u00e9taro as part of its preparation for the friendly match against Iceland. Despite the security situation in different regions of the country, sources from the Mexican Soccer Federation(FMF) confirmed that the itinerary has not been modified. The 21 called-up players, together [&hellip;]<\/p>\n","protected":false},"author":8,"featured_media":146776,"comment_status":"open","ping_status":"open","sticky":false,"template":"","format":"standard","meta":{"inline_featured_image":false,"footnotes":""},"categories":[140,47],"tags":[785,302,658],"class_list":{"0":"post-146777","1":"post","2":"type-post","3":"status-publish","4":"format-standard","5":"has-post-thumbnail","7":"category-soccer","8":"category-sports","9":"tag-deportes-en","10":"tag-mexico-en","11":"tag-soccer-en"},"yoast_head":"<!-- This site is optimized with the Yoast SEO Premium plugin v27.0 (Yoast SEO v27.2) - https:\/\/yoast.com\/product\/yoast-seo-premium-wordpress\/ -->\n<title>Mexican National Team Quer\u00e9taro concentration<\/title>\n<meta name=\"description\" content=\"Mexican National Team confirms concentration in Quer\u00e9taro for the friendly match against Iceland. Find out what&#039;s happening and what fans should know.\" \/>\n<meta name=\"robots\" content=\"index, follow, max-snippet:-1, max-image-preview:large, max-video-preview:-1\" \/>\n<link rel=\"canonical\" href=\"https:\/\/queonnda.com\/en\/mexican-national-team-maintains-training-camp-in-queretaro-despite-climate-of-insecurity\/\" \/>\n<meta property=\"og:locale\" content=\"en_US\" \/>\n<meta property=\"og:type\" content=\"article\" \/>\n<meta property=\"og:title\" content=\"Mexican National Team maintains training camp in Queretaro despite climate of insecurity\" \/>\n<meta property=\"og:description\" content=\"Mexican National Team confirms concentration in Quer\u00e9taro for the friendly match against Iceland. Find out what&#039;s happening and what fans should know.\" \/>\n<meta property=\"og:url\" content=\"https:\/\/queonnda.com\/en\/mexican-national-team-maintains-training-camp-in-queretaro-despite-climate-of-insecurity\/\" \/>\n<meta property=\"og:site_name\" content=\"QueOnnda\" \/>\n<meta property=\"article:publisher\" content=\"https:\/\/web.facebook.com\/queonnda.nueva\" \/>\n<meta property=\"article:author\" content=\"https:\/\/www.facebook.com\/carlosfernando.rodriguezaguilera\/\" \/>\n<meta property=\"article:published_time\" content=\"2026-02-23T18:45:31+00:00\" \/>\n<meta property=\"article:modified_time\" content=\"2026-02-23T18:56:58+00:00\" \/>\n<meta property=\"og:image\" content=\"https:\/\/queonnda.com\/wp-content\/uploads\/2026\/02\/SEL-MEX-OK-2.jpg\" \/>\n\t<meta property=\"og:image:width\" content=\"1200\" \/>\n\t<meta property=\"og:image:height\" content=\"800\" \/>\n\t<meta property=\"og:image:type\" content=\"image\/jpeg\" \/>\n<meta name=\"author\" content=\"Carlos Rodr\u00edguez\" \/>\n<meta name=\"twitter:card\" content=\"summary_large_image\" \/>\n<meta name=\"twitter:label1\" content=\"Written by\" \/>\n\t<meta name=\"twitter:data1\" content=\"Carlos Rodr\u00edguez\" \/>\n\t<meta name=\"twitter:label2\" content=\"Est. reading time\" \/>\n\t<meta name=\"twitter:data2\" content=\"3 minutes\" \/>\n<script type=\"application\/ld+json\" class=\"yoast-schema-graph\">{\"@context\":\"https:\/\/schema.org\",\"@graph\":[{\"@type\":\"Article\",\"@id\":\"https:\/\/queonnda.com\/en\/mexican-national-team-maintains-training-camp-in-queretaro-despite-climate-of-insecurity\/#article\",\"isPartOf\":{\"@id\":\"https:\/\/queonnda.com\/en\/mexican-national-team-maintains-training-camp-in-queretaro-despite-climate-of-insecurity\/\"},\"author\":{\"name\":\"Carlos Rodr\u00edguez\",\"@id\":\"https:\/\/queonnda.com\/#\/schema\/person\/2dd88b557c5dfd5b6f2f479f993ad35b\"},\"headline\":\"Mexican National Team maintains training camp in Queretaro despite climate of insecurity\",\"datePublished\":\"2026-02-23T18:45:31+00:00\",\"dateModified\":\"2026-02-23T18:56:58+00:00\",\"mainEntityOfPage\":{\"@id\":\"https:\/\/queonnda.com\/en\/mexican-national-team-maintains-training-camp-in-queretaro-despite-climate-of-insecurity\/\"},\"wordCount\":378,\"commentCount\":0,\"publisher\":{\"@id\":\"https:\/\/queonnda.com\/#organization\"},\"image\":{\"@id\":\"https:\/\/queonnda.com\/en\/mexican-national-team-maintains-training-camp-in-queretaro-despite-climate-of-insecurity\/#primaryimage\"},\"thumbnailUrl\":\"https:\/\/queonnda.com\/wp-content\/uploads\/2026\/02\/SEL-MEX-OK-2.jpg\",\"keywords\":[\"Deportes\",\"mexico\",\"Soccer\"],\"articleSection\":[\"Soccer\",\"Sports\"],\"inLanguage\":\"en-US\",\"potentialAction\":[{\"@type\":\"CommentAction\",\"name\":\"Comment\",\"target\":[\"https:\/\/queonnda.com\/en\/mexican-national-team-maintains-training-camp-in-queretaro-despite-climate-of-insecurity\/#respond\"]}],\"copyrightYear\":\"2026\",\"copyrightHolder\":{\"@id\":\"https:\/\/queonnda.com\/#organization\"}},{\"@type\":\"WebPage\",\"@id\":\"https:\/\/queonnda.com\/en\/mexican-national-team-maintains-training-camp-in-queretaro-despite-climate-of-insecurity\/\",\"url\":\"https:\/\/queonnda.com\/en\/mexican-national-team-maintains-training-camp-in-queretaro-despite-climate-of-insecurity\/\",\"name\":\"Mexican National Team Quer\u00e9taro concentration\",\"isPartOf\":{\"@id\":\"https:\/\/queonnda.com\/#website\"},\"primaryImageOfPage\":{\"@id\":\"https:\/\/queonnda.com\/en\/mexican-national-team-maintains-training-camp-in-queretaro-despite-climate-of-insecurity\/#primaryimage\"},\"image\":{\"@id\":\"https:\/\/queonnda.com\/en\/mexican-national-team-maintains-training-camp-in-queretaro-despite-climate-of-insecurity\/#primaryimage\"},\"thumbnailUrl\":\"https:\/\/queonnda.com\/wp-content\/uploads\/2026\/02\/SEL-MEX-OK-2.jpg\",\"datePublished\":\"2026-02-23T18:45:31+00:00\",\"dateModified\":\"2026-02-23T18:56:58+00:00\",\"description\":\"Mexican National Team confirms concentration in Quer\u00e9taro for the friendly match against Iceland. Find out what's happening and what fans should know.\",\"breadcrumb\":{\"@id\":\"https:\/\/queonnda.com\/en\/mexican-national-team-maintains-training-camp-in-queretaro-despite-climate-of-insecurity\/#breadcrumb\"},\"inLanguage\":\"en-US\",\"potentialAction\":[{\"@type\":\"ReadAction\",\"target\":[\"https:\/\/queonnda.com\/en\/mexican-national-team-maintains-training-camp-in-queretaro-despite-climate-of-insecurity\/\"]}]},{\"@type\":\"ImageObject\",\"inLanguage\":\"en-US\",\"@id\":\"https:\/\/queonnda.com\/en\/mexican-national-team-maintains-training-camp-in-queretaro-despite-climate-of-insecurity\/#primaryimage\",\"url\":\"https:\/\/queonnda.com\/wp-content\/uploads\/2026\/02\/SEL-MEX-OK-2.jpg\",\"contentUrl\":\"https:\/\/queonnda.com\/wp-content\/uploads\/2026\/02\/SEL-MEX-OK-2.jpg\",\"width\":1200,\"height\":800,\"caption\":\"PHOTO: EFE\"},{\"@type\":\"BreadcrumbList\",\"@id\":\"https:\/\/queonnda.com\/en\/mexican-national-team-maintains-training-camp-in-queretaro-despite-climate-of-insecurity\/#breadcrumb\",\"itemListElement\":[{\"@type\":\"ListItem\",\"position\":1,\"name\":\"Home\",\"item\":\"https:\/\/queonnda.com\/en\/\"},{\"@type\":\"ListItem\",\"position\":2,\"name\":\"Mexican National Team maintains training camp in Queretaro despite climate of insecurity\"}]},{\"@type\":\"WebSite\",\"@id\":\"https:\/\/queonnda.com\/#website\",\"url\":\"https:\/\/queonnda.com\/\",\"name\":\"QueOnnda\",\"description\":\"Plataforma audio-digital sin precedentes que revolucionar\u00e1 la forma en que las audiencias latinas interact\u00faan con los medios\",\"publisher\":{\"@id\":\"https:\/\/queonnda.com\/#organization\"},\"potentialAction\":[{\"@type\":\"SearchAction\",\"target\":{\"@type\":\"EntryPoint\",\"urlTemplate\":\"https:\/\/queonnda.com\/?s={search_term_string}\"},\"query-input\":{\"@type\":\"PropertyValueSpecification\",\"valueRequired\":true,\"valueName\":\"search_term_string\"}}],\"inLanguage\":\"en-US\"},{\"@type\":\"Organization\",\"@id\":\"https:\/\/queonnda.com\/#organization\",\"name\":\"QueOnnda\",\"url\":\"https:\/\/queonnda.com\/\",\"logo\":{\"@type\":\"ImageObject\",\"inLanguage\":\"en-US\",\"@id\":\"https:\/\/queonnda.com\/#\/schema\/logo\/image\/\",\"url\":\"https:\/\/queonnda.com\/wp-content\/uploads\/2025\/03\/Logo_QueOnnda_Color.svg\",\"contentUrl\":\"https:\/\/queonnda.com\/wp-content\/uploads\/2025\/03\/Logo_QueOnnda_Color.svg\",\"width\":651,\"height\":103,\"caption\":\"QueOnnda\"},\"image\":{\"@id\":\"https:\/\/queonnda.com\/#\/schema\/logo\/image\/\"},\"sameAs\":[\"https:\/\/web.facebook.com\/queonnda.nueva\",\"https:\/\/www.instagram.com\/queonnda.nueva\/\",\"https:\/\/www.youtube.com\/@queonnda\",\"https:\/\/tiktok.com\/@queonnda.nueva\"]},{\"@type\":\"Person\",\"@id\":\"https:\/\/queonnda.com\/#\/schema\/person\/2dd88b557c5dfd5b6f2f479f993ad35b\",\"name\":\"Carlos Rodr\u00edguez\",\"sameAs\":[\"https:\/\/www.facebook.com\/carlosfernando.rodriguezaguilera\/\",\"https:\/\/www.instagram.com\/rodriguezaguilera11\/\"],\"url\":\"https:\/\/queonnda.com\/en\/author\/carlos-rodriguez\/\"}]}<\/script>\n<!-- \/ Yoast SEO Premium plugin. -->","yoast_head_json":{"title":"Mexican National Team Quer\u00e9taro concentration","description":"Mexican National Team confirms concentration in Quer\u00e9taro for the friendly match against Iceland. Find out what's happening and what fans should know.","robots":{"index":"index","follow":"follow","max-snippet":"max-snippet:-1","max-image-preview":"max-image-preview:large","max-video-preview":"max-video-preview:-1"},"canonical":"https:\/\/queonnda.com\/en\/mexican-national-team-maintains-training-camp-in-queretaro-despite-climate-of-insecurity\/","og_locale":"en_US","og_type":"article","og_title":"Mexican National Team maintains training camp in Queretaro despite climate of insecurity","og_description":"Mexican National Team confirms concentration in Quer\u00e9taro for the friendly match against Iceland. Find out what's happening and what fans should know.","og_url":"https:\/\/queonnda.com\/en\/mexican-national-team-maintains-training-camp-in-queretaro-despite-climate-of-insecurity\/","og_site_name":"QueOnnda","article_publisher":"https:\/\/web.facebook.com\/queonnda.nueva","article_author":"https:\/\/www.facebook.com\/carlosfernando.rodriguezaguilera\/","article_published_time":"2026-02-23T18:45:31+00:00","article_modified_time":"2026-02-23T18:56:58+00:00","og_image":[{"width":1200,"height":800,"url":"https:\/\/queonnda.com\/wp-content\/uploads\/2026\/02\/SEL-MEX-OK-2.jpg","type":"image\/jpeg"}],"author":"Carlos Rodr\u00edguez","twitter_card":"summary_large_image","twitter_misc":{"Written by":"Carlos Rodr\u00edguez","Est. reading time":"3 minutes"},"schema":{"@context":"https:\/\/schema.org","@graph":[{"@type":"Article","@id":"https:\/\/queonnda.com\/en\/mexican-national-team-maintains-training-camp-in-queretaro-despite-climate-of-insecurity\/#article","isPartOf":{"@id":"https:\/\/queonnda.com\/en\/mexican-national-team-maintains-training-camp-in-queretaro-despite-climate-of-insecurity\/"},"author":{"name":"Carlos Rodr\u00edguez","@id":"https:\/\/queonnda.com\/#\/schema\/person\/2dd88b557c5dfd5b6f2f479f993ad35b"},"headline":"Mexican National Team maintains training camp in Queretaro despite climate of insecurity","datePublished":"2026-02-23T18:45:31+00:00","dateModified":"2026-02-23T18:56:58+00:00","mainEntityOfPage":{"@id":"https:\/\/queonnda.com\/en\/mexican-national-team-maintains-training-camp-in-queretaro-despite-climate-of-insecurity\/"},"wordCount":378,"commentCount":0,"publisher":{"@id":"https:\/\/queonnda.com\/#organization"},"image":{"@id":"https:\/\/queonnda.com\/en\/mexican-national-team-maintains-training-camp-in-queretaro-despite-climate-of-insecurity\/#primaryimage"},"thumbnailUrl":"https:\/\/queonnda.com\/wp-content\/uploads\/2026\/02\/SEL-MEX-OK-2.jpg","keywords":["Deportes","mexico","Soccer"],"articleSection":["Soccer","Sports"],"inLanguage":"en-US","potentialAction":[{"@type":"CommentAction","name":"Comment","target":["https:\/\/queonnda.com\/en\/mexican-national-team-maintains-training-camp-in-queretaro-despite-climate-of-insecurity\/#respond"]}],"copyrightYear":"2026","copyrightHolder":{"@id":"https:\/\/queonnda.com\/#organization"}},{"@type":"WebPage","@id":"https:\/\/queonnda.com\/en\/mexican-national-team-maintains-training-camp-in-queretaro-despite-climate-of-insecurity\/","url":"https:\/\/queonnda.com\/en\/mexican-national-team-maintains-training-camp-in-queretaro-despite-climate-of-insecurity\/","name":"Mexican National Team Quer\u00e9taro concentration","isPartOf":{"@id":"https:\/\/queonnda.com\/#website"},"primaryImageOfPage":{"@id":"https:\/\/queonnda.com\/en\/mexican-national-team-maintains-training-camp-in-queretaro-despite-climate-of-insecurity\/#primaryimage"},"image":{"@id":"https:\/\/queonnda.com\/en\/mexican-national-team-maintains-training-camp-in-queretaro-despite-climate-of-insecurity\/#primaryimage"},"thumbnailUrl":"https:\/\/queonnda.com\/wp-content\/uploads\/2026\/02\/SEL-MEX-OK-2.jpg","datePublished":"2026-02-23T18:45:31+00:00","dateModified":"2026-02-23T18:56:58+00:00","description":"Mexican National Team confirms concentration in Quer\u00e9taro for the friendly match against Iceland. Find out what's happening and what fans should know.","breadcrumb":{"@id":"https:\/\/queonnda.com\/en\/mexican-national-team-maintains-training-camp-in-queretaro-despite-climate-of-insecurity\/#breadcrumb"},"inLanguage":"en-US","potentialAction":[{"@type":"ReadAction","target":["https:\/\/queonnda.com\/en\/mexican-national-team-maintains-training-camp-in-queretaro-despite-climate-of-insecurity\/"]}]},{"@type":"ImageObject","inLanguage":"en-US","@id":"https:\/\/queonnda.com\/en\/mexican-national-team-maintains-training-camp-in-queretaro-despite-climate-of-insecurity\/#primaryimage","url":"https:\/\/queonnda.com\/wp-content\/uploads\/2026\/02\/SEL-MEX-OK-2.jpg","contentUrl":"https:\/\/queonnda.com\/wp-content\/uploads\/2026\/02\/SEL-MEX-OK-2.jpg","width":1200,"height":800,"caption":"PHOTO: EFE"},{"@type":"BreadcrumbList","@id":"https:\/\/queonnda.com\/en\/mexican-national-team-maintains-training-camp-in-queretaro-despite-climate-of-insecurity\/#breadcrumb","itemListElement":[{"@type":"ListItem","position":1,"name":"Home","item":"https:\/\/queonnda.com\/en\/"},{"@type":"ListItem","position":2,"name":"Mexican National Team maintains training camp in Queretaro despite climate of insecurity"}]},{"@type":"WebSite","@id":"https:\/\/queonnda.com\/#website","url":"https:\/\/queonnda.com\/","name":"QueOnnda","description":"Plataforma audio-digital sin precedentes que revolucionar\u00e1 la forma en que las audiencias latinas interact\u00faan con los medios","publisher":{"@id":"https:\/\/queonnda.com\/#organization"},"potentialAction":[{"@type":"SearchAction","target":{"@type":"EntryPoint","urlTemplate":"https:\/\/queonnda.com\/?s={search_term_string}"},"query-input":{"@type":"PropertyValueSpecification","valueRequired":true,"valueName":"search_term_string"}}],"inLanguage":"en-US"},{"@type":"Organization","@id":"https:\/\/queonnda.com\/#organization","name":"QueOnnda","url":"https:\/\/queonnda.com\/","logo":{"@type":"ImageObject","inLanguage":"en-US","@id":"https:\/\/queonnda.com\/#\/schema\/logo\/image\/","url":"https:\/\/queonnda.com\/wp-content\/uploads\/2025\/03\/Logo_QueOnnda_Color.svg","contentUrl":"https:\/\/queonnda.com\/wp-content\/uploads\/2025\/03\/Logo_QueOnnda_Color.svg","width":651,"height":103,"caption":"QueOnnda"},"image":{"@id":"https:\/\/queonnda.com\/#\/schema\/logo\/image\/"},"sameAs":["https:\/\/web.facebook.com\/queonnda.nueva","https:\/\/www.instagram.com\/queonnda.nueva\/","https:\/\/www.youtube.com\/@queonnda","https:\/\/tiktok.com\/@queonnda.nueva"]},{"@type":"Person","@id":"https:\/\/queonnda.com\/#\/schema\/person\/2dd88b557c5dfd5b6f2f479f993ad35b","name":"Carlos Rodr\u00edguez","sameAs":["https:\/\/www.facebook.com\/carlosfernando.rodriguezaguilera\/","https:\/\/www.instagram.com\/rodriguezaguilera11\/"],"url":"https:\/\/queonnda.com\/en\/author\/carlos-rodriguez\/"}]}},"_links":{"self":[{"href":"https:\/\/queonnda.com\/en\/wp-json\/wp\/v2\/posts\/146777","targetHints":{"allow":["GET"]}}],"collection":[{"href":"https:\/\/queonnda.com\/en\/wp-json\/wp\/v2\/posts"}],"about":[{"href":"https:\/\/queonnda.com\/en\/wp-json\/wp\/v2\/types\/post"}],"author":[{"embeddable":true,"href":"https:\/\/queonnda.com\/en\/wp-json\/wp\/v2\/users\/8"}],"replies":[{"embeddable":true,"href":"https:\/\/queonnda.com\/en\/wp-json\/wp\/v2\/comments?post=146777"}],"version-history":[{"count":0,"href":"https:\/\/queonnda.com\/en\/wp-json\/wp\/v2\/posts\/146777\/revisions"}],"wp:featuredmedia":[{"embeddable":true,"href":"https:\/\/queonnda.com\/en\/wp-json\/wp\/v2\/media\/146776"}],"wp:attachment":[{"href":"https:\/\/queonnda.com\/en\/wp-json\/wp\/v2\/media?parent=146777"}],"wp:term":[{"taxonomy":"category","embeddable":true,"href":"https:\/\/queonnda.com\/en\/wp-json\/wp\/v2\/categories?post=146777"},{"taxonomy":"post_tag","embeddable":true,"href":"https:\/\/queonnda.com\/en\/wp-json\/wp\/v2\/tags?post=146777"}],"curies":[{"name":"wp","href":"https:\/\/api.w.org\/{rel}","templated":true}]}}