{"id":147743,"date":"2026-02-25T17:49:35","date_gmt":"2026-02-25T22:49:35","guid":{"rendered":"https:\/\/queonnda.com\/fear-for-shakiras-safety-this-weekend-at-zocalo-show\/"},"modified":"2026-02-25T17:49:35","modified_gmt":"2026-02-25T22:49:35","slug":"fear-for-shakiras-safety-this-weekend-at-zocalo-show","status":"publish","type":"post","link":"https:\/\/queonnda.com\/en\/fear-for-shakiras-safety-this-weekend-at-zocalo-show\/","title":{"rendered":"Fear for Shakira&#8217;s safety this weekend at Z\u00f3calo show?"},"content":{"rendered":"<p>The Government of Mexico City enlisted an operation with about 6,500 people from various agencies to ensure security and &#8220;efficient attention&#8221; to those attending the free concert of Colombian singer Shakira, scheduled for Sunday, March 1 in the capital&#8217;s <a href=\"https:\/\/queonnda.com\/en\/shakira-will-offer-a-completely-free-show-in-mexicos-zocalo\/\" target=\"_blank\" rel=\"noopener\">Z\u00f3calo<\/a>.<\/p>\n<p>In a press conference, Clara Brugada, head of the Mexican capital&#8217;s government, said that this is a &#8220;very important&#8221; event, and also stated that conditions exist for this public concert to be held, following the military operation in Jalisco and subsequent violent demonstrations triggered by the death of the leader of the Jalisco Cartel &#8211; New Generation, Nemesio Oseguera, alias El Mencho, which have cancelled other mass events.<\/p>\n<p>The operation will involve, among others, the Secretariats of Government, Citizen Security, Citizen Attention and Participation, Health, Culture and Civil Protection, as well as the Mexico City Attorney General&#8217;s Office, Locatel and the Command, Control, Computing, Communications and Citizen Contact Center (C5), according to the chief of the capital.<\/p>\n<figure id=\"attachment_147737\" aria-describedby=\"caption-attachment-147737\" style=\"width: 1200px\" class=\"wp-caption alignnone\"><img loading=\"lazy\" loading=\"lazy\" decoding=\"async\" class=\"wp-image-147737 size-full\" src=\"https:\/\/queonnda.com\/wp-content\/uploads\/2026\/02\/Captura-de-pantalla-2026-02-25-a-las-16.46.16.jpg\" alt=\"Shakira show Z\u00f3calo, music\" width=\"1200\" height=\"1217\"><figcaption id=\"caption-attachment-147737\" class=\"wp-caption-text\">PHOTO: &#8216;X&#8217;.<\/figcaption><\/figure>\n<p>&#8220;We know that the population is enthusiastic. We are preparing very well so that the Z\u00f3calo is not saturated, that the population knows that along at least three avenues, the main ones (&#8230;) We are organizing ourselves well so that Shakira&#8217;s concert can be enjoyed,&#8221; said the head of the capital.<\/p>\n<h2>Is Shakira at risk for show in Mexico&#8217;s Z\u00f3calo?<\/h2>\n<p>Brugada explained that the concert will be brought closer to the public with the support of screens and audio on main avenues leading to the Z\u00f3calo, such as 20 de Noviembre, Pino Su\u00e1rez and 5 de Mayo, in addition to a display on Avenida Ju\u00e1rez, from the Alameda Central to the Monumento a la Revoluci\u00f3n.<\/p>\n<p>As part of the mobility measures, the governor informed that Metro lines 1, 2 and 9 will extend their service until 1:00 a.m. to facilitate the safe return of attendees to their destinations.<\/p>\n<p>Likewise, the Electric Transportation Service (STE) informed that it will also extend its service schedule on line 1 &#8220;Eje Central&#8221; Zero Emissions Corridor, line 2 &#8220;Chapultepec-CETRAM Pantitl\u00e1n&#8221; and line 5 &#8220;San Felipe de Jes\u00fas-Hidalgo&#8221; of the trolleybus network until 01:00 hours on Monday, March 2 to facilitate the mobility and transportation of people attending the musical event.<\/p>\n<figure id=\"attachment_147738\" aria-describedby=\"caption-attachment-147738\" style=\"width: 1200px\" class=\"wp-caption alignnone\"><img loading=\"lazy\" loading=\"lazy\" decoding=\"async\" class=\"wp-image-147738 size-full\" src=\"https:\/\/queonnda.com\/wp-content\/uploads\/2026\/02\/Captura-de-pantalla-2026-02-25-a-las-16.46.38.jpg\" alt=\"Shakira show Z\u00f3calo, music\" width=\"1200\" height=\"882\"><figcaption id=\"caption-attachment-147738\" class=\"wp-caption-text\">PHOTO: &#8216;X&#8217;.<\/figcaption><\/figure>\n<p>Argel G\u00f3mez Concheiro, head of Great Community Festivals, explained that 24 screens with audio will be installed at the defined points, in addition to 12 modules of Citizen Attention, Health and Locatel.<\/p>\n<p>G\u00f3mez Concheiro called on families with minors to opt for the giant screens in the Alameda Central and the Monumento a la Revoluci\u00f3n, and recommended avoiding bulky bags and items such as sharp objects, coolers, alcoholic beverages, aerosols, glass containers and chairs, reported Agencia EFE.<\/p>\n<p>Find out more at<a href=\"http:\/\/queonnda.com\/en\/\" target=\"_blank\" rel=\"noopener\"> &#8216;QueOnnda.com&#8217;.<\/a><\/p>\n","protected":false},"excerpt":{"rendered":"<p>The Government of Mexico City enlisted an operation with about 6,500 people from various agencies to ensure security and &#8220;efficient attention&#8221; to those attending the free concert of Colombian singer Shakira, scheduled for Sunday, March 1 in the capital&#8217;s Z\u00f3calo. In a press conference, Clara Brugada, head of the Mexican capital&#8217;s government, said that this [&hellip;]<\/p>\n","protected":false},"author":6,"featured_media":147742,"comment_status":"open","ping_status":"open","sticky":false,"template":"","format":"standard","meta":{"inline_featured_image":false,"footnotes":""},"categories":[55,73],"tags":[798,784,787],"class_list":{"0":"post-147743","1":"post","2":"type-post","3":"status-publish","4":"format-standard","5":"has-post-thumbnail","7":"category-entertainment","8":"category-famous","9":"tag-entretenimiento-en","10":"tag-famosos-en","11":"tag-musica-en"},"yoast_head":"<!-- This site is optimized with the Yoast SEO Premium plugin v27.0 (Yoast SEO v27.2) - https:\/\/yoast.com\/product\/yoast-seo-premium-wordpress\/ -->\n<title>Shakira show Z\u00f3calo fear for insecurity in the country<\/title>\n<meta name=\"description\" content=\"Latin queen Shakira to give free concert in Mexico City&#039;s Z\u00f3calo this week; fear for her safety?\" \/>\n<meta name=\"robots\" content=\"index, follow, max-snippet:-1, max-image-preview:large, max-video-preview:-1\" \/>\n<link rel=\"canonical\" href=\"https:\/\/queonnda.com\/en\/fear-for-shakiras-safety-this-weekend-at-zocalo-show\/\" \/>\n<meta property=\"og:locale\" content=\"en_US\" \/>\n<meta property=\"og:type\" content=\"article\" \/>\n<meta property=\"og:title\" content=\"Fear for Shakira&#039;s safety this weekend at Z\u00f3calo show?\" \/>\n<meta property=\"og:description\" content=\"Latin queen Shakira to give free concert in Mexico City&#039;s Z\u00f3calo this week; fear for her safety?\" \/>\n<meta property=\"og:url\" content=\"https:\/\/queonnda.com\/en\/fear-for-shakiras-safety-this-weekend-at-zocalo-show\/\" \/>\n<meta property=\"og:site_name\" content=\"QueOnnda\" \/>\n<meta property=\"article:publisher\" content=\"https:\/\/web.facebook.com\/queonnda.nueva\" \/>\n<meta property=\"article:published_time\" content=\"2026-02-25T22:49:35+00:00\" \/>\n<meta property=\"og:image\" content=\"https:\/\/queonnda.com\/wp-content\/uploads\/2026\/02\/12852-shakirahardrockstadiummia03.jpg\" \/>\n\t<meta property=\"og:image:width\" content=\"1200\" \/>\n\t<meta property=\"og:image:height\" content=\"804\" \/>\n\t<meta property=\"og:image:type\" content=\"image\/jpeg\" \/>\n<meta name=\"author\" content=\"Israel Castillo\" \/>\n<meta name=\"twitter:card\" content=\"summary_large_image\" \/>\n<meta name=\"twitter:label1\" content=\"Written by\" \/>\n\t<meta name=\"twitter:data1\" content=\"Israel Castillo\" \/>\n\t<meta name=\"twitter:label2\" content=\"Est. reading time\" \/>\n\t<meta name=\"twitter:data2\" content=\"2 minutes\" \/>\n<script type=\"application\/ld+json\" class=\"yoast-schema-graph\">{\"@context\":\"https:\/\/schema.org\",\"@graph\":[{\"@type\":\"Article\",\"@id\":\"https:\/\/queonnda.com\/en\/fear-for-shakiras-safety-this-weekend-at-zocalo-show\/#article\",\"isPartOf\":{\"@id\":\"https:\/\/queonnda.com\/en\/fear-for-shakiras-safety-this-weekend-at-zocalo-show\/\"},\"author\":{\"name\":\"Israel Castillo\",\"@id\":\"https:\/\/queonnda.com\/#\/schema\/person\/ba7226ec14bada54bbd8f989eccc817e\"},\"headline\":\"Fear for Shakira&#8217;s safety this weekend at Z\u00f3calo show?\",\"datePublished\":\"2026-02-25T22:49:35+00:00\",\"mainEntityOfPage\":{\"@id\":\"https:\/\/queonnda.com\/en\/fear-for-shakiras-safety-this-weekend-at-zocalo-show\/\"},\"wordCount\":476,\"commentCount\":0,\"publisher\":{\"@id\":\"https:\/\/queonnda.com\/#organization\"},\"image\":{\"@id\":\"https:\/\/queonnda.com\/en\/fear-for-shakiras-safety-this-weekend-at-zocalo-show\/#primaryimage\"},\"thumbnailUrl\":\"https:\/\/queonnda.com\/wp-content\/uploads\/2026\/02\/12852-shakirahardrockstadiummia03.jpg\",\"keywords\":[\"entretenimiento\",\"famosos\",\"m\u00fasica\"],\"articleSection\":[\"Entertainment\",\"Famous\"],\"inLanguage\":\"en-US\",\"potentialAction\":[{\"@type\":\"CommentAction\",\"name\":\"Comment\",\"target\":[\"https:\/\/queonnda.com\/en\/fear-for-shakiras-safety-this-weekend-at-zocalo-show\/#respond\"]}],\"copyrightYear\":\"2026\",\"copyrightHolder\":{\"@id\":\"https:\/\/queonnda.com\/#organization\"}},{\"@type\":\"WebPage\",\"@id\":\"https:\/\/queonnda.com\/en\/fear-for-shakiras-safety-this-weekend-at-zocalo-show\/\",\"url\":\"https:\/\/queonnda.com\/en\/fear-for-shakiras-safety-this-weekend-at-zocalo-show\/\",\"name\":\"Shakira show Z\u00f3calo fear for insecurity in the country\",\"isPartOf\":{\"@id\":\"https:\/\/queonnda.com\/#website\"},\"primaryImageOfPage\":{\"@id\":\"https:\/\/queonnda.com\/en\/fear-for-shakiras-safety-this-weekend-at-zocalo-show\/#primaryimage\"},\"image\":{\"@id\":\"https:\/\/queonnda.com\/en\/fear-for-shakiras-safety-this-weekend-at-zocalo-show\/#primaryimage\"},\"thumbnailUrl\":\"https:\/\/queonnda.com\/wp-content\/uploads\/2026\/02\/12852-shakirahardrockstadiummia03.jpg\",\"datePublished\":\"2026-02-25T22:49:35+00:00\",\"description\":\"Latin queen Shakira to give free concert in Mexico City's Z\u00f3calo this week; fear for her safety?\",\"breadcrumb\":{\"@id\":\"https:\/\/queonnda.com\/en\/fear-for-shakiras-safety-this-weekend-at-zocalo-show\/#breadcrumb\"},\"inLanguage\":\"en-US\",\"potentialAction\":[{\"@type\":\"ReadAction\",\"target\":[\"https:\/\/queonnda.com\/en\/fear-for-shakiras-safety-this-weekend-at-zocalo-show\/\"]}]},{\"@type\":\"ImageObject\",\"inLanguage\":\"en-US\",\"@id\":\"https:\/\/queonnda.com\/en\/fear-for-shakiras-safety-this-weekend-at-zocalo-show\/#primaryimage\",\"url\":\"https:\/\/queonnda.com\/wp-content\/uploads\/2026\/02\/12852-shakirahardrockstadiummia03.jpg\",\"contentUrl\":\"https:\/\/queonnda.com\/wp-content\/uploads\/2026\/02\/12852-shakirahardrockstadiummia03.jpg\",\"width\":1200,\"height\":804,\"caption\":\"PHOTO: Mezcalent\"},{\"@type\":\"BreadcrumbList\",\"@id\":\"https:\/\/queonnda.com\/en\/fear-for-shakiras-safety-this-weekend-at-zocalo-show\/#breadcrumb\",\"itemListElement\":[{\"@type\":\"ListItem\",\"position\":1,\"name\":\"Home\",\"item\":\"https:\/\/queonnda.com\/en\/\"},{\"@type\":\"ListItem\",\"position\":2,\"name\":\"Fear for Shakira&#8217;s safety this weekend at Z\u00f3calo show?\"}]},{\"@type\":\"WebSite\",\"@id\":\"https:\/\/queonnda.com\/#website\",\"url\":\"https:\/\/queonnda.com\/\",\"name\":\"QueOnnda\",\"description\":\"Plataforma audio-digital sin precedentes que revolucionar\u00e1 la forma en que las audiencias latinas interact\u00faan con los medios\",\"publisher\":{\"@id\":\"https:\/\/queonnda.com\/#organization\"},\"potentialAction\":[{\"@type\":\"SearchAction\",\"target\":{\"@type\":\"EntryPoint\",\"urlTemplate\":\"https:\/\/queonnda.com\/?s={search_term_string}\"},\"query-input\":{\"@type\":\"PropertyValueSpecification\",\"valueRequired\":true,\"valueName\":\"search_term_string\"}}],\"inLanguage\":\"en-US\"},{\"@type\":\"Organization\",\"@id\":\"https:\/\/queonnda.com\/#organization\",\"name\":\"QueOnnda\",\"url\":\"https:\/\/queonnda.com\/\",\"logo\":{\"@type\":\"ImageObject\",\"inLanguage\":\"en-US\",\"@id\":\"https:\/\/queonnda.com\/#\/schema\/logo\/image\/\",\"url\":\"https:\/\/queonnda.com\/wp-content\/uploads\/2025\/03\/Logo_QueOnnda_Color.svg\",\"contentUrl\":\"https:\/\/queonnda.com\/wp-content\/uploads\/2025\/03\/Logo_QueOnnda_Color.svg\",\"width\":651,\"height\":103,\"caption\":\"QueOnnda\"},\"image\":{\"@id\":\"https:\/\/queonnda.com\/#\/schema\/logo\/image\/\"},\"sameAs\":[\"https:\/\/web.facebook.com\/queonnda.nueva\",\"https:\/\/www.instagram.com\/queonnda.nueva\/\",\"https:\/\/www.youtube.com\/@queonnda\",\"https:\/\/tiktok.com\/@queonnda.nueva\"]},{\"@type\":\"Person\",\"@id\":\"https:\/\/queonnda.com\/#\/schema\/person\/ba7226ec14bada54bbd8f989eccc817e\",\"name\":\"Israel Castillo\",\"sameAs\":[\"https:\/\/queonnda.com\"],\"url\":\"https:\/\/queonnda.com\/en\/author\/israel\/\"}]}<\/script>\n<!-- \/ Yoast SEO Premium plugin. -->","yoast_head_json":{"title":"Shakira show Z\u00f3calo fear for insecurity in the country","description":"Latin queen Shakira to give free concert in Mexico City's Z\u00f3calo this week; fear for her safety?","robots":{"index":"index","follow":"follow","max-snippet":"max-snippet:-1","max-image-preview":"max-image-preview:large","max-video-preview":"max-video-preview:-1"},"canonical":"https:\/\/queonnda.com\/en\/fear-for-shakiras-safety-this-weekend-at-zocalo-show\/","og_locale":"en_US","og_type":"article","og_title":"Fear for Shakira's safety this weekend at Z\u00f3calo show?","og_description":"Latin queen Shakira to give free concert in Mexico City's Z\u00f3calo this week; fear for her safety?","og_url":"https:\/\/queonnda.com\/en\/fear-for-shakiras-safety-this-weekend-at-zocalo-show\/","og_site_name":"QueOnnda","article_publisher":"https:\/\/web.facebook.com\/queonnda.nueva","article_published_time":"2026-02-25T22:49:35+00:00","og_image":[{"width":1200,"height":804,"url":"https:\/\/queonnda.com\/wp-content\/uploads\/2026\/02\/12852-shakirahardrockstadiummia03.jpg","type":"image\/jpeg"}],"author":"Israel Castillo","twitter_card":"summary_large_image","twitter_misc":{"Written by":"Israel Castillo","Est. reading time":"2 minutes"},"schema":{"@context":"https:\/\/schema.org","@graph":[{"@type":"Article","@id":"https:\/\/queonnda.com\/en\/fear-for-shakiras-safety-this-weekend-at-zocalo-show\/#article","isPartOf":{"@id":"https:\/\/queonnda.com\/en\/fear-for-shakiras-safety-this-weekend-at-zocalo-show\/"},"author":{"name":"Israel Castillo","@id":"https:\/\/queonnda.com\/#\/schema\/person\/ba7226ec14bada54bbd8f989eccc817e"},"headline":"Fear for Shakira&#8217;s safety this weekend at Z\u00f3calo show?","datePublished":"2026-02-25T22:49:35+00:00","mainEntityOfPage":{"@id":"https:\/\/queonnda.com\/en\/fear-for-shakiras-safety-this-weekend-at-zocalo-show\/"},"wordCount":476,"commentCount":0,"publisher":{"@id":"https:\/\/queonnda.com\/#organization"},"image":{"@id":"https:\/\/queonnda.com\/en\/fear-for-shakiras-safety-this-weekend-at-zocalo-show\/#primaryimage"},"thumbnailUrl":"https:\/\/queonnda.com\/wp-content\/uploads\/2026\/02\/12852-shakirahardrockstadiummia03.jpg","keywords":["entretenimiento","famosos","m\u00fasica"],"articleSection":["Entertainment","Famous"],"inLanguage":"en-US","potentialAction":[{"@type":"CommentAction","name":"Comment","target":["https:\/\/queonnda.com\/en\/fear-for-shakiras-safety-this-weekend-at-zocalo-show\/#respond"]}],"copyrightYear":"2026","copyrightHolder":{"@id":"https:\/\/queonnda.com\/#organization"}},{"@type":"WebPage","@id":"https:\/\/queonnda.com\/en\/fear-for-shakiras-safety-this-weekend-at-zocalo-show\/","url":"https:\/\/queonnda.com\/en\/fear-for-shakiras-safety-this-weekend-at-zocalo-show\/","name":"Shakira show Z\u00f3calo fear for insecurity in the country","isPartOf":{"@id":"https:\/\/queonnda.com\/#website"},"primaryImageOfPage":{"@id":"https:\/\/queonnda.com\/en\/fear-for-shakiras-safety-this-weekend-at-zocalo-show\/#primaryimage"},"image":{"@id":"https:\/\/queonnda.com\/en\/fear-for-shakiras-safety-this-weekend-at-zocalo-show\/#primaryimage"},"thumbnailUrl":"https:\/\/queonnda.com\/wp-content\/uploads\/2026\/02\/12852-shakirahardrockstadiummia03.jpg","datePublished":"2026-02-25T22:49:35+00:00","description":"Latin queen Shakira to give free concert in Mexico City's Z\u00f3calo this week; fear for her safety?","breadcrumb":{"@id":"https:\/\/queonnda.com\/en\/fear-for-shakiras-safety-this-weekend-at-zocalo-show\/#breadcrumb"},"inLanguage":"en-US","potentialAction":[{"@type":"ReadAction","target":["https:\/\/queonnda.com\/en\/fear-for-shakiras-safety-this-weekend-at-zocalo-show\/"]}]},{"@type":"ImageObject","inLanguage":"en-US","@id":"https:\/\/queonnda.com\/en\/fear-for-shakiras-safety-this-weekend-at-zocalo-show\/#primaryimage","url":"https:\/\/queonnda.com\/wp-content\/uploads\/2026\/02\/12852-shakirahardrockstadiummia03.jpg","contentUrl":"https:\/\/queonnda.com\/wp-content\/uploads\/2026\/02\/12852-shakirahardrockstadiummia03.jpg","width":1200,"height":804,"caption":"PHOTO: Mezcalent"},{"@type":"BreadcrumbList","@id":"https:\/\/queonnda.com\/en\/fear-for-shakiras-safety-this-weekend-at-zocalo-show\/#breadcrumb","itemListElement":[{"@type":"ListItem","position":1,"name":"Home","item":"https:\/\/queonnda.com\/en\/"},{"@type":"ListItem","position":2,"name":"Fear for Shakira&#8217;s safety this weekend at Z\u00f3calo show?"}]},{"@type":"WebSite","@id":"https:\/\/queonnda.com\/#website","url":"https:\/\/queonnda.com\/","name":"QueOnnda","description":"Plataforma audio-digital sin precedentes que revolucionar\u00e1 la forma en que las audiencias latinas interact\u00faan con los medios","publisher":{"@id":"https:\/\/queonnda.com\/#organization"},"potentialAction":[{"@type":"SearchAction","target":{"@type":"EntryPoint","urlTemplate":"https:\/\/queonnda.com\/?s={search_term_string}"},"query-input":{"@type":"PropertyValueSpecification","valueRequired":true,"valueName":"search_term_string"}}],"inLanguage":"en-US"},{"@type":"Organization","@id":"https:\/\/queonnda.com\/#organization","name":"QueOnnda","url":"https:\/\/queonnda.com\/","logo":{"@type":"ImageObject","inLanguage":"en-US","@id":"https:\/\/queonnda.com\/#\/schema\/logo\/image\/","url":"https:\/\/queonnda.com\/wp-content\/uploads\/2025\/03\/Logo_QueOnnda_Color.svg","contentUrl":"https:\/\/queonnda.com\/wp-content\/uploads\/2025\/03\/Logo_QueOnnda_Color.svg","width":651,"height":103,"caption":"QueOnnda"},"image":{"@id":"https:\/\/queonnda.com\/#\/schema\/logo\/image\/"},"sameAs":["https:\/\/web.facebook.com\/queonnda.nueva","https:\/\/www.instagram.com\/queonnda.nueva\/","https:\/\/www.youtube.com\/@queonnda","https:\/\/tiktok.com\/@queonnda.nueva"]},{"@type":"Person","@id":"https:\/\/queonnda.com\/#\/schema\/person\/ba7226ec14bada54bbd8f989eccc817e","name":"Israel Castillo","sameAs":["https:\/\/queonnda.com"],"url":"https:\/\/queonnda.com\/en\/author\/israel\/"}]}},"_links":{"self":[{"href":"https:\/\/queonnda.com\/en\/wp-json\/wp\/v2\/posts\/147743","targetHints":{"allow":["GET"]}}],"collection":[{"href":"https:\/\/queonnda.com\/en\/wp-json\/wp\/v2\/posts"}],"about":[{"href":"https:\/\/queonnda.com\/en\/wp-json\/wp\/v2\/types\/post"}],"author":[{"embeddable":true,"href":"https:\/\/queonnda.com\/en\/wp-json\/wp\/v2\/users\/6"}],"replies":[{"embeddable":true,"href":"https:\/\/queonnda.com\/en\/wp-json\/wp\/v2\/comments?post=147743"}],"version-history":[{"count":0,"href":"https:\/\/queonnda.com\/en\/wp-json\/wp\/v2\/posts\/147743\/revisions"}],"wp:featuredmedia":[{"embeddable":true,"href":"https:\/\/queonnda.com\/en\/wp-json\/wp\/v2\/media\/147742"}],"wp:attachment":[{"href":"https:\/\/queonnda.com\/en\/wp-json\/wp\/v2\/media?parent=147743"}],"wp:term":[{"taxonomy":"category","embeddable":true,"href":"https:\/\/queonnda.com\/en\/wp-json\/wp\/v2\/categories?post=147743"},{"taxonomy":"post_tag","embeddable":true,"href":"https:\/\/queonnda.com\/en\/wp-json\/wp\/v2\/tags?post=147743"}],"curies":[{"name":"wp","href":"https:\/\/api.w.org\/{rel}","templated":true}]}}