{"id":15552,"date":"2025-03-13T18:29:15","date_gmt":"2025-03-13T18:29:15","guid":{"rendered":"https:\/\/queonnda.com\/the-announcement-everyone-was-waiting-for-maria-celeste-returns-to-tv\/"},"modified":"2025-03-13T18:43:28","modified_gmt":"2025-03-13T18:43:28","slug":"maria-celeste-returns-to-tv-announcement","status":"publish","type":"post","link":"https:\/\/queonnda.com\/en\/maria-celeste-returns-to-tv-announcement\/","title":{"rendered":"The News Everyone\u2019s Been Waiting For! Mar\u00eda Celeste Arrar\u00e1s Makes Her Big TV Comeback!"},"content":{"rendered":"<p>Mar\u00eda Celeste Arrar\u00e1s, one of Hispanic television&#8217;s most beloved and influential journalists, surprised her audience on Thursday, March 13 by announcing her long-awaited return to the small screen.<\/p>\n<p>Through a video posted on her <a href=\"https:\/\/www.instagram.com\/mariacelestearraras\/\" target=\"_blank\" rel=\"noopener\">Instagram<\/a> account, the renowned Puerto Rican journalist revealed that she will return to Univision, the network that was her first television home, although she cannot yet give more details about her new project.<\/p>\n<p><!--more--><\/p>\n<h2>Mar\u00eda Celeste &#8220;stronger than ever&#8221;<\/h2>\n<blockquote class=\"instagram-media\" style=\"background: #FFF; border: 0; border-radius: 3px; box-shadow: 0 0 1px 0 rgba(0,0,0,0.5),0 1px 10px 0 rgba(0,0,0,0.15); margin: 1px; max-width: 540px; min-width: 326px; padding: 0; width: calc(100% - 2px);\" data-instgrm-captioned=\"\" data-instgrm-permalink=\"https:\/\/www.instagram.com\/reel\/DHI3PtAxrvH\/?utm_source=ig_embed&amp;utm_campaign=loading\" data-instgrm-version=\"14\">\n<div style=\"padding: 16px;\">\n<p>&nbsp;<\/p>\n<div style=\"display: flex; flex-direction: row; align-items: center;\">\n<div style=\"background-color: #f4f4f4; border-radius: 50%; flex-grow: 0; height: 40px; margin-right: 14px; width: 40px;\"><\/div>\n<div style=\"display: flex; flex-direction: column; flex-grow: 1; justify-content: center;\">\n<div style=\"background-color: #f4f4f4; border-radius: 4px; flex-grow: 0; height: 14px; margin-bottom: 6px; width: 100px;\"><\/div>\n<div style=\"background-color: #f4f4f4; border-radius: 4px; flex-grow: 0; height: 14px; width: 60px;\"><\/div>\n<\/div>\n<\/div>\n<div style=\"padding: 19% 0;\"><\/div>\n<div style=\"display: block; height: 50px; margin: 0 auto 12px; width: 50px;\"><\/div>\n<div style=\"padding-top: 8px;\">\n<div style=\"color: #3897f0; font-family: Arial,sans-serif; font-size: 14px; font-style: normal; font-weight: 550; line-height: 18px;\">View this post on Instagram<\/div>\n<\/div>\n<div style=\"padding: 12.5% 0;\"><\/div>\n<div style=\"display: flex; flex-direction: row; margin-bottom: 14px; align-items: center;\">\n<div>\n<div style=\"background-color: #f4f4f4; border-radius: 50%; height: 12.5px; width: 12.5px; transform: translateX(0px) translateY(7px);\"><\/div>\n<div style=\"background-color: #f4f4f4; height: 12.5px; transform: rotate(-45deg) translateX(3px) translateY(1px); width: 12.5px; flex-grow: 0; margin-right: 14px; margin-left: 2px;\"><\/div>\n<div style=\"background-color: #f4f4f4; border-radius: 50%; height: 12.5px; width: 12.5px; transform: translateX(9px) translateY(-18px);\"><\/div>\n<\/div>\n<div style=\"margin-left: 8px;\">\n<div style=\"background-color: #f4f4f4; border-radius: 50%; flex-grow: 0; height: 20px; width: 20px;\"><\/div>\n<div style=\"width: 0; height: 0; border-top: 2px solid transparent; border-left: 6px solid #f4f4f4; border-bottom: 2px solid transparent; transform: translateX(16px) translateY(-4px) rotate(30deg);\"><\/div>\n<\/div>\n<div style=\"margin-left: auto;\">\n<div style=\"width: 0px; border-top: 8px solid #F4F4F4; border-right: 8px solid transparent; transform: translateY(16px);\"><\/div>\n<div style=\"background-color: #f4f4f4; flex-grow: 0; height: 12px; width: 16px; transform: translateY(-4px);\"><\/div>\n<div style=\"width: 0; height: 0; border-top: 8px solid #F4F4F4; border-left: 8px solid transparent; transform: translateY(-4px) translateX(8px);\"><\/div>\n<\/div>\n<\/div>\n<div style=\"display: flex; flex-direction: column; flex-grow: 1; justify-content: center; margin-bottom: 24px;\">\n<div style=\"background-color: #f4f4f4; border-radius: 4px; flex-grow: 0; height: 14px; margin-bottom: 6px; width: 224px;\"><\/div>\n<div style=\"background-color: #f4f4f4; border-radius: 4px; flex-grow: 0; height: 14px; width: 144px;\"><\/div>\n<\/div>\n<p>&nbsp;<\/p>\n<p style=\"color: #c9c8cd; font-family: Arial,sans-serif; font-size: 14px; line-height: 17px; margin-bottom: 0; margin-top: 8px; overflow: hidden; padding: 8px 0 7px; text-align: center; text-overflow: ellipsis; white-space: nowrap;\"><a style=\"color: #c9c8cd; font-family: Arial,sans-serif; font-size: 14px; font-style: normal; font-weight: normal; line-height: 17px; text-decoration: none;\" href=\"https:\/\/www.instagram.com\/reel\/DHI3PtAxrvH\/?utm_source=ig_embed&amp;utm_campaign=loading\" target=\"_blank\" rel=\"noopener\">A post shared by Maria Celeste (@mariacelestearraras)<\/a><\/p>\n<\/div>\n<\/blockquote>\n<p><script async=\"\" src=\"\/\/www.instagram.com\/embed.js\"><\/script><\/p>\n<p>&#8220;I want to share with you an announcement, a piece of news, that I know is going to be to the liking of many of you and I wanted to do it first through this medium so that it would be directly from me to you, as I have always done things,&#8221; said Mar\u00eda Celeste at the beginning of her video.<\/p>\n<p>&#8220;I announce that I will return to television, I will return to what was my first home: Univision, and I will return stronger than ever,&#8221; added the visibly excited anchorwoman.<\/p>\n<p>&#8220;I will give you details later, for now I can&#8217;t because this has just been finalized, but I wanted you to be the first to know,&#8221; concluded the communicator.<\/p>\n<h2>His surprise departure from Telemundo<\/h2>\n<figure id=\"attachment_15544\" aria-describedby=\"caption-attachment-15544\" style=\"width: 1200px\" class=\"wp-caption alignnone\"><img loading=\"lazy\" loading=\"lazy\" decoding=\"async\" class=\"size-full wp-image-15544\" src=\"https:\/\/queonnda.com\/wp-content\/uploads\/2025\/02\/maria-celeste-mezcalent-0001-1.jpg\" alt=\"Mar\u00eda Celeste returns to TV, Mar\u00eda Celeste, Univision, Television, Qu\u00e9Onnda\" width=\"1200\" height=\"804\" \/><figcaption id=\"caption-attachment-15544\" class=\"wp-caption-text\">Mar\u00eda Celeste returns to TV \/ PHOTO: Mezcalent<\/figcaption><\/figure>\n<p>The announcement of her return to television comes five years after her untimely departure from Telemundo.<\/p>\n<p>Mar\u00eda Celeste left many viewers in shock in 2020 when, after nearly two decades at the helm of Al Rojo Vivo, Telemundo announced her departure as part of a restructuring at the network.<\/p>\n<p>At that moment, the journalist used her social networks to say goodbye to her audience and thank her team and followers for their unconditional support.<\/p>\n<p>In a subsequent interview with <a href=\"https:\/\/peopleenespanol.com\/television\/maria-celeste-arraras-de-vuelta-telemundo-la-mesa-caliente\/\" target=\"_blank\" rel=\"noopener\">People en Espa\u00f1ol<\/a>, Arrar\u00e1s explained that she took her departure as an opportunity to reinvent herself and explore new formats outside of traditional television.<\/p>\n<h2>Her transition to the digital world<\/h2>\n<figure id=\"attachment_15546\" aria-describedby=\"caption-attachment-15546\" style=\"width: 1200px\" class=\"wp-caption alignnone\"><img loading=\"lazy\" loading=\"lazy\" decoding=\"async\" class=\"size-full wp-image-15546\" src=\"https:\/\/queonnda.com\/wp-content\/uploads\/2025\/02\/maria-celeste-mezcalent-0002-1.jpg\" alt=\"\" width=\"1200\" height=\"837\" \/><figcaption id=\"caption-attachment-15546\" class=\"wp-caption-text\">Mar\u00eda Celeste returns to TV \/ PHOTO: Mezcalent<\/figcaption><\/figure>\n<p>Far from moving away from journalism, Mar\u00eda Celeste took advantage of the boom in digital platforms to continue connecting with her audience.<\/p>\n<p>He created his own YouTube channel, where he has shared exclusive interviews, current affairs analysis and personal reflections, managing to remain relevant in an ever-changing media landscape.<\/p>\n<p>In addition, she launched her book El Poder de Tu Historia, where she recounts her professional and personal journey, inspiring thousands of people to overcome adversity and achieve their goals.<\/p>\n<h2>The impact of Mar\u00eda Celeste<\/h2>\n<figure id=\"attachment_15548\" aria-describedby=\"caption-attachment-15548\" style=\"width: 1200px\" class=\"wp-caption alignnone\"><img loading=\"lazy\" loading=\"lazy\" decoding=\"async\" class=\"size-full wp-image-15548\" src=\"https:\/\/queonnda.com\/wp-content\/uploads\/2025\/02\/maria-celeste-mezcalent-0002.jpg\" alt=\"\" width=\"1200\" height=\"801\" \/><figcaption id=\"caption-attachment-15548\" class=\"wp-caption-text\">Mar\u00eda Celeste returns to TV \/ PHOTO: Mezcalent<\/figcaption><\/figure>\n<p>Mar\u00eda Celeste has been a key figure for the Latino community in the U.S., addressing important issues such as immigration, human rights and international politics.<\/p>\n<p>Her direct and committed journalistic style made her one of the most trusted and admired voices in the Spanish-language news world.<\/p>\n<p>Her return to Univision marks a milestone in her career and generates great expectation among her audience, who look forward to seeing her back in a leading role in Hispanic television.<\/p>\n<p>Although details about her new project at Univision have not yet been revealed, Mar\u00eda Celeste&#8217;s announcement makes it clear that she is ready to write a new chapter in her successful career. We&#8217;ll be watching for more information!<\/p>\n<figure class=\"wp-block-pullquote\"><blockquote><p style=\"color: #fd9737;\">Back stronger than ever<\/p><cite>Mar\u00eda Celeste Arrar\u00e1s<\/cite><\/blockquote><\/figure>\n<p>Find out more at <a href=\"https:\/\/queonnda.com\/\" target=\"_blank\" rel=\"noopener\">Qu\u00e9Onnda.com.<\/a><\/p>\n","protected":false},"excerpt":{"rendered":"<p>Mar\u00eda Celeste Arrar\u00e1s, one of Hispanic television&#8217;s most beloved and influential journalists, surprised her audience on Thursday, March 13 by announcing her long-awaited return to the small screen. Through a video posted on her Instagram account, the renowned Puerto Rican journalist revealed that she will return to Univision, the network that was her first television [&hellip;]<\/p>\n","protected":false},"author":6,"featured_media":7851,"comment_status":"open","ping_status":"open","sticky":false,"template":"","format":"standard","meta":{"inline_featured_image":false,"footnotes":""},"categories":[55,120],"tags":[235,237,240],"class_list":{"0":"post-15552","1":"post","2":"type-post","3":"status-publish","4":"format-standard","5":"has-post-thumbnail","7":"category-entertainment","8":"category-television-en","9":"tag-show-en","10":"tag-telenovelas-en","11":"tag-television-en"},"yoast_head":"<!-- This site is optimized with the Yoast SEO Premium plugin v27.0 (Yoast SEO v27.2) - https:\/\/yoast.com\/product\/yoast-seo-premium-wordpress\/ -->\n<title>Mar\u00eda Celeste returns TV: makes unexpected announcement<\/title>\n<meta name=\"description\" content=\"Mar\u00eda Celeste returns to tv. Her long-awaited return to Univision promises many surprises. Find out every detail about it\" \/>\n<meta name=\"robots\" content=\"index, follow, max-snippet:-1, max-image-preview:large, max-video-preview:-1\" \/>\n<link rel=\"canonical\" href=\"https:\/\/queonnda.com\/en\/maria-celeste-returns-to-tv-announcement\/\" \/>\n<meta property=\"og:locale\" content=\"en_US\" \/>\n<meta property=\"og:type\" content=\"article\" \/>\n<meta property=\"og:title\" content=\"The News Everyone\u2019s Been Waiting For! Mar\u00eda Celeste Arrar\u00e1s Makes Her Big TV Comeback!\" \/>\n<meta property=\"og:description\" content=\"Mar\u00eda Celeste returns to tv. Her long-awaited return to Univision promises many surprises. Find out every detail about it\" \/>\n<meta property=\"og:url\" content=\"https:\/\/queonnda.com\/en\/maria-celeste-returns-to-tv-announcement\/\" \/>\n<meta property=\"og:site_name\" content=\"QueOnnda\" \/>\n<meta property=\"article:publisher\" content=\"https:\/\/web.facebook.com\/queonnda.nueva\" \/>\n<meta property=\"article:published_time\" content=\"2025-03-13T18:29:15+00:00\" \/>\n<meta property=\"article:modified_time\" content=\"2025-03-13T18:43:28+00:00\" \/>\n<meta property=\"og:image\" content=\"https:\/\/queonnda.com\/wp-content\/uploads\/2025\/02\/6201-MARIACELESTEpastel30AlrojoVivo1014.png\" \/>\n\t<meta property=\"og:image:width\" content=\"1200\" \/>\n\t<meta property=\"og:image:height\" content=\"800\" \/>\n\t<meta property=\"og:image:type\" content=\"image\/png\" \/>\n<meta name=\"author\" content=\"Israel Castillo\" \/>\n<meta name=\"twitter:card\" content=\"summary_large_image\" \/>\n<meta name=\"twitter:label1\" content=\"Written by\" \/>\n\t<meta name=\"twitter:data1\" content=\"Israel Castillo\" \/>\n\t<meta name=\"twitter:label2\" content=\"Est. reading time\" \/>\n\t<meta name=\"twitter:data2\" content=\"4 minutes\" \/>\n<script type=\"application\/ld+json\" class=\"yoast-schema-graph\">{\"@context\":\"https:\/\/schema.org\",\"@graph\":[{\"@type\":\"Article\",\"@id\":\"https:\/\/queonnda.com\/en\/maria-celeste-returns-to-tv-announcement\/#article\",\"isPartOf\":{\"@id\":\"https:\/\/queonnda.com\/en\/maria-celeste-returns-to-tv-announcement\/\"},\"author\":{\"name\":\"Israel Castillo\",\"@id\":\"https:\/\/queonnda.com\/#\/schema\/person\/ba7226ec14bada54bbd8f989eccc817e\"},\"headline\":\"The News Everyone\u2019s Been Waiting For! Mar\u00eda Celeste Arrar\u00e1s Makes Her Big TV Comeback!\",\"datePublished\":\"2025-03-13T18:29:15+00:00\",\"dateModified\":\"2025-03-13T18:43:28+00:00\",\"mainEntityOfPage\":{\"@id\":\"https:\/\/queonnda.com\/en\/maria-celeste-returns-to-tv-announcement\/\"},\"wordCount\":614,\"commentCount\":0,\"publisher\":{\"@id\":\"https:\/\/queonnda.com\/#organization\"},\"image\":{\"@id\":\"https:\/\/queonnda.com\/en\/maria-celeste-returns-to-tv-announcement\/#primaryimage\"},\"thumbnailUrl\":\"https:\/\/queonnda.com\/wp-content\/uploads\/2025\/02\/6201-MARIACELESTEpastel30AlrojoVivo1014.png\",\"keywords\":[\"show\",\"telenovelas\",\"television\"],\"articleSection\":[\"Entertainment\",\"Television\"],\"inLanguage\":\"en-US\",\"potentialAction\":[{\"@type\":\"CommentAction\",\"name\":\"Comment\",\"target\":[\"https:\/\/queonnda.com\/en\/maria-celeste-returns-to-tv-announcement\/#respond\"]}],\"copyrightYear\":\"2025\",\"copyrightHolder\":{\"@id\":\"https:\/\/queonnda.com\/#organization\"}},{\"@type\":\"WebPage\",\"@id\":\"https:\/\/queonnda.com\/en\/maria-celeste-returns-to-tv-announcement\/\",\"url\":\"https:\/\/queonnda.com\/en\/maria-celeste-returns-to-tv-announcement\/\",\"name\":\"Mar\u00eda Celeste returns TV: makes unexpected announcement\",\"isPartOf\":{\"@id\":\"https:\/\/queonnda.com\/#website\"},\"primaryImageOfPage\":{\"@id\":\"https:\/\/queonnda.com\/en\/maria-celeste-returns-to-tv-announcement\/#primaryimage\"},\"image\":{\"@id\":\"https:\/\/queonnda.com\/en\/maria-celeste-returns-to-tv-announcement\/#primaryimage\"},\"thumbnailUrl\":\"https:\/\/queonnda.com\/wp-content\/uploads\/2025\/02\/6201-MARIACELESTEpastel30AlrojoVivo1014.png\",\"datePublished\":\"2025-03-13T18:29:15+00:00\",\"dateModified\":\"2025-03-13T18:43:28+00:00\",\"description\":\"Mar\u00eda Celeste returns to tv. Her long-awaited return to Univision promises many surprises. Find out every detail about it\",\"breadcrumb\":{\"@id\":\"https:\/\/queonnda.com\/en\/maria-celeste-returns-to-tv-announcement\/#breadcrumb\"},\"inLanguage\":\"en-US\",\"potentialAction\":[{\"@type\":\"ReadAction\",\"target\":[\"https:\/\/queonnda.com\/en\/maria-celeste-returns-to-tv-announcement\/\"]}]},{\"@type\":\"ImageObject\",\"inLanguage\":\"en-US\",\"@id\":\"https:\/\/queonnda.com\/en\/maria-celeste-returns-to-tv-announcement\/#primaryimage\",\"url\":\"https:\/\/queonnda.com\/wp-content\/uploads\/2025\/02\/6201-MARIACELESTEpastel30AlrojoVivo1014.png\",\"contentUrl\":\"https:\/\/queonnda.com\/wp-content\/uploads\/2025\/02\/6201-MARIACELESTEpastel30AlrojoVivo1014.png\",\"width\":1200,\"height\":800,\"caption\":\"Mezcalent\"},{\"@type\":\"BreadcrumbList\",\"@id\":\"https:\/\/queonnda.com\/en\/maria-celeste-returns-to-tv-announcement\/#breadcrumb\",\"itemListElement\":[{\"@type\":\"ListItem\",\"position\":1,\"name\":\"Home\",\"item\":\"https:\/\/queonnda.com\/en\/\"},{\"@type\":\"ListItem\",\"position\":2,\"name\":\"The News Everyone\u2019s Been Waiting For! Mar\u00eda Celeste Arrar\u00e1s Makes Her Big TV Comeback!\"}]},{\"@type\":\"WebSite\",\"@id\":\"https:\/\/queonnda.com\/#website\",\"url\":\"https:\/\/queonnda.com\/\",\"name\":\"QueOnnda\",\"description\":\"Plataforma audio-digital sin precedentes que revolucionar\u00e1 la forma en que las audiencias latinas interact\u00faan con los medios\",\"publisher\":{\"@id\":\"https:\/\/queonnda.com\/#organization\"},\"potentialAction\":[{\"@type\":\"SearchAction\",\"target\":{\"@type\":\"EntryPoint\",\"urlTemplate\":\"https:\/\/queonnda.com\/?s={search_term_string}\"},\"query-input\":{\"@type\":\"PropertyValueSpecification\",\"valueRequired\":true,\"valueName\":\"search_term_string\"}}],\"inLanguage\":\"en-US\"},{\"@type\":\"Organization\",\"@id\":\"https:\/\/queonnda.com\/#organization\",\"name\":\"QueOnnda\",\"url\":\"https:\/\/queonnda.com\/\",\"logo\":{\"@type\":\"ImageObject\",\"inLanguage\":\"en-US\",\"@id\":\"https:\/\/queonnda.com\/#\/schema\/logo\/image\/\",\"url\":\"https:\/\/queonnda.com\/wp-content\/uploads\/2025\/03\/Logo_QueOnnda_Color.svg\",\"contentUrl\":\"https:\/\/queonnda.com\/wp-content\/uploads\/2025\/03\/Logo_QueOnnda_Color.svg\",\"width\":651,\"height\":103,\"caption\":\"QueOnnda\"},\"image\":{\"@id\":\"https:\/\/queonnda.com\/#\/schema\/logo\/image\/\"},\"sameAs\":[\"https:\/\/web.facebook.com\/queonnda.nueva\",\"https:\/\/www.instagram.com\/queonnda.nueva\/\",\"https:\/\/www.youtube.com\/@queonnda\",\"https:\/\/tiktok.com\/@queonnda.nueva\"]},{\"@type\":\"Person\",\"@id\":\"https:\/\/queonnda.com\/#\/schema\/person\/ba7226ec14bada54bbd8f989eccc817e\",\"name\":\"Israel Castillo\",\"sameAs\":[\"https:\/\/queonnda.com\"],\"url\":\"https:\/\/queonnda.com\/en\/author\/israel\/\"}]}<\/script>\n<!-- \/ Yoast SEO Premium plugin. -->","yoast_head_json":{"title":"Mar\u00eda Celeste returns TV: makes unexpected announcement","description":"Mar\u00eda Celeste returns to tv. Her long-awaited return to Univision promises many surprises. Find out every detail about it","robots":{"index":"index","follow":"follow","max-snippet":"max-snippet:-1","max-image-preview":"max-image-preview:large","max-video-preview":"max-video-preview:-1"},"canonical":"https:\/\/queonnda.com\/en\/maria-celeste-returns-to-tv-announcement\/","og_locale":"en_US","og_type":"article","og_title":"The News Everyone\u2019s Been Waiting For! Mar\u00eda Celeste Arrar\u00e1s Makes Her Big TV Comeback!","og_description":"Mar\u00eda Celeste returns to tv. Her long-awaited return to Univision promises many surprises. Find out every detail about it","og_url":"https:\/\/queonnda.com\/en\/maria-celeste-returns-to-tv-announcement\/","og_site_name":"QueOnnda","article_publisher":"https:\/\/web.facebook.com\/queonnda.nueva","article_published_time":"2025-03-13T18:29:15+00:00","article_modified_time":"2025-03-13T18:43:28+00:00","og_image":[{"width":1200,"height":800,"url":"https:\/\/queonnda.com\/wp-content\/uploads\/2025\/02\/6201-MARIACELESTEpastel30AlrojoVivo1014.png","type":"image\/png"}],"author":"Israel Castillo","twitter_card":"summary_large_image","twitter_misc":{"Written by":"Israel Castillo","Est. reading time":"4 minutes"},"schema":{"@context":"https:\/\/schema.org","@graph":[{"@type":"Article","@id":"https:\/\/queonnda.com\/en\/maria-celeste-returns-to-tv-announcement\/#article","isPartOf":{"@id":"https:\/\/queonnda.com\/en\/maria-celeste-returns-to-tv-announcement\/"},"author":{"name":"Israel Castillo","@id":"https:\/\/queonnda.com\/#\/schema\/person\/ba7226ec14bada54bbd8f989eccc817e"},"headline":"The News Everyone\u2019s Been Waiting For! Mar\u00eda Celeste Arrar\u00e1s Makes Her Big TV Comeback!","datePublished":"2025-03-13T18:29:15+00:00","dateModified":"2025-03-13T18:43:28+00:00","mainEntityOfPage":{"@id":"https:\/\/queonnda.com\/en\/maria-celeste-returns-to-tv-announcement\/"},"wordCount":614,"commentCount":0,"publisher":{"@id":"https:\/\/queonnda.com\/#organization"},"image":{"@id":"https:\/\/queonnda.com\/en\/maria-celeste-returns-to-tv-announcement\/#primaryimage"},"thumbnailUrl":"https:\/\/queonnda.com\/wp-content\/uploads\/2025\/02\/6201-MARIACELESTEpastel30AlrojoVivo1014.png","keywords":["show","telenovelas","television"],"articleSection":["Entertainment","Television"],"inLanguage":"en-US","potentialAction":[{"@type":"CommentAction","name":"Comment","target":["https:\/\/queonnda.com\/en\/maria-celeste-returns-to-tv-announcement\/#respond"]}],"copyrightYear":"2025","copyrightHolder":{"@id":"https:\/\/queonnda.com\/#organization"}},{"@type":"WebPage","@id":"https:\/\/queonnda.com\/en\/maria-celeste-returns-to-tv-announcement\/","url":"https:\/\/queonnda.com\/en\/maria-celeste-returns-to-tv-announcement\/","name":"Mar\u00eda Celeste returns TV: makes unexpected announcement","isPartOf":{"@id":"https:\/\/queonnda.com\/#website"},"primaryImageOfPage":{"@id":"https:\/\/queonnda.com\/en\/maria-celeste-returns-to-tv-announcement\/#primaryimage"},"image":{"@id":"https:\/\/queonnda.com\/en\/maria-celeste-returns-to-tv-announcement\/#primaryimage"},"thumbnailUrl":"https:\/\/queonnda.com\/wp-content\/uploads\/2025\/02\/6201-MARIACELESTEpastel30AlrojoVivo1014.png","datePublished":"2025-03-13T18:29:15+00:00","dateModified":"2025-03-13T18:43:28+00:00","description":"Mar\u00eda Celeste returns to tv. Her long-awaited return to Univision promises many surprises. Find out every detail about it","breadcrumb":{"@id":"https:\/\/queonnda.com\/en\/maria-celeste-returns-to-tv-announcement\/#breadcrumb"},"inLanguage":"en-US","potentialAction":[{"@type":"ReadAction","target":["https:\/\/queonnda.com\/en\/maria-celeste-returns-to-tv-announcement\/"]}]},{"@type":"ImageObject","inLanguage":"en-US","@id":"https:\/\/queonnda.com\/en\/maria-celeste-returns-to-tv-announcement\/#primaryimage","url":"https:\/\/queonnda.com\/wp-content\/uploads\/2025\/02\/6201-MARIACELESTEpastel30AlrojoVivo1014.png","contentUrl":"https:\/\/queonnda.com\/wp-content\/uploads\/2025\/02\/6201-MARIACELESTEpastel30AlrojoVivo1014.png","width":1200,"height":800,"caption":"Mezcalent"},{"@type":"BreadcrumbList","@id":"https:\/\/queonnda.com\/en\/maria-celeste-returns-to-tv-announcement\/#breadcrumb","itemListElement":[{"@type":"ListItem","position":1,"name":"Home","item":"https:\/\/queonnda.com\/en\/"},{"@type":"ListItem","position":2,"name":"The News Everyone\u2019s Been Waiting For! Mar\u00eda Celeste Arrar\u00e1s Makes Her Big TV Comeback!"}]},{"@type":"WebSite","@id":"https:\/\/queonnda.com\/#website","url":"https:\/\/queonnda.com\/","name":"QueOnnda","description":"Plataforma audio-digital sin precedentes que revolucionar\u00e1 la forma en que las audiencias latinas interact\u00faan con los medios","publisher":{"@id":"https:\/\/queonnda.com\/#organization"},"potentialAction":[{"@type":"SearchAction","target":{"@type":"EntryPoint","urlTemplate":"https:\/\/queonnda.com\/?s={search_term_string}"},"query-input":{"@type":"PropertyValueSpecification","valueRequired":true,"valueName":"search_term_string"}}],"inLanguage":"en-US"},{"@type":"Organization","@id":"https:\/\/queonnda.com\/#organization","name":"QueOnnda","url":"https:\/\/queonnda.com\/","logo":{"@type":"ImageObject","inLanguage":"en-US","@id":"https:\/\/queonnda.com\/#\/schema\/logo\/image\/","url":"https:\/\/queonnda.com\/wp-content\/uploads\/2025\/03\/Logo_QueOnnda_Color.svg","contentUrl":"https:\/\/queonnda.com\/wp-content\/uploads\/2025\/03\/Logo_QueOnnda_Color.svg","width":651,"height":103,"caption":"QueOnnda"},"image":{"@id":"https:\/\/queonnda.com\/#\/schema\/logo\/image\/"},"sameAs":["https:\/\/web.facebook.com\/queonnda.nueva","https:\/\/www.instagram.com\/queonnda.nueva\/","https:\/\/www.youtube.com\/@queonnda","https:\/\/tiktok.com\/@queonnda.nueva"]},{"@type":"Person","@id":"https:\/\/queonnda.com\/#\/schema\/person\/ba7226ec14bada54bbd8f989eccc817e","name":"Israel Castillo","sameAs":["https:\/\/queonnda.com"],"url":"https:\/\/queonnda.com\/en\/author\/israel\/"}]}},"_links":{"self":[{"href":"https:\/\/queonnda.com\/en\/wp-json\/wp\/v2\/posts\/15552","targetHints":{"allow":["GET"]}}],"collection":[{"href":"https:\/\/queonnda.com\/en\/wp-json\/wp\/v2\/posts"}],"about":[{"href":"https:\/\/queonnda.com\/en\/wp-json\/wp\/v2\/types\/post"}],"author":[{"embeddable":true,"href":"https:\/\/queonnda.com\/en\/wp-json\/wp\/v2\/users\/6"}],"replies":[{"embeddable":true,"href":"https:\/\/queonnda.com\/en\/wp-json\/wp\/v2\/comments?post=15552"}],"version-history":[{"count":0,"href":"https:\/\/queonnda.com\/en\/wp-json\/wp\/v2\/posts\/15552\/revisions"}],"wp:featuredmedia":[{"embeddable":true,"href":"https:\/\/queonnda.com\/en\/wp-json\/wp\/v2\/media\/7851"}],"wp:attachment":[{"href":"https:\/\/queonnda.com\/en\/wp-json\/wp\/v2\/media?parent=15552"}],"wp:term":[{"taxonomy":"category","embeddable":true,"href":"https:\/\/queonnda.com\/en\/wp-json\/wp\/v2\/categories?post=15552"},{"taxonomy":"post_tag","embeddable":true,"href":"https:\/\/queonnda.com\/en\/wp-json\/wp\/v2\/tags?post=15552"}],"curies":[{"name":"wp","href":"https:\/\/api.w.org\/{rel}","templated":true}]}}