{"id":164331,"date":"2026-04-20T13:45:37","date_gmt":"2026-04-20T17:45:37","guid":{"rendered":"https:\/\/queonnda.com\/director-pablo-larrain-talks-about-the-importance-of-latin-cinema\/"},"modified":"2026-04-20T13:45:37","modified_gmt":"2026-04-20T17:45:37","slug":"director-pablo-larrain-talks-about-the-importance-of-latin-cinema","status":"publish","type":"post","link":"https:\/\/queonnda.com\/en\/director-pablo-larrain-talks-about-the-importance-of-latin-cinema\/","title":{"rendered":"Director Pablo Larra\u00edn talks about the importance of Latin cinema"},"content":{"rendered":"<p>Latin American <a href=\"https:\/\/queonnda.com\/willem-dafoe-complaciente-con-los-directores-de-cine\/\" target=\"_blank\" rel=\"noopener\">cinema<\/a> has its own identity because it tells stories that can happen in the streets of any of the cities of the countries of the region but that move anyone in the world, said Chilean director Pablo Larra\u00edn on Sunday.<\/p>\n<p>&#8220;That dialogue, both in Chile and in other Spanish-speaking countries, is always changing, in communication, but it is to try to account for a stage, a society, a place, a mental landscape,&#8221; he said at a conference in the city of Guadalajara.<\/p>\n<p>Larra\u00edn is one of the special guests at the Guadalajara International Film Festival, which is taking place in this city until next Saturday and this year Chile is the guest of honor.<\/p>\n<p>As part of his activities at the festival, the filmmaker gave the keynote lecture &#8216;The Internationalization of Chilean Cinema, The Story of F\u00e1bula&#8217;, together with his brother, producer Juan de Dios Larra\u00edn, with whom he founded F\u00e1bula, one of the most important production companies in Latin American filmmaking, in 2004.<\/p>\n<p>The director of &#8216;No&#8217;, the first Chilean film to be nominated for an Oscar, said that part of the success of his production company, which has produced nearly 50 films, lies in the fact that they have respected the voice of the directors who approach them with projects, whatever their approach.<\/p>\n<p>&#8220;We have always thought that the key is to support that director or that director, we are not a production company that has operated at any time with an editorial point of view. We have never tried to determine what they do (&#8230;) in the end they are voices that are not interchangeable,&#8221; he assured.<\/p>\n<p>He mentions the work they did with Chilean documentary filmmaker Mait\u00e9 Alberdi, who has been nominated for two Oscars, who has &#8220;that look, indiscipline and impertinence that cannot be replaced,&#8221; said Larra\u00edn.<\/p>\n<p>The Chilean artist, author of the biographical trilogy of women in history, &#8216;Jackie&#8217;, about the life of Jackie Onassis; &#8216;Spencer&#8217;, about Diana Spencer, the late Princess of Wales, and &#8216;Maria&#8217;, about opera singer Maria Callas, said that developing as a producer has helped him to improve his role as a director and to understand that cinema is made the same everywhere, regardless of budgets.<\/p>\n<figure id=\"attachment_164326\" aria-describedby=\"caption-attachment-164326\" style=\"width: 1200px\" class=\"wp-caption alignnone\"><img loading=\"lazy\" loading=\"lazy\" decoding=\"async\" class=\"wp-image-164326 size-full\" src=\"https:\/\/queonnda.com\/wp-content\/uploads\/2026\/04\/shutterstock_501240904-1.jpg\" alt=\"Director Pablo Larra\u00edn talks about the importance of Latin cinema\" width=\"1200\" height=\"1200\"><figcaption id=\"caption-attachment-164326\" class=\"wp-caption-text\">PHOTO: Shutterstock<\/figcaption><\/figure>\n<p>&#8220;Directors are islands and, for me, as a producer, it has been my turn to be part of the process of directors that I admire a lot and that (their work) has made me curious and envious too, after seeing people that I admire and who do things that I would never be able to do,&#8221; he said.<\/p>\n<p>The Larra\u00edn brothers agreed on the conviction that the projects they produce should not fall into the banal, regardless of whether they are political films, comedies or dramas.<\/p>\n<p>&#8220;We want to give an account of what is happening in this community from our point of view. If we don&#8217;t feel what we want to look at in a country and we don&#8217;t feel responsible that we are leaving a better or worse footprint, I would feel that we are at risk of getting into a continuous banality that seems reckless to me,&#8221; Pablo assured.<\/p>\n<p>Juan Pablo Larra\u00edn recalled that F\u00e1bula, which has offices in five Latin American countries, has grown hand in hand with the Chilean film industry, which has historically had to seek co-productions in order to generate its projects.<\/p>\n<p>&#8220;Unlike Mexico, which could be said to be self-sufficient, Chile was never self-sufficient, we always had to go out to be able to make our films,&#8221; he said.<\/p>\n<p>As part of the tribute to Pablo Larra\u00edn, who received the Ibero-American Tribute Award during the opening gala, FICG will screen some of his films as director and producer.<\/p>\n<p>Some 200 films will be screened at 30 venues and 70 are in the official selection to compete for a purse of 2.75 million pesos (some US$162,000) in prizes, reported Agencia EFE.<\/p>\n<p>Find out more at<a href=\"http:\/\/queonnda.com\/en\/\" target=\"_blank\" rel=\"noopener\"> &#8216;QueOnnda.com&#8217;.<\/a><\/p>\n","protected":false},"excerpt":{"rendered":"<p>Latin American cinema has its own identity because it tells stories that can happen in the streets of any of the cities of the countries of the region but that move anyone in the world, said Chilean director Pablo Larra\u00edn on Sunday. &#8220;That dialogue, both in Chile and in other Spanish-speaking countries, is always changing, [&hellip;]<\/p>\n","protected":false},"author":6,"featured_media":164330,"comment_status":"open","ping_status":"open","sticky":false,"template":"","format":"standard","meta":{"inline_featured_image":false,"footnotes":""},"categories":[1239,55],"tags":[872,798,784],"class_list":{"0":"post-164331","1":"post","2":"type-post","3":"status-publish","4":"format-standard","5":"has-post-thumbnail","7":"category-cinema","8":"category-entertainment","9":"tag-cinema","10":"tag-entretenimiento-en","11":"tag-famosos-en"},"yoast_head":"<!-- This site is optimized with the Yoast SEO Premium plugin v27.0 (Yoast SEO v27.2) - https:\/\/yoast.com\/product\/yoast-seo-premium-wordpress\/ -->\n<title>Director Pablo Larra\u00edn talks about the importance of Latin cinema<\/title>\n<meta name=\"description\" content=\"Director Pablo Larra\u00edn talks about the importance of Latin cinema in his speech at the Guadalajara International Film Festival.\" \/>\n<meta name=\"robots\" content=\"index, follow, max-snippet:-1, max-image-preview:large, max-video-preview:-1\" \/>\n<link rel=\"canonical\" href=\"https:\/\/queonnda.com\/en\/director-pablo-larrain-talks-about-the-importance-of-latin-cinema\/\" \/>\n<meta property=\"og:locale\" content=\"en_US\" \/>\n<meta property=\"og:type\" content=\"article\" \/>\n<meta property=\"og:title\" content=\"Director Pablo Larra\u00edn talks about the importance of Latin cinema\" \/>\n<meta property=\"og:description\" content=\"Director Pablo Larra\u00edn talks about the importance of Latin cinema in his speech at the Guadalajara International Film Festival.\" \/>\n<meta property=\"og:url\" content=\"https:\/\/queonnda.com\/en\/director-pablo-larrain-talks-about-the-importance-of-latin-cinema\/\" \/>\n<meta property=\"og:site_name\" content=\"QueOnnda\" \/>\n<meta property=\"article:publisher\" content=\"https:\/\/web.facebook.com\/queonnda.nueva\" \/>\n<meta property=\"article:published_time\" content=\"2026-04-20T17:45:37+00:00\" \/>\n<meta property=\"og:image\" content=\"https:\/\/queonnda.com\/wp-content\/uploads\/2026\/04\/shutterstock_1528838711-1.jpg\" \/>\n\t<meta property=\"og:image:width\" content=\"1200\" \/>\n\t<meta property=\"og:image:height\" content=\"800\" \/>\n\t<meta property=\"og:image:type\" content=\"image\/jpeg\" \/>\n<meta name=\"author\" content=\"Israel Castillo\" \/>\n<meta name=\"twitter:card\" content=\"summary_large_image\" \/>\n<meta name=\"twitter:label1\" content=\"Written by\" \/>\n\t<meta name=\"twitter:data1\" content=\"Israel Castillo\" \/>\n\t<meta name=\"twitter:label2\" content=\"Est. reading time\" \/>\n\t<meta name=\"twitter:data2\" content=\"3 minutes\" \/>\n<script type=\"application\/ld+json\" class=\"yoast-schema-graph\">{\"@context\":\"https:\/\/schema.org\",\"@graph\":[{\"@type\":\"Article\",\"@id\":\"https:\/\/queonnda.com\/en\/director-pablo-larrain-talks-about-the-importance-of-latin-cinema\/#article\",\"isPartOf\":{\"@id\":\"https:\/\/queonnda.com\/en\/director-pablo-larrain-talks-about-the-importance-of-latin-cinema\/\"},\"author\":{\"name\":\"Israel Castillo\",\"@id\":\"https:\/\/queonnda.com\/#\/schema\/person\/ba7226ec14bada54bbd8f989eccc817e\"},\"headline\":\"Director Pablo Larra\u00edn talks about the importance of Latin cinema\",\"datePublished\":\"2026-04-20T17:45:37+00:00\",\"mainEntityOfPage\":{\"@id\":\"https:\/\/queonnda.com\/en\/director-pablo-larrain-talks-about-the-importance-of-latin-cinema\/\"},\"wordCount\":677,\"commentCount\":0,\"publisher\":{\"@id\":\"https:\/\/queonnda.com\/#organization\"},\"image\":{\"@id\":\"https:\/\/queonnda.com\/en\/director-pablo-larrain-talks-about-the-importance-of-latin-cinema\/#primaryimage\"},\"thumbnailUrl\":\"https:\/\/queonnda.com\/wp-content\/uploads\/2026\/04\/shutterstock_1528838711-1.jpg\",\"keywords\":[\"cinema\",\"entretenimiento\",\"famosos\"],\"articleSection\":[\"Cinema\",\"Entertainment\"],\"inLanguage\":\"en-US\",\"potentialAction\":[{\"@type\":\"CommentAction\",\"name\":\"Comment\",\"target\":[\"https:\/\/queonnda.com\/en\/director-pablo-larrain-talks-about-the-importance-of-latin-cinema\/#respond\"]}],\"copyrightYear\":\"2026\",\"copyrightHolder\":{\"@id\":\"https:\/\/queonnda.com\/#organization\"}},{\"@type\":\"WebPage\",\"@id\":\"https:\/\/queonnda.com\/en\/director-pablo-larrain-talks-about-the-importance-of-latin-cinema\/\",\"url\":\"https:\/\/queonnda.com\/en\/director-pablo-larrain-talks-about-the-importance-of-latin-cinema\/\",\"name\":\"Director Pablo Larra\u00edn talks about the importance of Latin cinema\",\"isPartOf\":{\"@id\":\"https:\/\/queonnda.com\/#website\"},\"primaryImageOfPage\":{\"@id\":\"https:\/\/queonnda.com\/en\/director-pablo-larrain-talks-about-the-importance-of-latin-cinema\/#primaryimage\"},\"image\":{\"@id\":\"https:\/\/queonnda.com\/en\/director-pablo-larrain-talks-about-the-importance-of-latin-cinema\/#primaryimage\"},\"thumbnailUrl\":\"https:\/\/queonnda.com\/wp-content\/uploads\/2026\/04\/shutterstock_1528838711-1.jpg\",\"datePublished\":\"2026-04-20T17:45:37+00:00\",\"description\":\"Director Pablo Larra\u00edn talks about the importance of Latin cinema in his speech at the Guadalajara International Film Festival.\",\"breadcrumb\":{\"@id\":\"https:\/\/queonnda.com\/en\/director-pablo-larrain-talks-about-the-importance-of-latin-cinema\/#breadcrumb\"},\"inLanguage\":\"en-US\",\"potentialAction\":[{\"@type\":\"ReadAction\",\"target\":[\"https:\/\/queonnda.com\/en\/director-pablo-larrain-talks-about-the-importance-of-latin-cinema\/\"]}]},{\"@type\":\"ImageObject\",\"inLanguage\":\"en-US\",\"@id\":\"https:\/\/queonnda.com\/en\/director-pablo-larrain-talks-about-the-importance-of-latin-cinema\/#primaryimage\",\"url\":\"https:\/\/queonnda.com\/wp-content\/uploads\/2026\/04\/shutterstock_1528838711-1.jpg\",\"contentUrl\":\"https:\/\/queonnda.com\/wp-content\/uploads\/2026\/04\/shutterstock_1528838711-1.jpg\",\"width\":1200,\"height\":800,\"caption\":\"PHOTO: Shutterstock\"},{\"@type\":\"BreadcrumbList\",\"@id\":\"https:\/\/queonnda.com\/en\/director-pablo-larrain-talks-about-the-importance-of-latin-cinema\/#breadcrumb\",\"itemListElement\":[{\"@type\":\"ListItem\",\"position\":1,\"name\":\"Home\",\"item\":\"https:\/\/queonnda.com\/en\/\"},{\"@type\":\"ListItem\",\"position\":2,\"name\":\"Director Pablo Larra\u00edn talks about the importance of Latin cinema\"}]},{\"@type\":\"WebSite\",\"@id\":\"https:\/\/queonnda.com\/#website\",\"url\":\"https:\/\/queonnda.com\/\",\"name\":\"QueOnnda\",\"description\":\"Plataforma audio-digital sin precedentes que revolucionar\u00e1 la forma en que las audiencias latinas interact\u00faan con los medios\",\"publisher\":{\"@id\":\"https:\/\/queonnda.com\/#organization\"},\"potentialAction\":[{\"@type\":\"SearchAction\",\"target\":{\"@type\":\"EntryPoint\",\"urlTemplate\":\"https:\/\/queonnda.com\/?s={search_term_string}\"},\"query-input\":{\"@type\":\"PropertyValueSpecification\",\"valueRequired\":true,\"valueName\":\"search_term_string\"}}],\"inLanguage\":\"en-US\"},{\"@type\":\"Organization\",\"@id\":\"https:\/\/queonnda.com\/#organization\",\"name\":\"QueOnnda\",\"url\":\"https:\/\/queonnda.com\/\",\"logo\":{\"@type\":\"ImageObject\",\"inLanguage\":\"en-US\",\"@id\":\"https:\/\/queonnda.com\/#\/schema\/logo\/image\/\",\"url\":\"https:\/\/queonnda.com\/wp-content\/uploads\/2025\/03\/Logo_QueOnnda_Color.svg\",\"contentUrl\":\"https:\/\/queonnda.com\/wp-content\/uploads\/2025\/03\/Logo_QueOnnda_Color.svg\",\"width\":651,\"height\":103,\"caption\":\"QueOnnda\"},\"image\":{\"@id\":\"https:\/\/queonnda.com\/#\/schema\/logo\/image\/\"},\"sameAs\":[\"https:\/\/web.facebook.com\/queonnda.nueva\",\"https:\/\/www.instagram.com\/queonnda.nueva\/\",\"https:\/\/www.youtube.com\/@queonnda\",\"https:\/\/tiktok.com\/@queonnda.nueva\"]},{\"@type\":\"Person\",\"@id\":\"https:\/\/queonnda.com\/#\/schema\/person\/ba7226ec14bada54bbd8f989eccc817e\",\"name\":\"Israel Castillo\",\"sameAs\":[\"https:\/\/queonnda.com\"],\"url\":\"https:\/\/queonnda.com\/en\/author\/israel\/\"}]}<\/script>\n<!-- \/ Yoast SEO Premium plugin. -->","yoast_head_json":{"title":"Director Pablo Larra\u00edn talks about the importance of Latin cinema","description":"Director Pablo Larra\u00edn talks about the importance of Latin cinema in his speech at the Guadalajara International Film Festival.","robots":{"index":"index","follow":"follow","max-snippet":"max-snippet:-1","max-image-preview":"max-image-preview:large","max-video-preview":"max-video-preview:-1"},"canonical":"https:\/\/queonnda.com\/en\/director-pablo-larrain-talks-about-the-importance-of-latin-cinema\/","og_locale":"en_US","og_type":"article","og_title":"Director Pablo Larra\u00edn talks about the importance of Latin cinema","og_description":"Director Pablo Larra\u00edn talks about the importance of Latin cinema in his speech at the Guadalajara International Film Festival.","og_url":"https:\/\/queonnda.com\/en\/director-pablo-larrain-talks-about-the-importance-of-latin-cinema\/","og_site_name":"QueOnnda","article_publisher":"https:\/\/web.facebook.com\/queonnda.nueva","article_published_time":"2026-04-20T17:45:37+00:00","og_image":[{"width":1200,"height":800,"url":"https:\/\/queonnda.com\/wp-content\/uploads\/2026\/04\/shutterstock_1528838711-1.jpg","type":"image\/jpeg"}],"author":"Israel Castillo","twitter_card":"summary_large_image","twitter_misc":{"Written by":"Israel Castillo","Est. reading time":"3 minutes"},"schema":{"@context":"https:\/\/schema.org","@graph":[{"@type":"Article","@id":"https:\/\/queonnda.com\/en\/director-pablo-larrain-talks-about-the-importance-of-latin-cinema\/#article","isPartOf":{"@id":"https:\/\/queonnda.com\/en\/director-pablo-larrain-talks-about-the-importance-of-latin-cinema\/"},"author":{"name":"Israel Castillo","@id":"https:\/\/queonnda.com\/#\/schema\/person\/ba7226ec14bada54bbd8f989eccc817e"},"headline":"Director Pablo Larra\u00edn talks about the importance of Latin cinema","datePublished":"2026-04-20T17:45:37+00:00","mainEntityOfPage":{"@id":"https:\/\/queonnda.com\/en\/director-pablo-larrain-talks-about-the-importance-of-latin-cinema\/"},"wordCount":677,"commentCount":0,"publisher":{"@id":"https:\/\/queonnda.com\/#organization"},"image":{"@id":"https:\/\/queonnda.com\/en\/director-pablo-larrain-talks-about-the-importance-of-latin-cinema\/#primaryimage"},"thumbnailUrl":"https:\/\/queonnda.com\/wp-content\/uploads\/2026\/04\/shutterstock_1528838711-1.jpg","keywords":["cinema","entretenimiento","famosos"],"articleSection":["Cinema","Entertainment"],"inLanguage":"en-US","potentialAction":[{"@type":"CommentAction","name":"Comment","target":["https:\/\/queonnda.com\/en\/director-pablo-larrain-talks-about-the-importance-of-latin-cinema\/#respond"]}],"copyrightYear":"2026","copyrightHolder":{"@id":"https:\/\/queonnda.com\/#organization"}},{"@type":"WebPage","@id":"https:\/\/queonnda.com\/en\/director-pablo-larrain-talks-about-the-importance-of-latin-cinema\/","url":"https:\/\/queonnda.com\/en\/director-pablo-larrain-talks-about-the-importance-of-latin-cinema\/","name":"Director Pablo Larra\u00edn talks about the importance of Latin cinema","isPartOf":{"@id":"https:\/\/queonnda.com\/#website"},"primaryImageOfPage":{"@id":"https:\/\/queonnda.com\/en\/director-pablo-larrain-talks-about-the-importance-of-latin-cinema\/#primaryimage"},"image":{"@id":"https:\/\/queonnda.com\/en\/director-pablo-larrain-talks-about-the-importance-of-latin-cinema\/#primaryimage"},"thumbnailUrl":"https:\/\/queonnda.com\/wp-content\/uploads\/2026\/04\/shutterstock_1528838711-1.jpg","datePublished":"2026-04-20T17:45:37+00:00","description":"Director Pablo Larra\u00edn talks about the importance of Latin cinema in his speech at the Guadalajara International Film Festival.","breadcrumb":{"@id":"https:\/\/queonnda.com\/en\/director-pablo-larrain-talks-about-the-importance-of-latin-cinema\/#breadcrumb"},"inLanguage":"en-US","potentialAction":[{"@type":"ReadAction","target":["https:\/\/queonnda.com\/en\/director-pablo-larrain-talks-about-the-importance-of-latin-cinema\/"]}]},{"@type":"ImageObject","inLanguage":"en-US","@id":"https:\/\/queonnda.com\/en\/director-pablo-larrain-talks-about-the-importance-of-latin-cinema\/#primaryimage","url":"https:\/\/queonnda.com\/wp-content\/uploads\/2026\/04\/shutterstock_1528838711-1.jpg","contentUrl":"https:\/\/queonnda.com\/wp-content\/uploads\/2026\/04\/shutterstock_1528838711-1.jpg","width":1200,"height":800,"caption":"PHOTO: Shutterstock"},{"@type":"BreadcrumbList","@id":"https:\/\/queonnda.com\/en\/director-pablo-larrain-talks-about-the-importance-of-latin-cinema\/#breadcrumb","itemListElement":[{"@type":"ListItem","position":1,"name":"Home","item":"https:\/\/queonnda.com\/en\/"},{"@type":"ListItem","position":2,"name":"Director Pablo Larra\u00edn talks about the importance of Latin cinema"}]},{"@type":"WebSite","@id":"https:\/\/queonnda.com\/#website","url":"https:\/\/queonnda.com\/","name":"QueOnnda","description":"Plataforma audio-digital sin precedentes que revolucionar\u00e1 la forma en que las audiencias latinas interact\u00faan con los medios","publisher":{"@id":"https:\/\/queonnda.com\/#organization"},"potentialAction":[{"@type":"SearchAction","target":{"@type":"EntryPoint","urlTemplate":"https:\/\/queonnda.com\/?s={search_term_string}"},"query-input":{"@type":"PropertyValueSpecification","valueRequired":true,"valueName":"search_term_string"}}],"inLanguage":"en-US"},{"@type":"Organization","@id":"https:\/\/queonnda.com\/#organization","name":"QueOnnda","url":"https:\/\/queonnda.com\/","logo":{"@type":"ImageObject","inLanguage":"en-US","@id":"https:\/\/queonnda.com\/#\/schema\/logo\/image\/","url":"https:\/\/queonnda.com\/wp-content\/uploads\/2025\/03\/Logo_QueOnnda_Color.svg","contentUrl":"https:\/\/queonnda.com\/wp-content\/uploads\/2025\/03\/Logo_QueOnnda_Color.svg","width":651,"height":103,"caption":"QueOnnda"},"image":{"@id":"https:\/\/queonnda.com\/#\/schema\/logo\/image\/"},"sameAs":["https:\/\/web.facebook.com\/queonnda.nueva","https:\/\/www.instagram.com\/queonnda.nueva\/","https:\/\/www.youtube.com\/@queonnda","https:\/\/tiktok.com\/@queonnda.nueva"]},{"@type":"Person","@id":"https:\/\/queonnda.com\/#\/schema\/person\/ba7226ec14bada54bbd8f989eccc817e","name":"Israel Castillo","sameAs":["https:\/\/queonnda.com"],"url":"https:\/\/queonnda.com\/en\/author\/israel\/"}]}},"_links":{"self":[{"href":"https:\/\/queonnda.com\/en\/wp-json\/wp\/v2\/posts\/164331","targetHints":{"allow":["GET"]}}],"collection":[{"href":"https:\/\/queonnda.com\/en\/wp-json\/wp\/v2\/posts"}],"about":[{"href":"https:\/\/queonnda.com\/en\/wp-json\/wp\/v2\/types\/post"}],"author":[{"embeddable":true,"href":"https:\/\/queonnda.com\/en\/wp-json\/wp\/v2\/users\/6"}],"replies":[{"embeddable":true,"href":"https:\/\/queonnda.com\/en\/wp-json\/wp\/v2\/comments?post=164331"}],"version-history":[{"count":0,"href":"https:\/\/queonnda.com\/en\/wp-json\/wp\/v2\/posts\/164331\/revisions"}],"wp:featuredmedia":[{"embeddable":true,"href":"https:\/\/queonnda.com\/en\/wp-json\/wp\/v2\/media\/164330"}],"wp:attachment":[{"href":"https:\/\/queonnda.com\/en\/wp-json\/wp\/v2\/media?parent=164331"}],"wp:term":[{"taxonomy":"category","embeddable":true,"href":"https:\/\/queonnda.com\/en\/wp-json\/wp\/v2\/categories?post=164331"},{"taxonomy":"post_tag","embeddable":true,"href":"https:\/\/queonnda.com\/en\/wp-json\/wp\/v2\/tags?post=164331"}],"curies":[{"name":"wp","href":"https:\/\/api.w.org\/{rel}","templated":true}]}}