{"id":166597,"date":"2026-04-28T12:52:32","date_gmt":"2026-04-28T16:52:32","guid":{"rendered":"https:\/\/queonnda.com\/the-world-cup-dream-begins\/"},"modified":"2026-04-28T13:00:44","modified_gmt":"2026-04-28T17:00:44","slug":"the-world-cup-dream-begins","status":"publish","type":"post","link":"https:\/\/queonnda.com\/en\/the-world-cup-dream-begins\/","title":{"rendered":"The World Cup dream begins"},"content":{"rendered":"<p>Forward Guillermo Mart\u00ednez, of Pumas UNAM, is the main novelty in the list of 12 players called up from Liga MX to represent Mexico (Mexican National Team) in the next World Cup, announced on Tuesday by the Mexican Football Federation<a href=\"https:\/\/fmf.mx\/\" target=\"_blank\" rel=\"noopener\">(FMF<\/a>).<\/p>\n<p>In a press release, the FMF confirmed the group of two goalkeepers, two defenders, five midfielders and three strikers who will concentrate in Mexico City from May 6 to begin the final part of the preparation.<\/p>\n<h2><!--more--><\/h2>\n<h2>Aguirre bets on youngsters amidst offensive doubts<\/h2>\n<figure id=\"attachment_166587\" aria-describedby=\"caption-attachment-166587\" style=\"width: 1200px\" class=\"wp-caption alignnone\"><img loading=\"lazy\" loading=\"lazy\" decoding=\"async\" class=\"size-full wp-image-166587\" src=\"https:\/\/queonnda.com\/wp-content\/uploads\/2026\/04\/mex-2.jpg\" alt=\"Mexican National Team called up\" width=\"1200\" height=\"1560\" \/><figcaption id=\"caption-attachment-166587\" class=\"wp-caption-text\">PHOTO: Mexico National Team<\/figcaption><\/figure>\n<p>Mart\u00ednez, with five goals in the Clausura tournament, appears as an alternative in attack at a time when coach Javier Aguirre has doubts about the evolution of some strikers&#8217; ailments.<\/p>\n<p>Santiago Gimenez, of Italian side Milan, has been playing very few minutes after returning from injury.<\/p>\n<p>In addition to the 12 players selected for the World Cup, Aguirre called up eight young players with the capacity to grow.<\/p>\n<p>Those who will accompany the group as &#8216;assistants&#8217;, with the knowledge that they have no chance of being in the World Cup.<\/p>\n<p>This group of &#8216;assistants&#8217; includes goalkeeper \u00d3scar Garc\u00eda (Le\u00f3n); defenders Luis Rey (Puebla), Eduardo \u00c1guila (San Luis), Jes\u00fas G\u00f3mez (Tijuana) and Denzell Garc\u00eda (Ju\u00e1rez FC).<\/p>\n<p>Midfielders Iker Fimbres (Monterrey) and Jairo Torres (Ju\u00e1rez FC); and forward Kevin Casta\u00f1eda (Tijuana).<\/p>\n<p>The final list of called-up players for the Mexican National Team will be completed no later than June 1 with the players playing abroad, most of them in Europe.<\/p>\n<h2>Marcel Ruiz&#8217;s injury shakes the Tri team before the big challenge<\/h2>\n<figure id=\"attachment_166588\" aria-describedby=\"caption-attachment-166588\" style=\"width: 1200px\" class=\"wp-caption alignnone\"><img loading=\"lazy\" loading=\"lazy\" decoding=\"async\" class=\"size-full wp-image-166588\" src=\"https:\/\/queonnda.com\/wp-content\/uploads\/2026\/04\/mex-3.jpg\" alt=\"Mexico, soccer\" width=\"1200\" height=\"1550\" \/><figcaption id=\"caption-attachment-166588\" class=\"wp-caption-text\">PHOTO: Mexico National Team<\/figcaption><\/figure>\n<p>Unless there are any surprises, it will include players such as striker Ra\u00fal Jim\u00e9nez of English club Fulham and defender Johan V\u00e1squez of Italian club Genoa.<\/p>\n<p>As well as goalkeeper Guillermo Ochoa, from Limassol of Cyprus, who would be participating in his sixth World Cup.<\/p>\n<p>The big absentee from the Mexican National Team&#8217;s squad for Tuesday&#8217;s match is Toluca midfielder Marcel Ruiz.<\/p>\n<p>He was expected to start the World Cup, but suffered a serious knee injury and there are doubts about his recovery.<\/p>\n<figure class=\"wp-block-pullquote\"><blockquote><p style=\"color: #fd9737;\">12 soccer players called up from Liga MX<\/p><cite>Qu\u00e9Onnda.com<\/cite><\/blockquote><\/figure>\n<p>Javier Aguirre&#8217;s team has three friendly matches left before the World Cup, against Ghana on May 22, Australia on May 30 and Serbia on June 4.<\/p>\n<p>Mexico will play the World Cup in Group A, where it will face South Africa on June 11, Korea on June 18 and the Czech Republic on June 24.<\/p>\n<p>The two times Mexico hosted the World Cup they reached the quarterfinals, which is a challenge for Aguirre&#8217;s &#8216;Tri&#8217;.<\/p>\n<p><strong>First list of the Mexican National Soccer Team for the World Cup 2026<\/strong><\/p>\n<p><strong>Goalkeepers:<\/strong> Ra\u00fal Rangel (Guadalajara) and Carlos Acevedo (Santos Laguna).<\/p>\n<p><strong>Defenders:<\/strong> Israel Reyes (Am\u00e9rica) and Jes\u00fas Gallardo (Toluca).<\/p>\n<p><strong>Midfielders:<\/strong> Luis Romo (Guadalajara), Erik Lira (Cruz Azul), Brian Guti\u00e9rrez (Guadalajara), Gilberto Mora (Tijuana), Roberto Alvarado (Guadalajara).<\/p>\n<p><strong>Forward:<\/strong> Alexis Vega (Toluca), Guillermo Mart\u00ednez (Pumas UNAM) and Armando Gonz\u00e1lez (Guadalajara).<\/p>\n<p style=\"text-align: right;\"><em>With information from EFE<\/em><\/p>\n<p>For more information, visit <a href=\"https:\/\/queonnda.com\/en\/\" target=\"_blank\" rel=\"noopener\">Qu\u00e9Onnda.com<\/a><\/p>\n","protected":false},"excerpt":{"rendered":"<p>Forward Guillermo Mart\u00ednez, of Pumas UNAM, is the main novelty in the list of 12 players called up from Liga MX to represent Mexico (Mexican National Team) in the next World Cup, announced on Tuesday by the Mexican Football Federation(FMF). In a press release, the FMF confirmed the group of two goalkeepers, two defenders, five [&hellip;]<\/p>\n","protected":false},"author":8,"featured_media":166596,"comment_status":"open","ping_status":"open","sticky":false,"template":"","format":"standard","meta":{"inline_featured_image":false,"footnotes":""},"categories":[140,47],"tags":[785,302,658],"class_list":{"0":"post-166597","1":"post","2":"type-post","3":"status-publish","4":"format-standard","5":"has-post-thumbnail","7":"category-soccer","8":"category-sports","9":"tag-deportes-en","10":"tag-mexico-en","11":"tag-soccer-en"},"yoast_head":"<!-- This site is optimized with the Yoast SEO Premium plugin v27.0 (Yoast SEO v27.2) - https:\/\/yoast.com\/product\/yoast-seo-premium-wordpress\/ -->\n<title>Mexican national team called up for the 2026 World Cup<\/title>\n<meta name=\"description\" content=\"Mexican national team announces 2026 World Cup call-up list: official list, surprises and absentees that impact El Tri\" \/>\n<meta name=\"robots\" content=\"index, follow, max-snippet:-1, max-image-preview:large, max-video-preview:-1\" \/>\n<link rel=\"canonical\" href=\"https:\/\/queonnda.com\/en\/the-world-cup-dream-begins\/\" \/>\n<meta property=\"og:locale\" content=\"en_US\" \/>\n<meta property=\"og:type\" content=\"article\" \/>\n<meta property=\"og:title\" content=\"The World Cup dream begins\" \/>\n<meta property=\"og:description\" content=\"Mexican national team announces 2026 World Cup call-up list: official list, surprises and absentees that impact El Tri\" \/>\n<meta property=\"og:url\" content=\"https:\/\/queonnda.com\/en\/the-world-cup-dream-begins\/\" \/>\n<meta property=\"og:site_name\" content=\"QueOnnda\" \/>\n<meta property=\"article:publisher\" content=\"https:\/\/web.facebook.com\/queonnda.nueva\" \/>\n<meta property=\"article:author\" content=\"https:\/\/www.facebook.com\/carlosfernando.rodriguezaguilera\/\" \/>\n<meta property=\"article:published_time\" content=\"2026-04-28T16:52:32+00:00\" \/>\n<meta property=\"article:modified_time\" content=\"2026-04-28T17:00:44+00:00\" \/>\n<meta property=\"og:image\" content=\"https:\/\/queonnda.com\/wp-content\/uploads\/2026\/04\/mex.jpg\" \/>\n\t<meta property=\"og:image:width\" content=\"1200\" \/>\n\t<meta property=\"og:image:height\" content=\"800\" \/>\n\t<meta property=\"og:image:type\" content=\"image\/jpeg\" \/>\n<meta name=\"author\" content=\"Carlos Rodr\u00edguez\" \/>\n<meta name=\"twitter:card\" content=\"summary_large_image\" \/>\n<meta name=\"twitter:label1\" content=\"Written by\" \/>\n\t<meta name=\"twitter:data1\" content=\"Carlos Rodr\u00edguez\" \/>\n\t<meta name=\"twitter:label2\" content=\"Est. reading time\" \/>\n\t<meta name=\"twitter:data2\" content=\"3 minutes\" \/>\n<script type=\"application\/ld+json\" class=\"yoast-schema-graph\">{\"@context\":\"https:\/\/schema.org\",\"@graph\":[{\"@type\":\"Article\",\"@id\":\"https:\/\/queonnda.com\/en\/the-world-cup-dream-begins\/#article\",\"isPartOf\":{\"@id\":\"https:\/\/queonnda.com\/en\/the-world-cup-dream-begins\/\"},\"author\":{\"name\":\"Carlos Rodr\u00edguez\",\"@id\":\"https:\/\/queonnda.com\/#\/schema\/person\/2dd88b557c5dfd5b6f2f479f993ad35b\"},\"headline\":\"The World Cup dream begins\",\"datePublished\":\"2026-04-28T16:52:32+00:00\",\"dateModified\":\"2026-04-28T17:00:44+00:00\",\"mainEntityOfPage\":{\"@id\":\"https:\/\/queonnda.com\/en\/the-world-cup-dream-begins\/\"},\"wordCount\":533,\"commentCount\":0,\"publisher\":{\"@id\":\"https:\/\/queonnda.com\/#organization\"},\"image\":{\"@id\":\"https:\/\/queonnda.com\/en\/the-world-cup-dream-begins\/#primaryimage\"},\"thumbnailUrl\":\"https:\/\/queonnda.com\/wp-content\/uploads\/2026\/04\/mex.jpg\",\"keywords\":[\"Deportes\",\"mexico\",\"Soccer\"],\"articleSection\":[\"Soccer\",\"Sports\"],\"inLanguage\":\"en-US\",\"potentialAction\":[{\"@type\":\"CommentAction\",\"name\":\"Comment\",\"target\":[\"https:\/\/queonnda.com\/en\/the-world-cup-dream-begins\/#respond\"]}],\"copyrightYear\":\"2026\",\"copyrightHolder\":{\"@id\":\"https:\/\/queonnda.com\/#organization\"}},{\"@type\":\"WebPage\",\"@id\":\"https:\/\/queonnda.com\/en\/the-world-cup-dream-begins\/\",\"url\":\"https:\/\/queonnda.com\/en\/the-world-cup-dream-begins\/\",\"name\":\"Mexican national team called up for the 2026 World Cup\",\"isPartOf\":{\"@id\":\"https:\/\/queonnda.com\/#website\"},\"primaryImageOfPage\":{\"@id\":\"https:\/\/queonnda.com\/en\/the-world-cup-dream-begins\/#primaryimage\"},\"image\":{\"@id\":\"https:\/\/queonnda.com\/en\/the-world-cup-dream-begins\/#primaryimage\"},\"thumbnailUrl\":\"https:\/\/queonnda.com\/wp-content\/uploads\/2026\/04\/mex.jpg\",\"datePublished\":\"2026-04-28T16:52:32+00:00\",\"dateModified\":\"2026-04-28T17:00:44+00:00\",\"description\":\"Mexican national team announces 2026 World Cup call-up list: official list, surprises and absentees that impact El Tri\",\"breadcrumb\":{\"@id\":\"https:\/\/queonnda.com\/en\/the-world-cup-dream-begins\/#breadcrumb\"},\"inLanguage\":\"en-US\",\"potentialAction\":[{\"@type\":\"ReadAction\",\"target\":[\"https:\/\/queonnda.com\/en\/the-world-cup-dream-begins\/\"]}]},{\"@type\":\"ImageObject\",\"inLanguage\":\"en-US\",\"@id\":\"https:\/\/queonnda.com\/en\/the-world-cup-dream-begins\/#primaryimage\",\"url\":\"https:\/\/queonnda.com\/wp-content\/uploads\/2026\/04\/mex.jpg\",\"contentUrl\":\"https:\/\/queonnda.com\/wp-content\/uploads\/2026\/04\/mex.jpg\",\"width\":1200,\"height\":800,\"caption\":\"PHOTO: EFE\"},{\"@type\":\"BreadcrumbList\",\"@id\":\"https:\/\/queonnda.com\/en\/the-world-cup-dream-begins\/#breadcrumb\",\"itemListElement\":[{\"@type\":\"ListItem\",\"position\":1,\"name\":\"Home\",\"item\":\"https:\/\/queonnda.com\/en\/\"},{\"@type\":\"ListItem\",\"position\":2,\"name\":\"The World Cup dream begins\"}]},{\"@type\":\"WebSite\",\"@id\":\"https:\/\/queonnda.com\/#website\",\"url\":\"https:\/\/queonnda.com\/\",\"name\":\"QueOnnda\",\"description\":\"Plataforma audio-digital sin precedentes que revolucionar\u00e1 la forma en que las audiencias latinas interact\u00faan con los medios\",\"publisher\":{\"@id\":\"https:\/\/queonnda.com\/#organization\"},\"potentialAction\":[{\"@type\":\"SearchAction\",\"target\":{\"@type\":\"EntryPoint\",\"urlTemplate\":\"https:\/\/queonnda.com\/?s={search_term_string}\"},\"query-input\":{\"@type\":\"PropertyValueSpecification\",\"valueRequired\":true,\"valueName\":\"search_term_string\"}}],\"inLanguage\":\"en-US\"},{\"@type\":\"Organization\",\"@id\":\"https:\/\/queonnda.com\/#organization\",\"name\":\"QueOnnda\",\"url\":\"https:\/\/queonnda.com\/\",\"logo\":{\"@type\":\"ImageObject\",\"inLanguage\":\"en-US\",\"@id\":\"https:\/\/queonnda.com\/#\/schema\/logo\/image\/\",\"url\":\"https:\/\/queonnda.com\/wp-content\/uploads\/2025\/03\/Logo_QueOnnda_Color.svg\",\"contentUrl\":\"https:\/\/queonnda.com\/wp-content\/uploads\/2025\/03\/Logo_QueOnnda_Color.svg\",\"width\":651,\"height\":103,\"caption\":\"QueOnnda\"},\"image\":{\"@id\":\"https:\/\/queonnda.com\/#\/schema\/logo\/image\/\"},\"sameAs\":[\"https:\/\/web.facebook.com\/queonnda.nueva\",\"https:\/\/www.instagram.com\/queonnda.nueva\/\",\"https:\/\/www.youtube.com\/@queonnda\",\"https:\/\/tiktok.com\/@queonnda.nueva\"]},{\"@type\":\"Person\",\"@id\":\"https:\/\/queonnda.com\/#\/schema\/person\/2dd88b557c5dfd5b6f2f479f993ad35b\",\"name\":\"Carlos Rodr\u00edguez\",\"sameAs\":[\"https:\/\/www.facebook.com\/carlosfernando.rodriguezaguilera\/\",\"https:\/\/www.instagram.com\/rodriguezaguilera11\/\"],\"url\":\"https:\/\/queonnda.com\/en\/author\/carlos-rodriguez\/\"}]}<\/script>\n<!-- \/ Yoast SEO Premium plugin. -->","yoast_head_json":{"title":"Mexican national team called up for the 2026 World Cup","description":"Mexican national team announces 2026 World Cup call-up list: official list, surprises and absentees that impact El Tri","robots":{"index":"index","follow":"follow","max-snippet":"max-snippet:-1","max-image-preview":"max-image-preview:large","max-video-preview":"max-video-preview:-1"},"canonical":"https:\/\/queonnda.com\/en\/the-world-cup-dream-begins\/","og_locale":"en_US","og_type":"article","og_title":"The World Cup dream begins","og_description":"Mexican national team announces 2026 World Cup call-up list: official list, surprises and absentees that impact El Tri","og_url":"https:\/\/queonnda.com\/en\/the-world-cup-dream-begins\/","og_site_name":"QueOnnda","article_publisher":"https:\/\/web.facebook.com\/queonnda.nueva","article_author":"https:\/\/www.facebook.com\/carlosfernando.rodriguezaguilera\/","article_published_time":"2026-04-28T16:52:32+00:00","article_modified_time":"2026-04-28T17:00:44+00:00","og_image":[{"width":1200,"height":800,"url":"https:\/\/queonnda.com\/wp-content\/uploads\/2026\/04\/mex.jpg","type":"image\/jpeg"}],"author":"Carlos Rodr\u00edguez","twitter_card":"summary_large_image","twitter_misc":{"Written by":"Carlos Rodr\u00edguez","Est. reading time":"3 minutes"},"schema":{"@context":"https:\/\/schema.org","@graph":[{"@type":"Article","@id":"https:\/\/queonnda.com\/en\/the-world-cup-dream-begins\/#article","isPartOf":{"@id":"https:\/\/queonnda.com\/en\/the-world-cup-dream-begins\/"},"author":{"name":"Carlos Rodr\u00edguez","@id":"https:\/\/queonnda.com\/#\/schema\/person\/2dd88b557c5dfd5b6f2f479f993ad35b"},"headline":"The World Cup dream begins","datePublished":"2026-04-28T16:52:32+00:00","dateModified":"2026-04-28T17:00:44+00:00","mainEntityOfPage":{"@id":"https:\/\/queonnda.com\/en\/the-world-cup-dream-begins\/"},"wordCount":533,"commentCount":0,"publisher":{"@id":"https:\/\/queonnda.com\/#organization"},"image":{"@id":"https:\/\/queonnda.com\/en\/the-world-cup-dream-begins\/#primaryimage"},"thumbnailUrl":"https:\/\/queonnda.com\/wp-content\/uploads\/2026\/04\/mex.jpg","keywords":["Deportes","mexico","Soccer"],"articleSection":["Soccer","Sports"],"inLanguage":"en-US","potentialAction":[{"@type":"CommentAction","name":"Comment","target":["https:\/\/queonnda.com\/en\/the-world-cup-dream-begins\/#respond"]}],"copyrightYear":"2026","copyrightHolder":{"@id":"https:\/\/queonnda.com\/#organization"}},{"@type":"WebPage","@id":"https:\/\/queonnda.com\/en\/the-world-cup-dream-begins\/","url":"https:\/\/queonnda.com\/en\/the-world-cup-dream-begins\/","name":"Mexican national team called up for the 2026 World Cup","isPartOf":{"@id":"https:\/\/queonnda.com\/#website"},"primaryImageOfPage":{"@id":"https:\/\/queonnda.com\/en\/the-world-cup-dream-begins\/#primaryimage"},"image":{"@id":"https:\/\/queonnda.com\/en\/the-world-cup-dream-begins\/#primaryimage"},"thumbnailUrl":"https:\/\/queonnda.com\/wp-content\/uploads\/2026\/04\/mex.jpg","datePublished":"2026-04-28T16:52:32+00:00","dateModified":"2026-04-28T17:00:44+00:00","description":"Mexican national team announces 2026 World Cup call-up list: official list, surprises and absentees that impact El Tri","breadcrumb":{"@id":"https:\/\/queonnda.com\/en\/the-world-cup-dream-begins\/#breadcrumb"},"inLanguage":"en-US","potentialAction":[{"@type":"ReadAction","target":["https:\/\/queonnda.com\/en\/the-world-cup-dream-begins\/"]}]},{"@type":"ImageObject","inLanguage":"en-US","@id":"https:\/\/queonnda.com\/en\/the-world-cup-dream-begins\/#primaryimage","url":"https:\/\/queonnda.com\/wp-content\/uploads\/2026\/04\/mex.jpg","contentUrl":"https:\/\/queonnda.com\/wp-content\/uploads\/2026\/04\/mex.jpg","width":1200,"height":800,"caption":"PHOTO: EFE"},{"@type":"BreadcrumbList","@id":"https:\/\/queonnda.com\/en\/the-world-cup-dream-begins\/#breadcrumb","itemListElement":[{"@type":"ListItem","position":1,"name":"Home","item":"https:\/\/queonnda.com\/en\/"},{"@type":"ListItem","position":2,"name":"The World Cup dream begins"}]},{"@type":"WebSite","@id":"https:\/\/queonnda.com\/#website","url":"https:\/\/queonnda.com\/","name":"QueOnnda","description":"Plataforma audio-digital sin precedentes que revolucionar\u00e1 la forma en que las audiencias latinas interact\u00faan con los medios","publisher":{"@id":"https:\/\/queonnda.com\/#organization"},"potentialAction":[{"@type":"SearchAction","target":{"@type":"EntryPoint","urlTemplate":"https:\/\/queonnda.com\/?s={search_term_string}"},"query-input":{"@type":"PropertyValueSpecification","valueRequired":true,"valueName":"search_term_string"}}],"inLanguage":"en-US"},{"@type":"Organization","@id":"https:\/\/queonnda.com\/#organization","name":"QueOnnda","url":"https:\/\/queonnda.com\/","logo":{"@type":"ImageObject","inLanguage":"en-US","@id":"https:\/\/queonnda.com\/#\/schema\/logo\/image\/","url":"https:\/\/queonnda.com\/wp-content\/uploads\/2025\/03\/Logo_QueOnnda_Color.svg","contentUrl":"https:\/\/queonnda.com\/wp-content\/uploads\/2025\/03\/Logo_QueOnnda_Color.svg","width":651,"height":103,"caption":"QueOnnda"},"image":{"@id":"https:\/\/queonnda.com\/#\/schema\/logo\/image\/"},"sameAs":["https:\/\/web.facebook.com\/queonnda.nueva","https:\/\/www.instagram.com\/queonnda.nueva\/","https:\/\/www.youtube.com\/@queonnda","https:\/\/tiktok.com\/@queonnda.nueva"]},{"@type":"Person","@id":"https:\/\/queonnda.com\/#\/schema\/person\/2dd88b557c5dfd5b6f2f479f993ad35b","name":"Carlos Rodr\u00edguez","sameAs":["https:\/\/www.facebook.com\/carlosfernando.rodriguezaguilera\/","https:\/\/www.instagram.com\/rodriguezaguilera11\/"],"url":"https:\/\/queonnda.com\/en\/author\/carlos-rodriguez\/"}]}},"_links":{"self":[{"href":"https:\/\/queonnda.com\/en\/wp-json\/wp\/v2\/posts\/166597","targetHints":{"allow":["GET"]}}],"collection":[{"href":"https:\/\/queonnda.com\/en\/wp-json\/wp\/v2\/posts"}],"about":[{"href":"https:\/\/queonnda.com\/en\/wp-json\/wp\/v2\/types\/post"}],"author":[{"embeddable":true,"href":"https:\/\/queonnda.com\/en\/wp-json\/wp\/v2\/users\/8"}],"replies":[{"embeddable":true,"href":"https:\/\/queonnda.com\/en\/wp-json\/wp\/v2\/comments?post=166597"}],"version-history":[{"count":2,"href":"https:\/\/queonnda.com\/en\/wp-json\/wp\/v2\/posts\/166597\/revisions"}],"predecessor-version":[{"id":166598,"href":"https:\/\/queonnda.com\/en\/wp-json\/wp\/v2\/posts\/166597\/revisions\/166598"}],"wp:featuredmedia":[{"embeddable":true,"href":"https:\/\/queonnda.com\/en\/wp-json\/wp\/v2\/media\/166596"}],"wp:attachment":[{"href":"https:\/\/queonnda.com\/en\/wp-json\/wp\/v2\/media?parent=166597"}],"wp:term":[{"taxonomy":"category","embeddable":true,"href":"https:\/\/queonnda.com\/en\/wp-json\/wp\/v2\/categories?post=166597"},{"taxonomy":"post_tag","embeddable":true,"href":"https:\/\/queonnda.com\/en\/wp-json\/wp\/v2\/tags?post=166597"}],"curies":[{"name":"wp","href":"https:\/\/api.w.org\/{rel}","templated":true}]}}