{"id":17551,"date":"2025-03-21T02:13:46","date_gmt":"2025-03-21T02:13:46","guid":{"rendered":"https:\/\/queonnda.com\/veronica-castro-or-lucia-mendez-who-is-the-favorite-of-hispanics\/"},"modified":"2025-03-21T02:21:35","modified_gmt":"2025-03-21T02:21:35","slug":"veronica-castro-or-lucia-mendez-who-is-the-favorite-of-hispanics","status":"publish","type":"post","link":"https:\/\/queonnda.com\/en\/veronica-castro-or-lucia-mendez-who-is-the-favorite-of-hispanics\/","title":{"rendered":"Ver\u00f3nica Castro or Luc\u00eda Mendez? Who is the favorite of Hispanics"},"content":{"rendered":"<p>When we talk about the great queens of Mexican telenovelas, two names always stand out: Ver\u00f3nica Castro and Luc\u00eda M\u00e9ndez.<\/p>\n<p>Both <a href=\"https:\/\/queonnda.com\/en\/is-angelique-boyer-the-hispanic-communitys-favorite-actress\/\" target=\"_blank\" rel=\"noopener\">actresses<\/a> have left an indelible mark on television history and in the hearts of the Hispanic community, both in Mexico and the United States. But who is really the favorite among Hispanics? Today we explore their careers and what makes them unique.<\/p>\n<p><!--more--><\/p>\n<h2><b>Ver\u00f3nica Castro: The queen of the classics<\/b><\/h2>\n<figure id=\"attachment_17533\" aria-describedby=\"caption-attachment-17533\" style=\"width: 1201px\" class=\"wp-caption alignnone\"><img loading=\"lazy\" loading=\"lazy\" decoding=\"async\" class=\"size-full wp-image-17533\" src=\"https:\/\/queonnda.com\/wp-content\/uploads\/2025\/03\/vero-castro-novelas-mezcalent-0002.jpg\" alt=\"\" width=\"1201\" height=\"743\" \/><figcaption id=\"caption-attachment-17533\" class=\"wp-caption-text\">PHOTOS: Mezcalent<\/figcaption><\/figure>\n<p><span class=\"relative -mx-px my-[-0.2rem] rounded px-px py-[0.2rem]\">Ver\u00f3nica Judith Sainz Castro was born on October 19, 1952 in Mexico City.<\/span> <span class=\"relative -mx-px my-[-0.2rem] rounded px-px py-[0.2rem]\">Her charisma and talent led her to become one of the most loved and recognized artists:<\/span><\/p>\n<p><strong data-start=\"901\" data-end=\"925\">Iconic soap operas<\/strong>: <span class=\"relative -mx-px my-[-0.2rem] rounded px-px py-[0.2rem]\">Her participation in &#8220;Los ricos tambi\u00e9n lloran&#8221; (1979) and &#8220;Rosa salvaje&#8221; (1987) brought her international fame.<\/span> <span class=\"relative -mx-px my-[-0.2rem] rounded px-px py-[0.2rem]\">These productions were broadcast in more than 150 countries, taking Mexican culture to unimaginable corners and consolidating her as a world-class star.<\/span><\/p>\n<p data-start=\"1056\" data-end=\"1201\"><strong data-start=\"1056\" data-end=\"1074\">Musical side<\/strong>: <span class=\"relative -mx-px my-[-0.2rem] rounded px-px py-[0.2rem]\">Veronica also ventured into music, releasing albums that complemented her acting career.<\/span> <span class=\"relative -mx-px my-[-0.2rem] rounded px-px py-[0.2rem]\">Tracks such as &#8220;Macumba&#8221; and &#8220;Ven&#8221; were well received by the public, demonstrating her artistic versatility.<\/span><\/p>\n<p data-start=\"1205\" data-end=\"1332\"><strong data-start=\"1205\" data-end=\"1245\">Conducting and variety programs<\/strong>: <span class=\"relative -mx-px my-[-0.2rem] rounded px-px py-[0.2rem]\">In addition to acting and music, she stood out as a host in programs such as &#8220;Mala noche&#8230;. \u00a1no!&#8221; and &#8220;La movida&#8221;, where she interviewed national and international personalities, establishing herself as a charismatic and versatile host.<\/span><\/p>\n<h2><b>Luc\u00eda M\u00e9ndez: The multifaceted diva<\/b><\/h2>\n<figure id=\"attachment_17539\" aria-describedby=\"caption-attachment-17539\" style=\"width: 1201px\" class=\"wp-caption alignnone\"><img loading=\"lazy\" loading=\"lazy\" decoding=\"async\" class=\"size-full wp-image-17539\" src=\"https:\/\/queonnda.com\/wp-content\/uploads\/2025\/03\/lucia-mendez-novelas-mezcalent-0003.jpg\" alt=\"\" width=\"1201\" height=\"743\" \/><figcaption id=\"caption-attachment-17539\" class=\"wp-caption-text\">PHOTOS: Mezcalent<\/figcaption><\/figure>\n<p data-start=\"144\" data-end=\"301\"><span class=\"relative -mx-px my-[-0.2rem] rounded px-px py-[0.2rem]\">Luc\u00eda Leticia M\u00e9ndez P\u00e9rez was born on January 26, 1955 in Le\u00f3n, Guanajuato, Mexico.<\/span> <span class=\"relative -mx-px my-[-0.2rem] rounded px-px py-[0.2rem]\">From a young age, she showed an inclination for the arts, beginning her career in the 1970s.<\/span> <span class=\"relative -mx-px my-[-0.2rem] rounded px-px py-[0.2rem]\">Her versatility led her to stand out in various fields.<\/span><\/p>\n<p data-start=\"305\" data-end=\"454\"><strong data-start=\"305\" data-end=\"333\">Acting in soap operas<\/strong>: <span class=\"relative -mx-px my-[-0.2rem] rounded px-px py-[0.2rem]\">Luc\u00eda starred in successful soap operas that catapulted her to international fame.<\/span> <span class=\"relative -mx-px my-[-0.2rem] rounded px-px py-[0.2rem]\">Among them are &#8220;Viviana&#8221; (1978), &#8220;Colorina&#8221; (1980) and &#8220;T\u00fa o nadie&#8221; (1985), productions that were exported to many countries, consolidating her as one of the most recognized actresses of her generation.<\/span><\/p>\n<p data-start=\"305\" data-end=\"454\"><figure class=\"wp-block-pullquote\"><blockquote><p style=\"color: #fd9737;\">Ver\u00f3nica and Luc\u00eda are the biggest female stars of Mexican soap operas<\/p><cite>QueOnnda.com<\/cite><\/blockquote><\/figure><\/p>\n<p data-start=\"458\" data-end=\"602\"><strong data-start=\"458\" data-end=\"477\">Musical career<\/strong>: <span class=\"relative -mx-px my-[-0.2rem] rounded px-px py-[0.2rem]\">Parallel to acting, he ventured into music, releasing his first album &#8220;Siempre estoy pensando en ti&#8221; in 1975.<\/span> <span class=\"relative -mx-px my-[-0.2rem] rounded px-px py-[0.2rem]\">Songs such as &#8220;Cerca de ti&#8221; and &#8220;Coraz\u00f3n de piedra&#8221; became hits, demonstrating his ability to conquer both the screen and musical stages.<\/span><\/p>\n<p data-start=\"606\" data-end=\"712\"><strong data-start=\"606\" data-end=\"625\">Acknowledgements<\/strong>: <span class=\"relative -mx-px my-[-0.2rem] rounded px-px py-[0.2rem]\">Throughout his career, he has received multiple awards and distinctions that endorse his talent and dedication to art.<\/span><\/p>\n<h2><b>Who is the favorite among Hispanics?<\/b><\/h2>\n<figure id=\"attachment_17541\" aria-describedby=\"caption-attachment-17541\" style=\"width: 1200px\" class=\"wp-caption alignnone\"><img loading=\"lazy\" loading=\"lazy\" decoding=\"async\" class=\"size-full wp-image-17541\" src=\"https:\/\/queonnda.com\/wp-content\/uploads\/2025\/03\/ROSASALVAJE-VERO-CASTRO-MEZCALENT.jpg\" alt=\"\" width=\"1200\" height=\"1828\" \/><figcaption id=\"caption-attachment-17541\" class=\"wp-caption-text\">PHOTO: Mezcalent<\/figcaption><\/figure>\n<p>The answer to this question depends very much on the generation you belong to.<\/p>\n<p>For many, Ver\u00f3nica Castro represents the warmth and family values that defined the telenovelas of the 70s and 80s.<\/p>\n<p>On the other hand, Luc\u00eda M\u00e9ndez symbolizes the glamour and modernity of the productions of the 80s and 90s.<\/p>\n<p>According to surveys conducted by media outlets such as <a href=\"https:\/\/peopleenespanol.com\/\" target=\"_blank\" rel=\"noopener\"><i>People en Espa\u00f1ol<\/i><\/a>both actresses remain beloved figures, but Ver\u00f3nica Castro tends to be more popular with traditional viewers, while Luc\u00eda M\u00e9ndez connects with audiences who value more sophisticated stories.<\/p>\n<h2><b>A shared legacy<\/b><\/h2>\n<figure id=\"attachment_17545\" aria-describedby=\"caption-attachment-17545\" style=\"width: 1197px\" class=\"wp-caption alignnone\"><img loading=\"lazy\" loading=\"lazy\" decoding=\"async\" class=\"wp-image-17545 size-full\" src=\"https:\/\/queonnda.com\/wp-content\/uploads\/2025\/03\/lucia-vero-castro-mezcalent-0003.jpg\" alt=\"Veronica Castro Lucia Mendez, Veronica Castro, Lucia Mendez, Qu\u00e9Onnda\" width=\"1197\" height=\"1364\" \/><figcaption id=\"caption-attachment-17545\" class=\"wp-caption-text\">PHOTO: Mezcalent<\/figcaption><\/figure>\n\n<p>Both Ver\u00f3nica Castro and Luc\u00eda M\u00e9ndez have marked the history of telenovelas and continue to be references of Hispanic culture.<\/p>\n<p>His works are a reminder of the golden age of Mexican television, when stories of love, drama and passion united millions in front of the screen.<\/p>\n<p>Now it&#8217;s your turn! Are you team Veronica or team Lucia? Let us know what you think in the comments!<\/p>\n<p>Find out more at <a href=\"https:\/\/queonnda.com\" target=\"_blank\" rel=\"noopener\">QueOnnda.com.<\/a><\/p>\n","protected":false},"excerpt":{"rendered":"<p>When we talk about the great queens of Mexican telenovelas, two names always stand out: Ver\u00f3nica Castro and Luc\u00eda M\u00e9ndez. Both actresses have left an indelible mark on television history and in the hearts of the Hispanic community, both in Mexico and the United States. But who is really the favorite among Hispanics? Today we [&hellip;]<\/p>\n","protected":false},"author":6,"featured_media":17538,"comment_status":"open","ping_status":"open","sticky":false,"template":"","format":"standard","meta":{"inline_featured_image":false,"footnotes":""},"categories":[55,122],"tags":[263],"class_list":{"0":"post-17551","1":"post","2":"type-post","3":"status-publish","4":"format-standard","5":"has-post-thumbnail","7":"category-entertainment","8":"category-soap-operas","9":"tag-veronica-castro-en"},"yoast_head":"<!-- This site is optimized with the Yoast SEO Premium plugin v27.0 (Yoast SEO v27.2) - https:\/\/yoast.com\/product\/yoast-seo-premium-wordpress\/ -->\n<title>Ver\u00f3nica Castro Luc\u00eda M\u00e9ndez: Who is the favorite?<\/title>\n<meta name=\"description\" content=\"Find out if Ver\u00f3nica Castro or Luc\u00eda M\u00e9ndez is the favorite of Hispanics - two queens of Mexican telenovelas!\" \/>\n<meta name=\"robots\" content=\"index, follow, max-snippet:-1, max-image-preview:large, max-video-preview:-1\" \/>\n<link rel=\"canonical\" href=\"https:\/\/queonnda.com\/en\/veronica-castro-or-lucia-mendez-who-is-the-favorite-of-hispanics\/\" \/>\n<meta property=\"og:locale\" content=\"en_US\" \/>\n<meta property=\"og:type\" content=\"article\" \/>\n<meta property=\"og:title\" content=\"Ver\u00f3nica Castro or Luc\u00eda Mendez? Who is the favorite of Hispanics\" \/>\n<meta property=\"og:description\" content=\"Find out if Ver\u00f3nica Castro or Luc\u00eda M\u00e9ndez is the favorite of Hispanics - two queens of Mexican telenovelas!\" \/>\n<meta property=\"og:url\" content=\"https:\/\/queonnda.com\/en\/veronica-castro-or-lucia-mendez-who-is-the-favorite-of-hispanics\/\" \/>\n<meta property=\"og:site_name\" content=\"QueOnnda\" \/>\n<meta property=\"article:publisher\" content=\"https:\/\/web.facebook.com\/queonnda.nueva\" \/>\n<meta property=\"article:published_time\" content=\"2025-03-21T02:13:46+00:00\" \/>\n<meta property=\"article:modified_time\" content=\"2025-03-21T02:21:35+00:00\" \/>\n<meta property=\"og:image\" content=\"https:\/\/queonnda.com\/wp-content\/uploads\/2025\/03\/vero-lucia-mezcalent-0001.jpg\" \/>\n\t<meta property=\"og:image:width\" content=\"1200\" \/>\n\t<meta property=\"og:image:height\" content=\"664\" \/>\n\t<meta property=\"og:image:type\" content=\"image\/jpeg\" \/>\n<meta name=\"author\" content=\"Israel Castillo\" \/>\n<meta name=\"twitter:card\" content=\"summary_large_image\" \/>\n<meta name=\"twitter:label1\" content=\"Written by\" \/>\n\t<meta name=\"twitter:data1\" content=\"Israel Castillo\" \/>\n\t<meta name=\"twitter:label2\" content=\"Est. reading time\" \/>\n\t<meta name=\"twitter:data2\" content=\"4 minutes\" \/>\n<script type=\"application\/ld+json\" class=\"yoast-schema-graph\">{\"@context\":\"https:\/\/schema.org\",\"@graph\":[{\"@type\":\"Article\",\"@id\":\"https:\/\/queonnda.com\/en\/veronica-castro-or-lucia-mendez-who-is-the-favorite-of-hispanics\/#article\",\"isPartOf\":{\"@id\":\"https:\/\/queonnda.com\/en\/veronica-castro-or-lucia-mendez-who-is-the-favorite-of-hispanics\/\"},\"author\":{\"name\":\"Israel Castillo\",\"@id\":\"https:\/\/queonnda.com\/#\/schema\/person\/ba7226ec14bada54bbd8f989eccc817e\"},\"headline\":\"Ver\u00f3nica Castro or Luc\u00eda Mendez? Who is the favorite of Hispanics\",\"datePublished\":\"2025-03-21T02:13:46+00:00\",\"dateModified\":\"2025-03-21T02:21:35+00:00\",\"mainEntityOfPage\":{\"@id\":\"https:\/\/queonnda.com\/en\/veronica-castro-or-lucia-mendez-who-is-the-favorite-of-hispanics\/\"},\"wordCount\":626,\"commentCount\":0,\"publisher\":{\"@id\":\"https:\/\/queonnda.com\/#organization\"},\"image\":{\"@id\":\"https:\/\/queonnda.com\/en\/veronica-castro-or-lucia-mendez-who-is-the-favorite-of-hispanics\/#primaryimage\"},\"thumbnailUrl\":\"https:\/\/queonnda.com\/wp-content\/uploads\/2025\/03\/vero-lucia-mezcalent-0001.jpg\",\"keywords\":[\"Veronica Castro\"],\"articleSection\":[\"Entertainment\",\"Soap operas\"],\"inLanguage\":\"en-US\",\"potentialAction\":[{\"@type\":\"CommentAction\",\"name\":\"Comment\",\"target\":[\"https:\/\/queonnda.com\/en\/veronica-castro-or-lucia-mendez-who-is-the-favorite-of-hispanics\/#respond\"]}],\"copyrightYear\":\"2025\",\"copyrightHolder\":{\"@id\":\"https:\/\/queonnda.com\/#organization\"}},{\"@type\":\"WebPage\",\"@id\":\"https:\/\/queonnda.com\/en\/veronica-castro-or-lucia-mendez-who-is-the-favorite-of-hispanics\/\",\"url\":\"https:\/\/queonnda.com\/en\/veronica-castro-or-lucia-mendez-who-is-the-favorite-of-hispanics\/\",\"name\":\"Ver\u00f3nica Castro Luc\u00eda M\u00e9ndez: Who is the favorite?\",\"isPartOf\":{\"@id\":\"https:\/\/queonnda.com\/#website\"},\"primaryImageOfPage\":{\"@id\":\"https:\/\/queonnda.com\/en\/veronica-castro-or-lucia-mendez-who-is-the-favorite-of-hispanics\/#primaryimage\"},\"image\":{\"@id\":\"https:\/\/queonnda.com\/en\/veronica-castro-or-lucia-mendez-who-is-the-favorite-of-hispanics\/#primaryimage\"},\"thumbnailUrl\":\"https:\/\/queonnda.com\/wp-content\/uploads\/2025\/03\/vero-lucia-mezcalent-0001.jpg\",\"datePublished\":\"2025-03-21T02:13:46+00:00\",\"dateModified\":\"2025-03-21T02:21:35+00:00\",\"description\":\"Find out if Ver\u00f3nica Castro or Luc\u00eda M\u00e9ndez is the favorite of Hispanics - two queens of Mexican telenovelas!\",\"breadcrumb\":{\"@id\":\"https:\/\/queonnda.com\/en\/veronica-castro-or-lucia-mendez-who-is-the-favorite-of-hispanics\/#breadcrumb\"},\"inLanguage\":\"en-US\",\"potentialAction\":[{\"@type\":\"ReadAction\",\"target\":[\"https:\/\/queonnda.com\/en\/veronica-castro-or-lucia-mendez-who-is-the-favorite-of-hispanics\/\"]}]},{\"@type\":\"ImageObject\",\"inLanguage\":\"en-US\",\"@id\":\"https:\/\/queonnda.com\/en\/veronica-castro-or-lucia-mendez-who-is-the-favorite-of-hispanics\/#primaryimage\",\"url\":\"https:\/\/queonnda.com\/wp-content\/uploads\/2025\/03\/vero-lucia-mezcalent-0001.jpg\",\"contentUrl\":\"https:\/\/queonnda.com\/wp-content\/uploads\/2025\/03\/vero-lucia-mezcalent-0001.jpg\",\"width\":1200,\"height\":664,\"caption\":\"FOTOS: Mezcalent\"},{\"@type\":\"BreadcrumbList\",\"@id\":\"https:\/\/queonnda.com\/en\/veronica-castro-or-lucia-mendez-who-is-the-favorite-of-hispanics\/#breadcrumb\",\"itemListElement\":[{\"@type\":\"ListItem\",\"position\":1,\"name\":\"Home\",\"item\":\"https:\/\/queonnda.com\/en\/\"},{\"@type\":\"ListItem\",\"position\":2,\"name\":\"Ver\u00f3nica Castro or Luc\u00eda Mendez? Who is the favorite of Hispanics\"}]},{\"@type\":\"WebSite\",\"@id\":\"https:\/\/queonnda.com\/#website\",\"url\":\"https:\/\/queonnda.com\/\",\"name\":\"QueOnnda\",\"description\":\"Plataforma audio-digital sin precedentes que revolucionar\u00e1 la forma en que las audiencias latinas interact\u00faan con los medios\",\"publisher\":{\"@id\":\"https:\/\/queonnda.com\/#organization\"},\"potentialAction\":[{\"@type\":\"SearchAction\",\"target\":{\"@type\":\"EntryPoint\",\"urlTemplate\":\"https:\/\/queonnda.com\/?s={search_term_string}\"},\"query-input\":{\"@type\":\"PropertyValueSpecification\",\"valueRequired\":true,\"valueName\":\"search_term_string\"}}],\"inLanguage\":\"en-US\"},{\"@type\":\"Organization\",\"@id\":\"https:\/\/queonnda.com\/#organization\",\"name\":\"QueOnnda\",\"url\":\"https:\/\/queonnda.com\/\",\"logo\":{\"@type\":\"ImageObject\",\"inLanguage\":\"en-US\",\"@id\":\"https:\/\/queonnda.com\/#\/schema\/logo\/image\/\",\"url\":\"https:\/\/queonnda.com\/wp-content\/uploads\/2025\/03\/Logo_QueOnnda_Color.svg\",\"contentUrl\":\"https:\/\/queonnda.com\/wp-content\/uploads\/2025\/03\/Logo_QueOnnda_Color.svg\",\"width\":651,\"height\":103,\"caption\":\"QueOnnda\"},\"image\":{\"@id\":\"https:\/\/queonnda.com\/#\/schema\/logo\/image\/\"},\"sameAs\":[\"https:\/\/web.facebook.com\/queonnda.nueva\",\"https:\/\/www.instagram.com\/queonnda.nueva\/\",\"https:\/\/www.youtube.com\/@queonnda\",\"https:\/\/tiktok.com\/@queonnda.nueva\"]},{\"@type\":\"Person\",\"@id\":\"https:\/\/queonnda.com\/#\/schema\/person\/ba7226ec14bada54bbd8f989eccc817e\",\"name\":\"Israel Castillo\",\"sameAs\":[\"https:\/\/queonnda.com\"],\"url\":\"https:\/\/queonnda.com\/en\/author\/israel\/\"}]}<\/script>\n<!-- \/ Yoast SEO Premium plugin. -->","yoast_head_json":{"title":"Ver\u00f3nica Castro Luc\u00eda M\u00e9ndez: Who is the favorite?","description":"Find out if Ver\u00f3nica Castro or Luc\u00eda M\u00e9ndez is the favorite of Hispanics - two queens of Mexican telenovelas!","robots":{"index":"index","follow":"follow","max-snippet":"max-snippet:-1","max-image-preview":"max-image-preview:large","max-video-preview":"max-video-preview:-1"},"canonical":"https:\/\/queonnda.com\/en\/veronica-castro-or-lucia-mendez-who-is-the-favorite-of-hispanics\/","og_locale":"en_US","og_type":"article","og_title":"Ver\u00f3nica Castro or Luc\u00eda Mendez? Who is the favorite of Hispanics","og_description":"Find out if Ver\u00f3nica Castro or Luc\u00eda M\u00e9ndez is the favorite of Hispanics - two queens of Mexican telenovelas!","og_url":"https:\/\/queonnda.com\/en\/veronica-castro-or-lucia-mendez-who-is-the-favorite-of-hispanics\/","og_site_name":"QueOnnda","article_publisher":"https:\/\/web.facebook.com\/queonnda.nueva","article_published_time":"2025-03-21T02:13:46+00:00","article_modified_time":"2025-03-21T02:21:35+00:00","og_image":[{"width":1200,"height":664,"url":"https:\/\/queonnda.com\/wp-content\/uploads\/2025\/03\/vero-lucia-mezcalent-0001.jpg","type":"image\/jpeg"}],"author":"Israel Castillo","twitter_card":"summary_large_image","twitter_misc":{"Written by":"Israel Castillo","Est. reading time":"4 minutes"},"schema":{"@context":"https:\/\/schema.org","@graph":[{"@type":"Article","@id":"https:\/\/queonnda.com\/en\/veronica-castro-or-lucia-mendez-who-is-the-favorite-of-hispanics\/#article","isPartOf":{"@id":"https:\/\/queonnda.com\/en\/veronica-castro-or-lucia-mendez-who-is-the-favorite-of-hispanics\/"},"author":{"name":"Israel Castillo","@id":"https:\/\/queonnda.com\/#\/schema\/person\/ba7226ec14bada54bbd8f989eccc817e"},"headline":"Ver\u00f3nica Castro or Luc\u00eda Mendez? Who is the favorite of Hispanics","datePublished":"2025-03-21T02:13:46+00:00","dateModified":"2025-03-21T02:21:35+00:00","mainEntityOfPage":{"@id":"https:\/\/queonnda.com\/en\/veronica-castro-or-lucia-mendez-who-is-the-favorite-of-hispanics\/"},"wordCount":626,"commentCount":0,"publisher":{"@id":"https:\/\/queonnda.com\/#organization"},"image":{"@id":"https:\/\/queonnda.com\/en\/veronica-castro-or-lucia-mendez-who-is-the-favorite-of-hispanics\/#primaryimage"},"thumbnailUrl":"https:\/\/queonnda.com\/wp-content\/uploads\/2025\/03\/vero-lucia-mezcalent-0001.jpg","keywords":["Veronica Castro"],"articleSection":["Entertainment","Soap operas"],"inLanguage":"en-US","potentialAction":[{"@type":"CommentAction","name":"Comment","target":["https:\/\/queonnda.com\/en\/veronica-castro-or-lucia-mendez-who-is-the-favorite-of-hispanics\/#respond"]}],"copyrightYear":"2025","copyrightHolder":{"@id":"https:\/\/queonnda.com\/#organization"}},{"@type":"WebPage","@id":"https:\/\/queonnda.com\/en\/veronica-castro-or-lucia-mendez-who-is-the-favorite-of-hispanics\/","url":"https:\/\/queonnda.com\/en\/veronica-castro-or-lucia-mendez-who-is-the-favorite-of-hispanics\/","name":"Ver\u00f3nica Castro Luc\u00eda M\u00e9ndez: Who is the favorite?","isPartOf":{"@id":"https:\/\/queonnda.com\/#website"},"primaryImageOfPage":{"@id":"https:\/\/queonnda.com\/en\/veronica-castro-or-lucia-mendez-who-is-the-favorite-of-hispanics\/#primaryimage"},"image":{"@id":"https:\/\/queonnda.com\/en\/veronica-castro-or-lucia-mendez-who-is-the-favorite-of-hispanics\/#primaryimage"},"thumbnailUrl":"https:\/\/queonnda.com\/wp-content\/uploads\/2025\/03\/vero-lucia-mezcalent-0001.jpg","datePublished":"2025-03-21T02:13:46+00:00","dateModified":"2025-03-21T02:21:35+00:00","description":"Find out if Ver\u00f3nica Castro or Luc\u00eda M\u00e9ndez is the favorite of Hispanics - two queens of Mexican telenovelas!","breadcrumb":{"@id":"https:\/\/queonnda.com\/en\/veronica-castro-or-lucia-mendez-who-is-the-favorite-of-hispanics\/#breadcrumb"},"inLanguage":"en-US","potentialAction":[{"@type":"ReadAction","target":["https:\/\/queonnda.com\/en\/veronica-castro-or-lucia-mendez-who-is-the-favorite-of-hispanics\/"]}]},{"@type":"ImageObject","inLanguage":"en-US","@id":"https:\/\/queonnda.com\/en\/veronica-castro-or-lucia-mendez-who-is-the-favorite-of-hispanics\/#primaryimage","url":"https:\/\/queonnda.com\/wp-content\/uploads\/2025\/03\/vero-lucia-mezcalent-0001.jpg","contentUrl":"https:\/\/queonnda.com\/wp-content\/uploads\/2025\/03\/vero-lucia-mezcalent-0001.jpg","width":1200,"height":664,"caption":"FOTOS: Mezcalent"},{"@type":"BreadcrumbList","@id":"https:\/\/queonnda.com\/en\/veronica-castro-or-lucia-mendez-who-is-the-favorite-of-hispanics\/#breadcrumb","itemListElement":[{"@type":"ListItem","position":1,"name":"Home","item":"https:\/\/queonnda.com\/en\/"},{"@type":"ListItem","position":2,"name":"Ver\u00f3nica Castro or Luc\u00eda Mendez? Who is the favorite of Hispanics"}]},{"@type":"WebSite","@id":"https:\/\/queonnda.com\/#website","url":"https:\/\/queonnda.com\/","name":"QueOnnda","description":"Plataforma audio-digital sin precedentes que revolucionar\u00e1 la forma en que las audiencias latinas interact\u00faan con los medios","publisher":{"@id":"https:\/\/queonnda.com\/#organization"},"potentialAction":[{"@type":"SearchAction","target":{"@type":"EntryPoint","urlTemplate":"https:\/\/queonnda.com\/?s={search_term_string}"},"query-input":{"@type":"PropertyValueSpecification","valueRequired":true,"valueName":"search_term_string"}}],"inLanguage":"en-US"},{"@type":"Organization","@id":"https:\/\/queonnda.com\/#organization","name":"QueOnnda","url":"https:\/\/queonnda.com\/","logo":{"@type":"ImageObject","inLanguage":"en-US","@id":"https:\/\/queonnda.com\/#\/schema\/logo\/image\/","url":"https:\/\/queonnda.com\/wp-content\/uploads\/2025\/03\/Logo_QueOnnda_Color.svg","contentUrl":"https:\/\/queonnda.com\/wp-content\/uploads\/2025\/03\/Logo_QueOnnda_Color.svg","width":651,"height":103,"caption":"QueOnnda"},"image":{"@id":"https:\/\/queonnda.com\/#\/schema\/logo\/image\/"},"sameAs":["https:\/\/web.facebook.com\/queonnda.nueva","https:\/\/www.instagram.com\/queonnda.nueva\/","https:\/\/www.youtube.com\/@queonnda","https:\/\/tiktok.com\/@queonnda.nueva"]},{"@type":"Person","@id":"https:\/\/queonnda.com\/#\/schema\/person\/ba7226ec14bada54bbd8f989eccc817e","name":"Israel Castillo","sameAs":["https:\/\/queonnda.com"],"url":"https:\/\/queonnda.com\/en\/author\/israel\/"}]}},"_links":{"self":[{"href":"https:\/\/queonnda.com\/en\/wp-json\/wp\/v2\/posts\/17551","targetHints":{"allow":["GET"]}}],"collection":[{"href":"https:\/\/queonnda.com\/en\/wp-json\/wp\/v2\/posts"}],"about":[{"href":"https:\/\/queonnda.com\/en\/wp-json\/wp\/v2\/types\/post"}],"author":[{"embeddable":true,"href":"https:\/\/queonnda.com\/en\/wp-json\/wp\/v2\/users\/6"}],"replies":[{"embeddable":true,"href":"https:\/\/queonnda.com\/en\/wp-json\/wp\/v2\/comments?post=17551"}],"version-history":[{"count":0,"href":"https:\/\/queonnda.com\/en\/wp-json\/wp\/v2\/posts\/17551\/revisions"}],"wp:featuredmedia":[{"embeddable":true,"href":"https:\/\/queonnda.com\/en\/wp-json\/wp\/v2\/media\/17538"}],"wp:attachment":[{"href":"https:\/\/queonnda.com\/en\/wp-json\/wp\/v2\/media?parent=17551"}],"wp:term":[{"taxonomy":"category","embeddable":true,"href":"https:\/\/queonnda.com\/en\/wp-json\/wp\/v2\/categories?post=17551"},{"taxonomy":"post_tag","embeddable":true,"href":"https:\/\/queonnda.com\/en\/wp-json\/wp\/v2\/tags?post=17551"}],"curies":[{"name":"wp","href":"https:\/\/api.w.org\/{rel}","templated":true}]}}