{"id":21959,"date":"2025-03-28T02:33:22","date_gmt":"2025-03-28T02:33:22","guid":{"rendered":"https:\/\/queonnda.com\/justice-for-selena-texas-denies-parole-to-yolanda-saldivar\/"},"modified":"2025-03-28T02:49:19","modified_gmt":"2025-03-28T02:49:19","slug":"justice-for-selena-texas-denies-parole-to-yolanda-saldivar","status":"publish","type":"post","link":"https:\/\/queonnda.com\/en\/justice-for-selena-texas-denies-parole-to-yolanda-saldivar\/","title":{"rendered":"Justice for Selena: Texas denies parole to Yolanda Saldivar"},"content":{"rendered":"<p>On March 27, 2025, the Texas Board of Pardons and Paroles denied the early release request of Yolanda Sald\u00edvar, who was sentenced to life in prison for the murder of iconic singer Selena Quintanilla in 1995.<\/p>\n<p>The decision was made due to the brutality of the crime and the ongoing risk she poses to public safety, according to the news agency Efe.<\/p>\n<p><!--more--><\/p>\n<h2>Reasons for the Decision<\/h2>\n<figure id=\"attachment_20278\" aria-describedby=\"caption-attachment-20278\" style=\"width: 1200px\" class=\"wp-caption alignnone\"><img loading=\"lazy\" loading=\"lazy\" decoding=\"async\" class=\"wp-image-20278 size-full\" src=\"https:\/\/queonnda.com\/wp-content\/uploads\/2025\/03\/Yolanda-saldivar.jpg\" alt=\"libertad condicional Yolanda Sald\u00edvar, Selena, Yolanda Sald\u00edvar, libertad condicional, Qu\u00e9Onnda\" width=\"1200\" height=\"1518\" \/><figcaption id=\"caption-attachment-20278\" class=\"wp-caption-text\">Parole denied for Yolanda Sald\u00edvar \/ PHOTO: Texas Board of Pardons and Paroles<\/figcaption><\/figure>\n<p>According to the official statement, the Board argued that the crime committed by Sald\u00edvar exhibits &#8220;elements of brutality, violence, and aggressive behavior,&#8221; as well as reflecting a &#8220;conscious disregard for life.&#8221;<\/p>\n<p>The Board concluded that, due to these factors, Sald\u00edvar&#8217;s release would pose a risk to public safety, which is why her request was denied.<\/p>\n<p>According to <a href=\"https:\/\/www.telemundocc.com\/homepage-showcase\/niegan-libertad-condicion-a-yolanda-saldivar\" target=\"_blank\" rel=\"noopener\">Telemundo Corpus Christi<\/a>, the Texas Board&#8217;s decision comes just four days before the 30th anniversary of Selena\u2019s murder.<\/p>\n<p>&#8220;Sald\u00edvar, 64, was required to serve 30 years before being considered for parole after being sentenced in 1995,&#8221; reported the Hispanic media outlet on its website.<\/p>\n<h2>Who is Yolanda Sald\u00edvar and what did she do?<\/h2>\n<figure id=\"attachment_21950\" aria-describedby=\"caption-attachment-21950\" style=\"width: 1200px\" class=\"wp-caption alignnone\"><img loading=\"lazy\" loading=\"lazy\" decoding=\"async\" class=\"wp-image-21950 size-full\" src=\"https:\/\/queonnda.com\/wp-content\/uploads\/2025\/03\/selena-yolanda-mezcalent.jpg\" alt=\"libertad condicional Yolanda Sald\u00edvar, Selena, Yolanda Sald\u00edvar, libertad condicional, Qu\u00e9Onnda\" width=\"1200\" height=\"1029\" \/><figcaption id=\"caption-attachment-21950\" class=\"wp-caption-text\">Parole denied for Yolanda Sald\u00edvar \/ PHOTO: Mezcalent<\/figcaption><\/figure>\n<p>Yolanda Sald\u00edvar was the president of Selena\u2019s fan club and the manager of the singer\u2019s boutiques.<\/p>\n<p>On March 31, 1995, after it was discovered that Sald\u00edvar had embezzled more than $30,000 from Selena\u2019s businesses, the singer confronted her at a motel in Corpus Christi, Texas.<\/p>\n<p>During the confrontation, Sald\u00edvar fatally shot Selena in the right shoulder. Although the convicted claimed that the shooting was accidental, the jury found her guilty of first-degree murder.<\/p>\n<h2>Reactions from the Quintanilla Family and Chris P\u00e9rez<\/h2>\n<figure id=\"attachment_21952\" aria-describedby=\"caption-attachment-21952\" style=\"width: 1200px\" class=\"wp-caption alignnone\"><img loading=\"lazy\" loading=\"lazy\" decoding=\"async\" class=\"size-full wp-image-21952\" src=\"https:\/\/queonnda.com\/wp-content\/uploads\/2025\/03\/comunicado-selena-suzette-instagram.jpg\" alt=\"\" width=\"1200\" height=\"1156\" \/><figcaption id=\"caption-attachment-21952\" class=\"wp-caption-text\">Parole denied for Yolanda Sald\u00edvar \/ PHOTO: Instagram de Suzette Quintanilla<\/figcaption><\/figure>\n<p>Selena\u2019s family, including her sister Suzette Quintanilla and her widower Chris P\u00e9rez, expressed their relief upon hearing the decision.<\/p>\n<p>In an emotional statement on social media, Suzette said: \u201cToday we are grateful that the Texas Board of Pardons and Paroles has chosen to deny parole for Yolanda Sald\u00edvar.\u201d<\/p>\n<p>\u201cWhile nothing can bring Selena back, this decision reaffirms that justice continues to stand for the beautiful life that was taken from us and from millions of fans around the world far too soon,\u201d the statement added.<\/p>\n<p>The text states that \u201cSelena\u2019s legacy is one of love, music, and inspiration. She lived with joy, gave selflessly, and continues to uplift generations with her voice and her spirit.\u201d<\/p>\n<p>\u201cAs her family and loved ones, we remain committed to preserving her memory and ensuring that her story is honored with the dignity and respect it deserves,\u201d the statement continued.<\/p>\n<p>The message was accompanied by words of gratitude to the fans who have kept the singer\u2019s legacy alive for three decades.<\/p>\n<figure class=\"wp-block-pullquote\"><blockquote><p style=\"color: #fd9737;\">We thank Selena&#039;s fans for their unwavering support throughout the years. Your love has been a source of strength and healing<\/p><cite>Quintanilla family and Chris P\u00e9rez<\/cite><\/blockquote><\/figure>\n<p>Finally, the Quintanilla family and Chris P\u00e9rez made it clear that they will continue &#8220;celebrating Selena\u2019s life, not the tragedy that took her from us, and we ask that all who cherish her do the same.&#8221;<\/p>\n<h2>The Impact on the Latino Community<\/h2>\n<figure id=\"attachment_6646\" aria-describedby=\"caption-attachment-6646\" style=\"width: 1200px\" class=\"wp-caption alignnone\"><img loading=\"lazy\" loading=\"lazy\" decoding=\"async\" class=\"size-full wp-image-6646\" src=\"https:\/\/queonnda.com\/wp-content\/uploads\/2025\/01\/selena-mezcalent-004.jpg\" alt=\"\" width=\"1200\" height=\"1609\" \/><figcaption id=\"caption-attachment-6646\" class=\"wp-caption-text\">FOTO: Mezcalent<\/figcaption><\/figure>\n<p>The community of Selena\u2019s fans across the country reacted with messages of support for the family and relief upon hearing that Sald\u00edvar will remain in prison.<\/p>\n<p>\u201cGod is good,\u201d \u201cas it should be,\u201d \u201cpraise the Lord! She should NEVER be released!\u201d and \u201cI knew they would deny it, you have to accept the crime and show remorse, and she has never accepted it,\u201d were some of the comments on Suzette Quintanilla\u2019s post.<\/p>\n<p>One user added: \u201cIt\u2019s probably better for her to stay locked up. I don\u2019t think she would survive a single day in the free community. We all love Selena.\u201d<\/p>\n<p>Other comments included: \u201cShe doesn\u2019t deserve a chance; neither Selena nor her family had one. It wouldn\u2019t be fair,\u201d \u201cOh my God!!!!!! What great news!!!!!! Selena forever,\u201d and \u201cBravo, locked up for life, she will pay more this way for extinguishing the light of a star. Selena lives.\u201d<\/p>\n<h2>When will she be able to request parole again?<\/h2>\n<figure id=\"attachment_6644\" aria-describedby=\"caption-attachment-6644\" style=\"width: 1200px\" class=\"wp-caption alignnone\"><img loading=\"lazy\" loading=\"lazy\" decoding=\"async\" class=\"size-full wp-image-6644\" src=\"https:\/\/queonnda.com\/wp-content\/uploads\/2025\/01\/selena-mezcalent-003.jpg\" alt=\"\" width=\"1200\" height=\"1514\" \/><figcaption id=\"caption-attachment-6644\" class=\"wp-caption-text\">PHOTO: Mezcalent<\/figcaption><\/figure>\n<p>Sald\u00edvar will remain incarcerated at the Patrick L. O&#8217;Daniel Unit in Gatesville, Texas, and will not be eligible for another parole hearing until March 2030.<\/p>\n<p>During the next five years, the Quintanilla family and the millions of Selena\u2019s fans will continue preserving the musical and human legacy that the singer left behind.<\/p>\n<h2>Selena\u2019s Legacy Lives On<\/h2>\n\n<p>Selena Quintanilla&#8217;s name continues to resonate in the hearts of Latino fans, not only in Texas but around the world.<\/p>\n<p>Her songs, such as &#8220;Como la Flor&#8221; and &#8220;Amor Prohibido,&#8221; remain cultural anthems and symbols of perseverance and love.<\/p>\n<p>If you are a Selena fan or are interested in learning more about her legacy, leave us your comments and share this article on your social networks!<\/p>\n<p>For more Famosos news, visit <a href=\"https:\/\/queonnda.com\/en\/\" target=\"_blank\" rel=\"noopener\">Qu\u00e9Onnda.com.<\/a><\/p>\n","protected":false},"excerpt":{"rendered":"<p>On March 27, 2025, the Texas Board of Pardons and Paroles denied the early release request of Yolanda Sald\u00edvar, who was sentenced to life in prison for the murder of iconic singer Selena Quintanilla in 1995. The decision was made due to the brutality of the crime and the ongoing risk she poses to public [&hellip;]<\/p>\n","protected":false},"author":5,"featured_media":21956,"comment_status":"open","ping_status":"open","sticky":false,"template":"","format":"standard","meta":{"inline_featured_image":false,"footnotes":""},"categories":[55,73],"tags":[624,545],"class_list":{"0":"post-21959","1":"post","2":"type-post","3":"status-publish","4":"format-standard","5":"has-post-thumbnail","7":"category-entertainment","8":"category-famous","9":"tag-featured-en","10":"tag-selena-en"},"yoast_head":"<!-- This site is optimized with the Yoast SEO Premium plugin v27.0 (Yoast SEO v27.2) - https:\/\/yoast.com\/product\/yoast-seo-premium-wordpress\/ -->\n<title>Parole Yolanda Sald\u00edvar: She will not go free<\/title>\n<meta name=\"description\" content=\"Texas denies parole to Yolanda Saldivar, convicted of murdering Selena Quintanilla on March 31, 1995, Quintanilla&#039;s and Chris P\u00e9rez reacts\" \/>\n<meta name=\"robots\" content=\"index, follow, max-snippet:-1, max-image-preview:large, max-video-preview:-1\" \/>\n<link rel=\"canonical\" href=\"https:\/\/queonnda.com\/en\/justice-for-selena-texas-denies-parole-to-yolanda-saldivar\/\" \/>\n<meta property=\"og:locale\" content=\"en_US\" \/>\n<meta property=\"og:type\" content=\"article\" \/>\n<meta property=\"og:title\" content=\"Justice for Selena: Texas denies parole to Yolanda Saldivar\" \/>\n<meta property=\"og:description\" content=\"Texas denies parole to Yolanda Saldivar, convicted of murdering Selena Quintanilla on March 31, 1995, Quintanilla&#039;s and Chris P\u00e9rez reacts\" \/>\n<meta property=\"og:url\" content=\"https:\/\/queonnda.com\/en\/justice-for-selena-texas-denies-parole-to-yolanda-saldivar\/\" \/>\n<meta property=\"og:site_name\" content=\"QueOnnda\" \/>\n<meta property=\"article:publisher\" content=\"https:\/\/web.facebook.com\/queonnda.nueva\" \/>\n<meta property=\"article:published_time\" content=\"2025-03-28T02:33:22+00:00\" \/>\n<meta property=\"article:modified_time\" content=\"2025-03-28T02:49:19+00:00\" \/>\n<meta property=\"og:image\" content=\"https:\/\/queonnda.com\/wp-content\/uploads\/2025\/03\/selena-yolanda-collage-mezcalent.jpg\" \/>\n\t<meta property=\"og:image:width\" content=\"1199\" \/>\n\t<meta property=\"og:image:height\" content=\"704\" \/>\n\t<meta property=\"og:image:type\" content=\"image\/jpeg\" \/>\n<meta name=\"author\" content=\"Miriam Gonzalez\" \/>\n<meta name=\"twitter:card\" content=\"summary_large_image\" \/>\n<meta name=\"twitter:label1\" content=\"Written by\" \/>\n\t<meta name=\"twitter:data1\" content=\"Miriam Gonzalez\" \/>\n\t<meta name=\"twitter:label2\" content=\"Est. reading time\" \/>\n\t<meta name=\"twitter:data2\" content=\"6 minutes\" \/>\n<script type=\"application\/ld+json\" class=\"yoast-schema-graph\">{\"@context\":\"https:\/\/schema.org\",\"@graph\":[{\"@type\":\"Article\",\"@id\":\"https:\/\/queonnda.com\/en\/justice-for-selena-texas-denies-parole-to-yolanda-saldivar\/#article\",\"isPartOf\":{\"@id\":\"https:\/\/queonnda.com\/en\/justice-for-selena-texas-denies-parole-to-yolanda-saldivar\/\"},\"author\":{\"name\":\"Miriam Gonzalez\",\"@id\":\"https:\/\/queonnda.com\/#\/schema\/person\/ecd117cdd7ffee0bf8999bf03c66c920\"},\"headline\":\"Justice for Selena: Texas denies parole to Yolanda Saldivar\",\"datePublished\":\"2025-03-28T02:33:22+00:00\",\"dateModified\":\"2025-03-28T02:49:19+00:00\",\"mainEntityOfPage\":{\"@id\":\"https:\/\/queonnda.com\/en\/justice-for-selena-texas-denies-parole-to-yolanda-saldivar\/\"},\"wordCount\":894,\"commentCount\":0,\"publisher\":{\"@id\":\"https:\/\/queonnda.com\/#organization\"},\"image\":{\"@id\":\"https:\/\/queonnda.com\/en\/justice-for-selena-texas-denies-parole-to-yolanda-saldivar\/#primaryimage\"},\"thumbnailUrl\":\"https:\/\/queonnda.com\/wp-content\/uploads\/2025\/03\/selena-yolanda-collage-mezcalent.jpg\",\"keywords\":[\"Featured\",\"Selena\"],\"articleSection\":[\"Entertainment\",\"Famous\"],\"inLanguage\":\"en-US\",\"potentialAction\":[{\"@type\":\"CommentAction\",\"name\":\"Comment\",\"target\":[\"https:\/\/queonnda.com\/en\/justice-for-selena-texas-denies-parole-to-yolanda-saldivar\/#respond\"]}],\"copyrightYear\":\"2025\",\"copyrightHolder\":{\"@id\":\"https:\/\/queonnda.com\/#organization\"}},{\"@type\":\"WebPage\",\"@id\":\"https:\/\/queonnda.com\/en\/justice-for-selena-texas-denies-parole-to-yolanda-saldivar\/\",\"url\":\"https:\/\/queonnda.com\/en\/justice-for-selena-texas-denies-parole-to-yolanda-saldivar\/\",\"name\":\"Parole Yolanda Sald\u00edvar: She will not go free\",\"isPartOf\":{\"@id\":\"https:\/\/queonnda.com\/#website\"},\"primaryImageOfPage\":{\"@id\":\"https:\/\/queonnda.com\/en\/justice-for-selena-texas-denies-parole-to-yolanda-saldivar\/#primaryimage\"},\"image\":{\"@id\":\"https:\/\/queonnda.com\/en\/justice-for-selena-texas-denies-parole-to-yolanda-saldivar\/#primaryimage\"},\"thumbnailUrl\":\"https:\/\/queonnda.com\/wp-content\/uploads\/2025\/03\/selena-yolanda-collage-mezcalent.jpg\",\"datePublished\":\"2025-03-28T02:33:22+00:00\",\"dateModified\":\"2025-03-28T02:49:19+00:00\",\"description\":\"Texas denies parole to Yolanda Saldivar, convicted of murdering Selena Quintanilla on March 31, 1995, Quintanilla's and Chris P\u00e9rez reacts\",\"breadcrumb\":{\"@id\":\"https:\/\/queonnda.com\/en\/justice-for-selena-texas-denies-parole-to-yolanda-saldivar\/#breadcrumb\"},\"inLanguage\":\"en-US\",\"potentialAction\":[{\"@type\":\"ReadAction\",\"target\":[\"https:\/\/queonnda.com\/en\/justice-for-selena-texas-denies-parole-to-yolanda-saldivar\/\"]}]},{\"@type\":\"ImageObject\",\"inLanguage\":\"en-US\",\"@id\":\"https:\/\/queonnda.com\/en\/justice-for-selena-texas-denies-parole-to-yolanda-saldivar\/#primaryimage\",\"url\":\"https:\/\/queonnda.com\/wp-content\/uploads\/2025\/03\/selena-yolanda-collage-mezcalent.jpg\",\"contentUrl\":\"https:\/\/queonnda.com\/wp-content\/uploads\/2025\/03\/selena-yolanda-collage-mezcalent.jpg\",\"width\":1199,\"height\":704,\"caption\":\"libertad condicional Yolanda Sald\u00edvar, Selena, Yolanda Sald\u00edvar, libertad condicional, Qu\u00e9Onnda\"},{\"@type\":\"BreadcrumbList\",\"@id\":\"https:\/\/queonnda.com\/en\/justice-for-selena-texas-denies-parole-to-yolanda-saldivar\/#breadcrumb\",\"itemListElement\":[{\"@type\":\"ListItem\",\"position\":1,\"name\":\"Home\",\"item\":\"https:\/\/queonnda.com\/en\/\"},{\"@type\":\"ListItem\",\"position\":2,\"name\":\"Justice for Selena: Texas denies parole to Yolanda Saldivar\"}]},{\"@type\":\"WebSite\",\"@id\":\"https:\/\/queonnda.com\/#website\",\"url\":\"https:\/\/queonnda.com\/\",\"name\":\"QueOnnda\",\"description\":\"Plataforma audio-digital sin precedentes que revolucionar\u00e1 la forma en que las audiencias latinas interact\u00faan con los medios\",\"publisher\":{\"@id\":\"https:\/\/queonnda.com\/#organization\"},\"potentialAction\":[{\"@type\":\"SearchAction\",\"target\":{\"@type\":\"EntryPoint\",\"urlTemplate\":\"https:\/\/queonnda.com\/?s={search_term_string}\"},\"query-input\":{\"@type\":\"PropertyValueSpecification\",\"valueRequired\":true,\"valueName\":\"search_term_string\"}}],\"inLanguage\":\"en-US\"},{\"@type\":\"Organization\",\"@id\":\"https:\/\/queonnda.com\/#organization\",\"name\":\"QueOnnda\",\"url\":\"https:\/\/queonnda.com\/\",\"logo\":{\"@type\":\"ImageObject\",\"inLanguage\":\"en-US\",\"@id\":\"https:\/\/queonnda.com\/#\/schema\/logo\/image\/\",\"url\":\"https:\/\/queonnda.com\/wp-content\/uploads\/2025\/03\/Logo_QueOnnda_Color.svg\",\"contentUrl\":\"https:\/\/queonnda.com\/wp-content\/uploads\/2025\/03\/Logo_QueOnnda_Color.svg\",\"width\":651,\"height\":103,\"caption\":\"QueOnnda\"},\"image\":{\"@id\":\"https:\/\/queonnda.com\/#\/schema\/logo\/image\/\"},\"sameAs\":[\"https:\/\/web.facebook.com\/queonnda.nueva\",\"https:\/\/www.instagram.com\/queonnda.nueva\/\",\"https:\/\/www.youtube.com\/@queonnda\",\"https:\/\/tiktok.com\/@queonnda.nueva\"]},{\"@type\":\"Person\",\"@id\":\"https:\/\/queonnda.com\/#\/schema\/person\/ecd117cdd7ffee0bf8999bf03c66c920\",\"name\":\"Miriam Gonzalez\",\"sameAs\":[\"https:\/\/queonnda.com\"],\"url\":\"https:\/\/queonnda.com\/en\/author\/miriam\/\"}]}<\/script>\n<!-- \/ Yoast SEO Premium plugin. -->","yoast_head_json":{"title":"Parole Yolanda Sald\u00edvar: She will not go free","description":"Texas denies parole to Yolanda Saldivar, convicted of murdering Selena Quintanilla on March 31, 1995, Quintanilla's and Chris P\u00e9rez reacts","robots":{"index":"index","follow":"follow","max-snippet":"max-snippet:-1","max-image-preview":"max-image-preview:large","max-video-preview":"max-video-preview:-1"},"canonical":"https:\/\/queonnda.com\/en\/justice-for-selena-texas-denies-parole-to-yolanda-saldivar\/","og_locale":"en_US","og_type":"article","og_title":"Justice for Selena: Texas denies parole to Yolanda Saldivar","og_description":"Texas denies parole to Yolanda Saldivar, convicted of murdering Selena Quintanilla on March 31, 1995, Quintanilla's and Chris P\u00e9rez reacts","og_url":"https:\/\/queonnda.com\/en\/justice-for-selena-texas-denies-parole-to-yolanda-saldivar\/","og_site_name":"QueOnnda","article_publisher":"https:\/\/web.facebook.com\/queonnda.nueva","article_published_time":"2025-03-28T02:33:22+00:00","article_modified_time":"2025-03-28T02:49:19+00:00","og_image":[{"width":1199,"height":704,"url":"https:\/\/queonnda.com\/wp-content\/uploads\/2025\/03\/selena-yolanda-collage-mezcalent.jpg","type":"image\/jpeg"}],"author":"Miriam Gonzalez","twitter_card":"summary_large_image","twitter_misc":{"Written by":"Miriam Gonzalez","Est. reading time":"6 minutes"},"schema":{"@context":"https:\/\/schema.org","@graph":[{"@type":"Article","@id":"https:\/\/queonnda.com\/en\/justice-for-selena-texas-denies-parole-to-yolanda-saldivar\/#article","isPartOf":{"@id":"https:\/\/queonnda.com\/en\/justice-for-selena-texas-denies-parole-to-yolanda-saldivar\/"},"author":{"name":"Miriam Gonzalez","@id":"https:\/\/queonnda.com\/#\/schema\/person\/ecd117cdd7ffee0bf8999bf03c66c920"},"headline":"Justice for Selena: Texas denies parole to Yolanda Saldivar","datePublished":"2025-03-28T02:33:22+00:00","dateModified":"2025-03-28T02:49:19+00:00","mainEntityOfPage":{"@id":"https:\/\/queonnda.com\/en\/justice-for-selena-texas-denies-parole-to-yolanda-saldivar\/"},"wordCount":894,"commentCount":0,"publisher":{"@id":"https:\/\/queonnda.com\/#organization"},"image":{"@id":"https:\/\/queonnda.com\/en\/justice-for-selena-texas-denies-parole-to-yolanda-saldivar\/#primaryimage"},"thumbnailUrl":"https:\/\/queonnda.com\/wp-content\/uploads\/2025\/03\/selena-yolanda-collage-mezcalent.jpg","keywords":["Featured","Selena"],"articleSection":["Entertainment","Famous"],"inLanguage":"en-US","potentialAction":[{"@type":"CommentAction","name":"Comment","target":["https:\/\/queonnda.com\/en\/justice-for-selena-texas-denies-parole-to-yolanda-saldivar\/#respond"]}],"copyrightYear":"2025","copyrightHolder":{"@id":"https:\/\/queonnda.com\/#organization"}},{"@type":"WebPage","@id":"https:\/\/queonnda.com\/en\/justice-for-selena-texas-denies-parole-to-yolanda-saldivar\/","url":"https:\/\/queonnda.com\/en\/justice-for-selena-texas-denies-parole-to-yolanda-saldivar\/","name":"Parole Yolanda Sald\u00edvar: She will not go free","isPartOf":{"@id":"https:\/\/queonnda.com\/#website"},"primaryImageOfPage":{"@id":"https:\/\/queonnda.com\/en\/justice-for-selena-texas-denies-parole-to-yolanda-saldivar\/#primaryimage"},"image":{"@id":"https:\/\/queonnda.com\/en\/justice-for-selena-texas-denies-parole-to-yolanda-saldivar\/#primaryimage"},"thumbnailUrl":"https:\/\/queonnda.com\/wp-content\/uploads\/2025\/03\/selena-yolanda-collage-mezcalent.jpg","datePublished":"2025-03-28T02:33:22+00:00","dateModified":"2025-03-28T02:49:19+00:00","description":"Texas denies parole to Yolanda Saldivar, convicted of murdering Selena Quintanilla on March 31, 1995, Quintanilla's and Chris P\u00e9rez reacts","breadcrumb":{"@id":"https:\/\/queonnda.com\/en\/justice-for-selena-texas-denies-parole-to-yolanda-saldivar\/#breadcrumb"},"inLanguage":"en-US","potentialAction":[{"@type":"ReadAction","target":["https:\/\/queonnda.com\/en\/justice-for-selena-texas-denies-parole-to-yolanda-saldivar\/"]}]},{"@type":"ImageObject","inLanguage":"en-US","@id":"https:\/\/queonnda.com\/en\/justice-for-selena-texas-denies-parole-to-yolanda-saldivar\/#primaryimage","url":"https:\/\/queonnda.com\/wp-content\/uploads\/2025\/03\/selena-yolanda-collage-mezcalent.jpg","contentUrl":"https:\/\/queonnda.com\/wp-content\/uploads\/2025\/03\/selena-yolanda-collage-mezcalent.jpg","width":1199,"height":704,"caption":"libertad condicional Yolanda Sald\u00edvar, Selena, Yolanda Sald\u00edvar, libertad condicional, Qu\u00e9Onnda"},{"@type":"BreadcrumbList","@id":"https:\/\/queonnda.com\/en\/justice-for-selena-texas-denies-parole-to-yolanda-saldivar\/#breadcrumb","itemListElement":[{"@type":"ListItem","position":1,"name":"Home","item":"https:\/\/queonnda.com\/en\/"},{"@type":"ListItem","position":2,"name":"Justice for Selena: Texas denies parole to Yolanda Saldivar"}]},{"@type":"WebSite","@id":"https:\/\/queonnda.com\/#website","url":"https:\/\/queonnda.com\/","name":"QueOnnda","description":"Plataforma audio-digital sin precedentes que revolucionar\u00e1 la forma en que las audiencias latinas interact\u00faan con los medios","publisher":{"@id":"https:\/\/queonnda.com\/#organization"},"potentialAction":[{"@type":"SearchAction","target":{"@type":"EntryPoint","urlTemplate":"https:\/\/queonnda.com\/?s={search_term_string}"},"query-input":{"@type":"PropertyValueSpecification","valueRequired":true,"valueName":"search_term_string"}}],"inLanguage":"en-US"},{"@type":"Organization","@id":"https:\/\/queonnda.com\/#organization","name":"QueOnnda","url":"https:\/\/queonnda.com\/","logo":{"@type":"ImageObject","inLanguage":"en-US","@id":"https:\/\/queonnda.com\/#\/schema\/logo\/image\/","url":"https:\/\/queonnda.com\/wp-content\/uploads\/2025\/03\/Logo_QueOnnda_Color.svg","contentUrl":"https:\/\/queonnda.com\/wp-content\/uploads\/2025\/03\/Logo_QueOnnda_Color.svg","width":651,"height":103,"caption":"QueOnnda"},"image":{"@id":"https:\/\/queonnda.com\/#\/schema\/logo\/image\/"},"sameAs":["https:\/\/web.facebook.com\/queonnda.nueva","https:\/\/www.instagram.com\/queonnda.nueva\/","https:\/\/www.youtube.com\/@queonnda","https:\/\/tiktok.com\/@queonnda.nueva"]},{"@type":"Person","@id":"https:\/\/queonnda.com\/#\/schema\/person\/ecd117cdd7ffee0bf8999bf03c66c920","name":"Miriam Gonzalez","sameAs":["https:\/\/queonnda.com"],"url":"https:\/\/queonnda.com\/en\/author\/miriam\/"}]}},"_links":{"self":[{"href":"https:\/\/queonnda.com\/en\/wp-json\/wp\/v2\/posts\/21959","targetHints":{"allow":["GET"]}}],"collection":[{"href":"https:\/\/queonnda.com\/en\/wp-json\/wp\/v2\/posts"}],"about":[{"href":"https:\/\/queonnda.com\/en\/wp-json\/wp\/v2\/types\/post"}],"author":[{"embeddable":true,"href":"https:\/\/queonnda.com\/en\/wp-json\/wp\/v2\/users\/5"}],"replies":[{"embeddable":true,"href":"https:\/\/queonnda.com\/en\/wp-json\/wp\/v2\/comments?post=21959"}],"version-history":[{"count":0,"href":"https:\/\/queonnda.com\/en\/wp-json\/wp\/v2\/posts\/21959\/revisions"}],"wp:featuredmedia":[{"embeddable":true,"href":"https:\/\/queonnda.com\/en\/wp-json\/wp\/v2\/media\/21956"}],"wp:attachment":[{"href":"https:\/\/queonnda.com\/en\/wp-json\/wp\/v2\/media?parent=21959"}],"wp:term":[{"taxonomy":"category","embeddable":true,"href":"https:\/\/queonnda.com\/en\/wp-json\/wp\/v2\/categories?post=21959"},{"taxonomy":"post_tag","embeddable":true,"href":"https:\/\/queonnda.com\/en\/wp-json\/wp\/v2\/tags?post=21959"}],"curies":[{"name":"wp","href":"https:\/\/api.w.org\/{rel}","templated":true}]}}