{"id":22107,"date":"2025-03-28T07:31:59","date_gmt":"2025-03-28T07:31:59","guid":{"rendered":"https:\/\/queonnda.com\/siempre-will-not-premiere-her-show-maria-celeste-arraras-makes-an-important-announcement\/"},"modified":"2025-03-29T07:20:38","modified_gmt":"2025-03-29T07:20:38","slug":"univision-postponed-show-maria-celeste","status":"publish","type":"post","link":"https:\/\/queonnda.com\/en\/univision-postponed-show-maria-celeste\/","title":{"rendered":"Surprise Twist! Mar\u00eda Celeste Announces Postponement of Her Show"},"content":{"rendered":"<p class=\"\" data-start=\"0\" data-end=\"164\"><span class=\"relative -mx-px my-[-0.2rem] rounded px-px py-[0.2rem]\">Renowned Puerto Rican journalist Mar\u00eda Celeste Arrar\u00e1s had announced her return to television with the show &#8220;M\u00e1s Fuerte que Nunca,&#8221; scheduled to premiere on Sunday, March 30, 2025 on Univision.<\/span><\/p>\n<p class=\"\" data-start=\"0\" data-end=\"164\"><span class=\"relative -mx-px my-[-0.2rem] rounded px-px py-[0.2rem]\">However, it was recently reported that the network has decided to postpone the show&#8217;s release, without specifying a new premiere date.<\/span><\/p>\n<p data-start=\"0\" data-end=\"164\"><!--more--><\/p>\n<h2 data-start=\"166\" data-end=\"207\"><strong data-start=\"166\" data-end=\"207\">Details about M\u00e1s Fuerte que Nunca<\/strong><\/h2>\n<figure id=\"attachment_21775\" aria-describedby=\"caption-attachment-21775\" style=\"width: 1200px\" class=\"wp-caption alignnone\"><img loading=\"lazy\" loading=\"lazy\" decoding=\"async\" class=\"wp-image-21775 size-full\" src=\"https:\/\/queonnda.com\/wp-content\/uploads\/2025\/03\/9137-MARIACELESTEARRARASpoderosasPeople2019-086.jpg\" alt=\"Mar\u00eda Celeste Arrar\u00e1s, Univisi\u00f3n\" width=\"1200\" height=\"1507\" \/><figcaption id=\"caption-attachment-21775\" class=\"wp-caption-text\">The show of Mar\u00eda Celeste was postponed \/ PHOTO: Mezcalent<\/figcaption><\/figure>\n<p class=\"\" data-start=\"209\" data-end=\"366\"><span class=\"relative -mx-px my-[-0.2rem] rounded px-px py-[0.2rem]\">M\u00e1s Fuerte que Nunca is an in-depth interview program where Arrar\u00e1s will talk with leading figures in entertainment, music and culture.<\/span><\/p>\n<p class=\"\" data-start=\"209\" data-end=\"366\"><span class=\"relative -mx-px my-[-0.2rem] rounded px-px py-[0.2rem]\">The objective is to offer the audience intimate and revealing conversations that allow them to get to know the most human side of the guests.<\/span><\/p>\n<h2 data-start=\"368\" data-end=\"405\"><strong data-start=\"368\" data-end=\"405\">Reasons behind the postponement<\/strong><\/h2>\n<p class=\"\" data-start=\"407\" data-end=\"568\"><span class=\"relative -mx-px my-[-0.2rem] rounded px-px py-[0.2rem]\">Although Univision has not provided specific details as to the reasons for the postponement, Mar\u00eda Celeste has indicated that the program may have an even more favorable time slot within the network&#8217;s schedule.<\/span><\/p>\n<p class=\"\" data-start=\"407\" data-end=\"568\"><span class=\"relative -mx-px my-[-0.2rem] rounded px-px py-[0.2rem]\">&#8220;Always in prime time,&#8221; said the journalist, without revealing details about the new launch date.<\/span><\/p>\n<h2 data-start=\"570\" data-end=\"599\"><strong data-start=\"570\" data-end=\"599\">Expectations and reactions<\/strong><\/h2>\n<figure id=\"attachment_21777\" aria-describedby=\"caption-attachment-21777\" style=\"width: 1200px\" class=\"wp-caption alignnone\"><img loading=\"lazy\" loading=\"lazy\" decoding=\"async\" class=\"wp-image-21777 size-full\" src=\"https:\/\/queonnda.com\/wp-content\/uploads\/2025\/03\/9627-MARIACELESTEARRARASsecretoSELENApres07.jpg\" alt=\"Mar\u00eda Celeste Arrar\u00e1s, Univisi\u00f3n, television\" width=\"1200\" height=\"1584\" \/><figcaption id=\"caption-attachment-21777\" class=\"wp-caption-text\">The show of Mar\u00eda Celeste was postponed \/ PHOTO: Mezcalent<\/figcaption><\/figure>\n<p class=\"\" data-start=\"601\" data-end=\"766\"><span class=\"relative -mx-px my-[-0.2rem] rounded px-px py-[0.2rem]\">The news of the delay has generated diverse reactions among Mar\u00eda Celeste&#8217;s fans, who were eagerly awaiting her return to the small screen.<\/span><\/p>\n<p class=\"\" data-start=\"601\" data-end=\"766\"><span class=\"relative -mx-px my-[-0.2rem] rounded px-px py-[0.2rem]\">Despite the postponement, anticipation for this new project continues to grow, and fans are anxious to know when they will finally be able to enjoy it on screen.<\/span><\/p>\n<h2 data-start=\"1017\" data-end=\"1035\"><strong data-start=\"1017\" data-end=\"1035\">Next steps<\/strong><\/h2>\n<p class=\"\" data-start=\"1037\" data-end=\"1202\"><span class=\"relative -mx-px my-[-0.2rem] rounded px-px py-[0.2rem]\">Although the premiere date will no longer be March 30, Arrar\u00e1s announced that the program will possibly have an even more favorable time slot on Univision&#8217;s schedule.<\/span><\/p>\n<p class=\"\" data-start=\"1037\" data-end=\"1202\"><span class=\"relative -mx-px my-[-0.2rem] rounded px-px py-[0.2rem]\">&#8220;Always in prime time,&#8221; he assured, without revealing details about the new launch date.<\/span><\/p>\n<p data-start=\"1037\" data-end=\"1202\"><figure class=\"wp-block-pullquote\"><blockquote><p style=\"color: #fd9737;\">We had everything scheduled to start this Sunday, March 30th, as we announced, we had everything ready, but guess what? Those within the network who watched it while we were recording liked the program so much that they want to take advantage of it, postpone it, in order to promote it properly<\/p><cite>Mar\u00eda Celeste Arrar\u00e1s<\/cite><\/blockquote><\/figure><\/p>\n<p data-start=\"1037\" data-end=\"1202\">And the journalist continued: &#8220;To show you the good product we have, the exclusives we are going to launch, how well conducted, sensitive and respectful these interviews are going to be, which at the same time are strong, so we are going to postpone it for a moment,&#8221; she said in a video on social networks.<\/p>\n<h2 data-start=\"768\" data-end=\"808\"><strong data-start=\"768\" data-end=\"808\">Biography of Mar\u00eda Celeste Arrar\u00e1s<\/strong><\/h2>\n<figure id=\"attachment_21779\" aria-describedby=\"caption-attachment-21779\" style=\"width: 1200px\" class=\"wp-caption alignnone\"><img loading=\"lazy\" loading=\"lazy\" decoding=\"async\" class=\"wp-image-21779 size-full\" src=\"https:\/\/queonnda.com\/wp-content\/uploads\/2025\/03\/shutterstock_661208953-1.jpg\" alt=\"television, celebrities, show\" width=\"1200\" height=\"805\" \/><figcaption id=\"caption-attachment-21779\" class=\"wp-caption-text\">The show of Mar\u00eda Celeste was postponed \/ PHOTO: Shutterstock<\/figcaption><\/figure>\n<p class=\"\" data-start=\"810\" data-end=\"1015\"><span class=\"relative -mx-px my-[-0.2rem] rounded px-px py-[0.2rem]\">Mar\u00eda Celeste began her career at Univision, where she achieved great recognition as host of &#8220;Primer Impacto&#8221;.<\/span><\/p>\n<p class=\"\" data-start=\"810\" data-end=\"1015\"><span class=\"relative -mx-px my-[-0.2rem] rounded px-px py-[0.2rem]\">Later, in 2002, he moved to Telemundo to lead &#8220;Al Rojo Vivo&#8221; for almost two decades.<\/span><\/p>\n<p class=\"\" data-start=\"810\" data-end=\"1015\"><span class=\"relative -mx-px my-[-0.2rem] rounded px-px py-[0.2rem]\">His departure in 2020 came as a surprise to many, and his return to Univision has been met with great enthusiasm from U.S. Hispanic audiences.<\/span><\/p>\n<h2 data-start=\"1204\" data-end=\"1218\"><strong data-start=\"1204\" data-end=\"1218\">More from the show to be announced soon<br \/>\n<\/strong><\/h2>\n\n<p class=\"\" data-start=\"1220\" data-end=\"1385\"><span class=\"relative -mx-px my-[-0.2rem] rounded px-px py-[0.2rem]\">The postponement of the premiere of &#8220;M\u00e1s Fuerte que Nunca&#8221; has generated uncertainty among Mar\u00eda Celeste Arrar\u00e1s&#8217; fans.<\/span><\/p>\n<p class=\"\" data-start=\"1220\" data-end=\"1385\"><span class=\"relative -mx-px my-[-0.2rem] rounded px-px py-[0.2rem]\">However, the journalist and <a href=\"https:\/\/www.univision.com\/famosos\" target=\"_blank\" rel=\"noopener\">Univision<\/a> assure that the program will be aired in prime time, which could benefit its reach and reception.<\/span><\/p>\n<p class=\"\" data-start=\"1220\" data-end=\"1385\"><span class=\"relative -mx-px my-[-0.2rem] rounded px-px py-[0.2rem]\">U.S. Hispanic audiences are encouraged to stay tuned to Univision and Maria Celeste&#8217;s official channels for updates on the new premiere date and other details related to this highly anticipated return to television.<\/span><\/p>\n<p data-start=\"1220\" data-end=\"1385\">Find out more at <a href=\"https:\/\/queonnda.com\" target=\"_blank\" rel=\"noopener\">QueOnnda.com.<\/a><\/p>\n","protected":false},"excerpt":{"rendered":"<p>Renowned Puerto Rican journalist Mar\u00eda Celeste Arrar\u00e1s had announced her return to television with the show &#8220;M\u00e1s Fuerte que Nunca,&#8221; scheduled to premiere on Sunday, March 30, 2025 on Univision. However, it was recently reported that the network has decided to postpone the show&#8217;s release, without specifying a new premiere date.<\/p>\n","protected":false},"author":6,"featured_media":15547,"comment_status":"open","ping_status":"open","sticky":false,"template":"","format":"standard","meta":{"inline_featured_image":false,"footnotes":""},"categories":[55,120],"tags":[308,240],"class_list":{"0":"post-22107","1":"post","2":"type-post","3":"status-publish","4":"format-standard","5":"has-post-thumbnail","7":"category-entertainment","8":"category-television-en","9":"tag-shows","10":"tag-television-en"},"yoast_head":"<!-- This site is optimized with the Yoast SEO Premium plugin v27.0 (Yoast SEO v27.2) - https:\/\/yoast.com\/product\/yoast-seo-premium-wordpress\/ -->\n<title>Mar\u00eda Celeste show postponed: Premiere will have to wait<\/title>\n<meta name=\"description\" content=\"Mar\u00eda Celeste Arrar\u00e1s was supposed to premiere her new show on Univisi\u00f3n, but now they have decided to postpone it and she tells us why.\" \/>\n<meta name=\"robots\" content=\"index, follow, max-snippet:-1, max-image-preview:large, max-video-preview:-1\" \/>\n<link rel=\"canonical\" href=\"https:\/\/queonnda.com\/en\/univision-postponed-show-maria-celeste\/\" \/>\n<meta property=\"og:locale\" content=\"en_US\" \/>\n<meta property=\"og:type\" content=\"article\" \/>\n<meta property=\"og:title\" content=\"Surprise Twist! Mar\u00eda Celeste Announces Postponement of Her Show\" \/>\n<meta property=\"og:description\" content=\"Mar\u00eda Celeste Arrar\u00e1s was supposed to premiere her new show on Univisi\u00f3n, but now they have decided to postpone it and she tells us why.\" \/>\n<meta property=\"og:url\" content=\"https:\/\/queonnda.com\/en\/univision-postponed-show-maria-celeste\/\" \/>\n<meta property=\"og:site_name\" content=\"QueOnnda\" \/>\n<meta property=\"article:publisher\" content=\"https:\/\/web.facebook.com\/queonnda.nueva\" \/>\n<meta property=\"article:published_time\" content=\"2025-03-28T07:31:59+00:00\" \/>\n<meta property=\"article:modified_time\" content=\"2025-03-29T07:20:38+00:00\" \/>\n<meta property=\"og:image\" content=\"https:\/\/queonnda.com\/wp-content\/uploads\/2025\/02\/maria-celeste-mezcalent-0002-1.jpg\" \/>\n\t<meta property=\"og:image:width\" content=\"1200\" \/>\n\t<meta property=\"og:image:height\" content=\"837\" \/>\n\t<meta property=\"og:image:type\" content=\"image\/jpeg\" \/>\n<meta name=\"author\" content=\"Israel Castillo\" \/>\n<meta name=\"twitter:card\" content=\"summary_large_image\" \/>\n<meta name=\"twitter:label1\" content=\"Written by\" \/>\n\t<meta name=\"twitter:data1\" content=\"Israel Castillo\" \/>\n\t<meta name=\"twitter:label2\" content=\"Est. reading time\" \/>\n\t<meta name=\"twitter:data2\" content=\"4 minutes\" \/>\n<script type=\"application\/ld+json\" class=\"yoast-schema-graph\">{\"@context\":\"https:\/\/schema.org\",\"@graph\":[{\"@type\":\"Article\",\"@id\":\"https:\/\/queonnda.com\/en\/univision-postponed-show-maria-celeste\/#article\",\"isPartOf\":{\"@id\":\"https:\/\/queonnda.com\/en\/univision-postponed-show-maria-celeste\/\"},\"author\":{\"name\":\"Israel Castillo\",\"@id\":\"https:\/\/queonnda.com\/#\/schema\/person\/ba7226ec14bada54bbd8f989eccc817e\"},\"headline\":\"Surprise Twist! Mar\u00eda Celeste Announces Postponement of Her Show\",\"datePublished\":\"2025-03-28T07:31:59+00:00\",\"dateModified\":\"2025-03-29T07:20:38+00:00\",\"mainEntityOfPage\":{\"@id\":\"https:\/\/queonnda.com\/en\/univision-postponed-show-maria-celeste\/\"},\"wordCount\":602,\"commentCount\":0,\"publisher\":{\"@id\":\"https:\/\/queonnda.com\/#organization\"},\"image\":{\"@id\":\"https:\/\/queonnda.com\/en\/univision-postponed-show-maria-celeste\/#primaryimage\"},\"thumbnailUrl\":\"https:\/\/queonnda.com\/wp-content\/uploads\/2025\/02\/maria-celeste-mezcalent-0002-1.jpg\",\"keywords\":[\"shows\",\"television\"],\"articleSection\":[\"Entertainment\",\"Television\"],\"inLanguage\":\"en-US\",\"potentialAction\":[{\"@type\":\"CommentAction\",\"name\":\"Comment\",\"target\":[\"https:\/\/queonnda.com\/en\/univision-postponed-show-maria-celeste\/#respond\"]}],\"copyrightYear\":\"2025\",\"copyrightHolder\":{\"@id\":\"https:\/\/queonnda.com\/#organization\"}},{\"@type\":\"WebPage\",\"@id\":\"https:\/\/queonnda.com\/en\/univision-postponed-show-maria-celeste\/\",\"url\":\"https:\/\/queonnda.com\/en\/univision-postponed-show-maria-celeste\/\",\"name\":\"Mar\u00eda Celeste show postponed: Premiere will have to wait\",\"isPartOf\":{\"@id\":\"https:\/\/queonnda.com\/#website\"},\"primaryImageOfPage\":{\"@id\":\"https:\/\/queonnda.com\/en\/univision-postponed-show-maria-celeste\/#primaryimage\"},\"image\":{\"@id\":\"https:\/\/queonnda.com\/en\/univision-postponed-show-maria-celeste\/#primaryimage\"},\"thumbnailUrl\":\"https:\/\/queonnda.com\/wp-content\/uploads\/2025\/02\/maria-celeste-mezcalent-0002-1.jpg\",\"datePublished\":\"2025-03-28T07:31:59+00:00\",\"dateModified\":\"2025-03-29T07:20:38+00:00\",\"description\":\"Mar\u00eda Celeste Arrar\u00e1s was supposed to premiere her new show on Univisi\u00f3n, but now they have decided to postpone it and she tells us why.\",\"breadcrumb\":{\"@id\":\"https:\/\/queonnda.com\/en\/univision-postponed-show-maria-celeste\/#breadcrumb\"},\"inLanguage\":\"en-US\",\"potentialAction\":[{\"@type\":\"ReadAction\",\"target\":[\"https:\/\/queonnda.com\/en\/univision-postponed-show-maria-celeste\/\"]}]},{\"@type\":\"ImageObject\",\"inLanguage\":\"en-US\",\"@id\":\"https:\/\/queonnda.com\/en\/univision-postponed-show-maria-celeste\/#primaryimage\",\"url\":\"https:\/\/queonnda.com\/wp-content\/uploads\/2025\/02\/maria-celeste-mezcalent-0002-1.jpg\",\"contentUrl\":\"https:\/\/queonnda.com\/wp-content\/uploads\/2025\/02\/maria-celeste-mezcalent-0002-1.jpg\",\"width\":1200,\"height\":837,\"caption\":\"FOTO: Mezcalent\"},{\"@type\":\"BreadcrumbList\",\"@id\":\"https:\/\/queonnda.com\/en\/univision-postponed-show-maria-celeste\/#breadcrumb\",\"itemListElement\":[{\"@type\":\"ListItem\",\"position\":1,\"name\":\"Home\",\"item\":\"https:\/\/queonnda.com\/en\/\"},{\"@type\":\"ListItem\",\"position\":2,\"name\":\"Surprise Twist! Mar\u00eda Celeste Announces Postponement of Her Show\"}]},{\"@type\":\"WebSite\",\"@id\":\"https:\/\/queonnda.com\/#website\",\"url\":\"https:\/\/queonnda.com\/\",\"name\":\"QueOnnda\",\"description\":\"Plataforma audio-digital sin precedentes que revolucionar\u00e1 la forma en que las audiencias latinas interact\u00faan con los medios\",\"publisher\":{\"@id\":\"https:\/\/queonnda.com\/#organization\"},\"potentialAction\":[{\"@type\":\"SearchAction\",\"target\":{\"@type\":\"EntryPoint\",\"urlTemplate\":\"https:\/\/queonnda.com\/?s={search_term_string}\"},\"query-input\":{\"@type\":\"PropertyValueSpecification\",\"valueRequired\":true,\"valueName\":\"search_term_string\"}}],\"inLanguage\":\"en-US\"},{\"@type\":\"Organization\",\"@id\":\"https:\/\/queonnda.com\/#organization\",\"name\":\"QueOnnda\",\"url\":\"https:\/\/queonnda.com\/\",\"logo\":{\"@type\":\"ImageObject\",\"inLanguage\":\"en-US\",\"@id\":\"https:\/\/queonnda.com\/#\/schema\/logo\/image\/\",\"url\":\"https:\/\/queonnda.com\/wp-content\/uploads\/2025\/03\/Logo_QueOnnda_Color.svg\",\"contentUrl\":\"https:\/\/queonnda.com\/wp-content\/uploads\/2025\/03\/Logo_QueOnnda_Color.svg\",\"width\":651,\"height\":103,\"caption\":\"QueOnnda\"},\"image\":{\"@id\":\"https:\/\/queonnda.com\/#\/schema\/logo\/image\/\"},\"sameAs\":[\"https:\/\/web.facebook.com\/queonnda.nueva\",\"https:\/\/www.instagram.com\/queonnda.nueva\/\",\"https:\/\/www.youtube.com\/@queonnda\",\"https:\/\/tiktok.com\/@queonnda.nueva\"]},{\"@type\":\"Person\",\"@id\":\"https:\/\/queonnda.com\/#\/schema\/person\/ba7226ec14bada54bbd8f989eccc817e\",\"name\":\"Israel Castillo\",\"sameAs\":[\"https:\/\/queonnda.com\"],\"url\":\"https:\/\/queonnda.com\/en\/author\/israel\/\"}]}<\/script>\n<!-- \/ Yoast SEO Premium plugin. -->","yoast_head_json":{"title":"Mar\u00eda Celeste show postponed: Premiere will have to wait","description":"Mar\u00eda Celeste Arrar\u00e1s was supposed to premiere her new show on Univisi\u00f3n, but now they have decided to postpone it and she tells us why.","robots":{"index":"index","follow":"follow","max-snippet":"max-snippet:-1","max-image-preview":"max-image-preview:large","max-video-preview":"max-video-preview:-1"},"canonical":"https:\/\/queonnda.com\/en\/univision-postponed-show-maria-celeste\/","og_locale":"en_US","og_type":"article","og_title":"Surprise Twist! Mar\u00eda Celeste Announces Postponement of Her Show","og_description":"Mar\u00eda Celeste Arrar\u00e1s was supposed to premiere her new show on Univisi\u00f3n, but now they have decided to postpone it and she tells us why.","og_url":"https:\/\/queonnda.com\/en\/univision-postponed-show-maria-celeste\/","og_site_name":"QueOnnda","article_publisher":"https:\/\/web.facebook.com\/queonnda.nueva","article_published_time":"2025-03-28T07:31:59+00:00","article_modified_time":"2025-03-29T07:20:38+00:00","og_image":[{"width":1200,"height":837,"url":"https:\/\/queonnda.com\/wp-content\/uploads\/2025\/02\/maria-celeste-mezcalent-0002-1.jpg","type":"image\/jpeg"}],"author":"Israel Castillo","twitter_card":"summary_large_image","twitter_misc":{"Written by":"Israel Castillo","Est. reading time":"4 minutes"},"schema":{"@context":"https:\/\/schema.org","@graph":[{"@type":"Article","@id":"https:\/\/queonnda.com\/en\/univision-postponed-show-maria-celeste\/#article","isPartOf":{"@id":"https:\/\/queonnda.com\/en\/univision-postponed-show-maria-celeste\/"},"author":{"name":"Israel Castillo","@id":"https:\/\/queonnda.com\/#\/schema\/person\/ba7226ec14bada54bbd8f989eccc817e"},"headline":"Surprise Twist! Mar\u00eda Celeste Announces Postponement of Her Show","datePublished":"2025-03-28T07:31:59+00:00","dateModified":"2025-03-29T07:20:38+00:00","mainEntityOfPage":{"@id":"https:\/\/queonnda.com\/en\/univision-postponed-show-maria-celeste\/"},"wordCount":602,"commentCount":0,"publisher":{"@id":"https:\/\/queonnda.com\/#organization"},"image":{"@id":"https:\/\/queonnda.com\/en\/univision-postponed-show-maria-celeste\/#primaryimage"},"thumbnailUrl":"https:\/\/queonnda.com\/wp-content\/uploads\/2025\/02\/maria-celeste-mezcalent-0002-1.jpg","keywords":["shows","television"],"articleSection":["Entertainment","Television"],"inLanguage":"en-US","potentialAction":[{"@type":"CommentAction","name":"Comment","target":["https:\/\/queonnda.com\/en\/univision-postponed-show-maria-celeste\/#respond"]}],"copyrightYear":"2025","copyrightHolder":{"@id":"https:\/\/queonnda.com\/#organization"}},{"@type":"WebPage","@id":"https:\/\/queonnda.com\/en\/univision-postponed-show-maria-celeste\/","url":"https:\/\/queonnda.com\/en\/univision-postponed-show-maria-celeste\/","name":"Mar\u00eda Celeste show postponed: Premiere will have to wait","isPartOf":{"@id":"https:\/\/queonnda.com\/#website"},"primaryImageOfPage":{"@id":"https:\/\/queonnda.com\/en\/univision-postponed-show-maria-celeste\/#primaryimage"},"image":{"@id":"https:\/\/queonnda.com\/en\/univision-postponed-show-maria-celeste\/#primaryimage"},"thumbnailUrl":"https:\/\/queonnda.com\/wp-content\/uploads\/2025\/02\/maria-celeste-mezcalent-0002-1.jpg","datePublished":"2025-03-28T07:31:59+00:00","dateModified":"2025-03-29T07:20:38+00:00","description":"Mar\u00eda Celeste Arrar\u00e1s was supposed to premiere her new show on Univisi\u00f3n, but now they have decided to postpone it and she tells us why.","breadcrumb":{"@id":"https:\/\/queonnda.com\/en\/univision-postponed-show-maria-celeste\/#breadcrumb"},"inLanguage":"en-US","potentialAction":[{"@type":"ReadAction","target":["https:\/\/queonnda.com\/en\/univision-postponed-show-maria-celeste\/"]}]},{"@type":"ImageObject","inLanguage":"en-US","@id":"https:\/\/queonnda.com\/en\/univision-postponed-show-maria-celeste\/#primaryimage","url":"https:\/\/queonnda.com\/wp-content\/uploads\/2025\/02\/maria-celeste-mezcalent-0002-1.jpg","contentUrl":"https:\/\/queonnda.com\/wp-content\/uploads\/2025\/02\/maria-celeste-mezcalent-0002-1.jpg","width":1200,"height":837,"caption":"FOTO: Mezcalent"},{"@type":"BreadcrumbList","@id":"https:\/\/queonnda.com\/en\/univision-postponed-show-maria-celeste\/#breadcrumb","itemListElement":[{"@type":"ListItem","position":1,"name":"Home","item":"https:\/\/queonnda.com\/en\/"},{"@type":"ListItem","position":2,"name":"Surprise Twist! Mar\u00eda Celeste Announces Postponement of Her Show"}]},{"@type":"WebSite","@id":"https:\/\/queonnda.com\/#website","url":"https:\/\/queonnda.com\/","name":"QueOnnda","description":"Plataforma audio-digital sin precedentes que revolucionar\u00e1 la forma en que las audiencias latinas interact\u00faan con los medios","publisher":{"@id":"https:\/\/queonnda.com\/#organization"},"potentialAction":[{"@type":"SearchAction","target":{"@type":"EntryPoint","urlTemplate":"https:\/\/queonnda.com\/?s={search_term_string}"},"query-input":{"@type":"PropertyValueSpecification","valueRequired":true,"valueName":"search_term_string"}}],"inLanguage":"en-US"},{"@type":"Organization","@id":"https:\/\/queonnda.com\/#organization","name":"QueOnnda","url":"https:\/\/queonnda.com\/","logo":{"@type":"ImageObject","inLanguage":"en-US","@id":"https:\/\/queonnda.com\/#\/schema\/logo\/image\/","url":"https:\/\/queonnda.com\/wp-content\/uploads\/2025\/03\/Logo_QueOnnda_Color.svg","contentUrl":"https:\/\/queonnda.com\/wp-content\/uploads\/2025\/03\/Logo_QueOnnda_Color.svg","width":651,"height":103,"caption":"QueOnnda"},"image":{"@id":"https:\/\/queonnda.com\/#\/schema\/logo\/image\/"},"sameAs":["https:\/\/web.facebook.com\/queonnda.nueva","https:\/\/www.instagram.com\/queonnda.nueva\/","https:\/\/www.youtube.com\/@queonnda","https:\/\/tiktok.com\/@queonnda.nueva"]},{"@type":"Person","@id":"https:\/\/queonnda.com\/#\/schema\/person\/ba7226ec14bada54bbd8f989eccc817e","name":"Israel Castillo","sameAs":["https:\/\/queonnda.com"],"url":"https:\/\/queonnda.com\/en\/author\/israel\/"}]}},"_links":{"self":[{"href":"https:\/\/queonnda.com\/en\/wp-json\/wp\/v2\/posts\/22107","targetHints":{"allow":["GET"]}}],"collection":[{"href":"https:\/\/queonnda.com\/en\/wp-json\/wp\/v2\/posts"}],"about":[{"href":"https:\/\/queonnda.com\/en\/wp-json\/wp\/v2\/types\/post"}],"author":[{"embeddable":true,"href":"https:\/\/queonnda.com\/en\/wp-json\/wp\/v2\/users\/6"}],"replies":[{"embeddable":true,"href":"https:\/\/queonnda.com\/en\/wp-json\/wp\/v2\/comments?post=22107"}],"version-history":[{"count":0,"href":"https:\/\/queonnda.com\/en\/wp-json\/wp\/v2\/posts\/22107\/revisions"}],"wp:featuredmedia":[{"embeddable":true,"href":"https:\/\/queonnda.com\/en\/wp-json\/wp\/v2\/media\/15547"}],"wp:attachment":[{"href":"https:\/\/queonnda.com\/en\/wp-json\/wp\/v2\/media?parent=22107"}],"wp:term":[{"taxonomy":"category","embeddable":true,"href":"https:\/\/queonnda.com\/en\/wp-json\/wp\/v2\/categories?post=22107"},{"taxonomy":"post_tag","embeddable":true,"href":"https:\/\/queonnda.com\/en\/wp-json\/wp\/v2\/tags?post=22107"}],"curies":[{"name":"wp","href":"https:\/\/api.w.org\/{rel}","templated":true}]}}