{"id":32606,"date":"2025-04-22T04:01:45","date_gmt":"2025-04-22T08:01:45","guid":{"rendered":"https:\/\/queonnda.com\/first-images-of-pope-francis-in-his-coffin-released\/"},"modified":"2025-04-22T04:08:29","modified_gmt":"2025-04-22T08:08:29","slug":"first-images-of-pope-francis-in-his-coffin-released","status":"publish","type":"post","link":"https:\/\/queonnda.com\/en\/first-images-of-pope-francis-in-his-coffin-released\/","title":{"rendered":"First images of Pope Francis in his coffin released"},"content":{"rendered":"<p>Less than 24 hours after his death, the Vatican released on Tuesday, April 22, the first images of the body of Pope Francis inside his coffin, in the private chapel of Casa Santa Marta, his usual residence throughout his pontificate.<\/p>\n<p>The pontiff, who died on Monday, April 21, at the age of 88 due to a stroke with cardiocirculatory failure, was placed in a simple wooden coffin, as he himself had requested in his will.<\/p>\n<p><!--more--><\/p>\n<h2>Details of the wake in the chapel of his residence<\/h2>\n<blockquote class=\"twitter-tweet\" data-media-max-width=\"560\">\n<p dir=\"ltr\" lang=\"pt\">Imagens do rito de constata\u00e7\u00e3o da morte e a deposi\u00e7\u00e3o do corpo do <a href=\"https:\/\/twitter.com\/hashtag\/PapaFrancisco?src=hash&amp;ref_src=twsrc%5Etfw\">#PapaFrancisco<\/a> no caix\u00e3o na capela da Casa Santa Marta na noite de 21 de abril <a href=\"https:\/\/t.co\/ninyjSvgPZ\">pic.twitter.com\/ninyjSvgPZ<\/a><\/p>\n<p>&#8211; Vatican News (@vaticannews_pt). <a href=\"https:\/\/twitter.com\/vaticannews_pt\/status\/1914580661781881093?ref_src=twsrc%5Etfw\">April 22, 2025<\/a><\/p><\/blockquote>\n<p><script async=\"\" src=\"https:\/\/platform.twitter.com\/widgets.js\" charset=\"utf-8\"><\/script><br \/>\nThe images released correspond to the rite of confirmation of death, which was held on Monday, April 21 at 20:00 hours (18:00 GMT), and show a solemn atmosphere full of recollection.<\/p>\n<p>The official photographs and video show Pope Francis lying in his coffin, dressed in a purple chasuble, the liturgical color of mourning, and a white miter.<\/p>\n<p>In his hands rests a rosary, a symbol of his deep Marian devotion.<\/p>\n<p>The coffin is lined in red velvet, without ostentatious ornaments, in coherence with his austere and pastoral style.<\/p>\n<p>The body was exposed in the chapel on the second floor of Casa Santa Marta, as he himself had arranged during his lifetime, instead of being transferred directly to St. Peter&#8217;s Basilica as had happened with previous popes.<\/p>\n<p>The ceremony was attended by numerous cardinals already present in Rome, as well as members of his close team, who took turns to pray next to the body of the Argentine pontiff, the first Latin American pope in history.<\/p>\n<h2>Cardinals&#8217; meeting and funeral arrangements<\/h2>\n<figure id=\"attachment_32594\" aria-describedby=\"caption-attachment-32594\" style=\"width: 1200px\" class=\"wp-caption alignnone\"><img loading=\"lazy\" loading=\"lazy\" decoding=\"async\" class=\"size-full wp-image-32594\" src=\"https:\/\/queonnda.com\/wp-content\/uploads\/2025\/04\/primeras-fotos-papa-francisco-ataud-efe.jpg\" alt=\"\" width=\"1200\" height=\"799\" \/><figcaption id=\"caption-attachment-32594\" class=\"wp-caption-text\">First images of Pope Francis in his coffin \/ PHOTO: Efe Agency<\/figcaption><\/figure>\n<p>On Tuesday morning (local time), the first General Congregation of the College of Cardinals was held in the Vatican Synod Hall.<\/p>\n<p>In it, the purpurates began to define the key details of the funeral protocol, such as the exact date of the funeral and the logistics of the transfer of the body to St. Peter&#8217;s Basilica.<\/p>\n<figure class=\"wp-block-pullquote\"><blockquote><p style=\"color: #fd9737;\">I cordially invite cardinals over 80 years of age to participate in these preparatory General Congregations, although they are free to attend or not<\/p><cite>Giovanni Battista Re<\/cite><\/blockquote><\/figure>\n<p>In a letter sent to the cardinals, the dean of the College of Cardinals, Giovanni Battista Re, reiterated the invitation to participate also to cardinals over 80 years of age, although they will not have the right to vote in the future conclave.<\/p>\n<h2>Next steps<\/h2>\n<figure id=\"attachment_32603\" aria-describedby=\"caption-attachment-32603\" style=\"width: 1200px\" class=\"wp-caption alignnone\"><img loading=\"lazy\" loading=\"lazy\" decoding=\"async\" class=\"size-full wp-image-32603\" src=\"https:\/\/queonnda.com\/wp-content\/uploads\/2025\/04\/primeras-imagenes-papa-francisco-ataud-efe.jpg\" alt=\"first images pope coffin, photos pope francis body, pope francis body, pope francis, Qu\u00e9Onnda\" width=\"1200\" height=\"1802\" \/><figcaption id=\"caption-attachment-32603\" class=\"wp-caption-text\">PHOTO: Agencia Efe<\/figcaption><\/figure>\n\n<p>According to the <a href=\"https:\/\/www.vatican.va\/content\/vatican\/en.html\" target=\"_blank\" rel=\"noopener\">Vatican<\/a> Press Office, Francis&#8217; body will be transferred to St. Peter&#8217;s Basilica on Wednesday, April 23, so that the faithful can pay homage to him in the funeral chapel.<\/p>\n<p>The date of the funeral will be officially set in the coming hours, although, according to the current regulations (Ordo Exsequiarum Romani Pontificis), it must be held between Friday, April 25 and Sunday, April 27.<\/p>\n<p>For more news, visit <a href=\"https:\/\/queonnda.com\/en\/\" target=\"_blank\" rel=\"noopener\">QueOnnda.com.<\/a><\/p>\n","protected":false},"excerpt":{"rendered":"<p>Less than 24 hours after his death, the Vatican released on Tuesday, April 22, the first images of the body of Pope Francis inside his coffin, in the private chapel of Casa Santa Marta, his usual residence throughout his pontificate. The pontiff, who died on Monday, April 21, at the age of 88 due to [&hellip;]<\/p>\n","protected":false},"author":5,"featured_media":32597,"comment_status":"open","ping_status":"open","sticky":false,"template":"","format":"standard","meta":{"inline_featured_image":false,"footnotes":""},"categories":[127,125],"tags":[624,802],"class_list":{"0":"post-32606","1":"post","2":"type-post","3":"status-publish","4":"format-standard","5":"has-post-thumbnail","7":"category-international","8":"category-news","9":"tag-featured-en","10":"tag-pope-francis"},"yoast_head":"<!-- This site is optimized with the Yoast SEO Premium plugin v27.0 (Yoast SEO v27.2) - https:\/\/yoast.com\/product\/yoast-seo-premium-wordpress\/ -->\n<title>First images pope coffin: This is what it looks like<\/title>\n<meta name=\"description\" content=\"The first images of Pope Francis in his coffin are released. Cardinals and collaborators honor him at Casa Santa Marta\" \/>\n<meta name=\"robots\" content=\"index, follow, max-snippet:-1, max-image-preview:large, max-video-preview:-1\" \/>\n<link rel=\"canonical\" href=\"https:\/\/queonnda.com\/en\/first-images-of-pope-francis-in-his-coffin-released\/\" \/>\n<meta property=\"og:locale\" content=\"en_US\" \/>\n<meta property=\"og:type\" content=\"article\" \/>\n<meta property=\"og:title\" content=\"First images of Pope Francis in his coffin released\" \/>\n<meta property=\"og:description\" content=\"The first images of Pope Francis in his coffin are released. Cardinals and collaborators honor him at Casa Santa Marta\" \/>\n<meta property=\"og:url\" content=\"https:\/\/queonnda.com\/en\/first-images-of-pope-francis-in-his-coffin-released\/\" \/>\n<meta property=\"og:site_name\" content=\"QueOnnda\" \/>\n<meta property=\"article:publisher\" content=\"https:\/\/web.facebook.com\/queonnda.nueva\" \/>\n<meta property=\"article:published_time\" content=\"2025-04-22T08:01:45+00:00\" \/>\n<meta property=\"article:modified_time\" content=\"2025-04-22T08:08:29+00:00\" \/>\n<meta property=\"og:image\" content=\"https:\/\/queonnda.com\/wp-content\/uploads\/2025\/04\/primeras-imagenes-papa-francisco-ataud-getty.jpg\" \/>\n\t<meta property=\"og:image:width\" content=\"1200\" \/>\n\t<meta property=\"og:image:height\" content=\"800\" \/>\n\t<meta property=\"og:image:type\" content=\"image\/jpeg\" \/>\n<meta name=\"author\" content=\"Miriam Gonzalez\" \/>\n<meta name=\"twitter:card\" content=\"summary_large_image\" \/>\n<meta name=\"twitter:label1\" content=\"Written by\" \/>\n\t<meta name=\"twitter:data1\" content=\"Miriam Gonzalez\" \/>\n\t<meta name=\"twitter:label2\" content=\"Est. reading time\" \/>\n\t<meta name=\"twitter:data2\" content=\"3 minutes\" \/>\n<script type=\"application\/ld+json\" class=\"yoast-schema-graph\">{\"@context\":\"https:\/\/schema.org\",\"@graph\":[{\"@type\":\"Article\",\"@id\":\"https:\/\/queonnda.com\/en\/first-images-of-pope-francis-in-his-coffin-released\/#article\",\"isPartOf\":{\"@id\":\"https:\/\/queonnda.com\/en\/first-images-of-pope-francis-in-his-coffin-released\/\"},\"author\":{\"name\":\"Miriam Gonzalez\",\"@id\":\"https:\/\/queonnda.com\/#\/schema\/person\/ecd117cdd7ffee0bf8999bf03c66c920\"},\"headline\":\"First images of Pope Francis in his coffin released\",\"datePublished\":\"2025-04-22T08:01:45+00:00\",\"dateModified\":\"2025-04-22T08:08:29+00:00\",\"mainEntityOfPage\":{\"@id\":\"https:\/\/queonnda.com\/en\/first-images-of-pope-francis-in-his-coffin-released\/\"},\"wordCount\":533,\"commentCount\":0,\"publisher\":{\"@id\":\"https:\/\/queonnda.com\/#organization\"},\"image\":{\"@id\":\"https:\/\/queonnda.com\/en\/first-images-of-pope-francis-in-his-coffin-released\/#primaryimage\"},\"thumbnailUrl\":\"https:\/\/queonnda.com\/wp-content\/uploads\/2025\/04\/primeras-imagenes-papa-francisco-ataud-getty.jpg\",\"keywords\":[\"Featured\",\"Pope Francis\"],\"articleSection\":[\"International\",\"News\"],\"inLanguage\":\"en-US\",\"potentialAction\":[{\"@type\":\"CommentAction\",\"name\":\"Comment\",\"target\":[\"https:\/\/queonnda.com\/en\/first-images-of-pope-francis-in-his-coffin-released\/#respond\"]}],\"copyrightYear\":\"2025\",\"copyrightHolder\":{\"@id\":\"https:\/\/queonnda.com\/#organization\"}},{\"@type\":\"WebPage\",\"@id\":\"https:\/\/queonnda.com\/en\/first-images-of-pope-francis-in-his-coffin-released\/\",\"url\":\"https:\/\/queonnda.com\/en\/first-images-of-pope-francis-in-his-coffin-released\/\",\"name\":\"First images pope coffin: This is what it looks like\",\"isPartOf\":{\"@id\":\"https:\/\/queonnda.com\/#website\"},\"primaryImageOfPage\":{\"@id\":\"https:\/\/queonnda.com\/en\/first-images-of-pope-francis-in-his-coffin-released\/#primaryimage\"},\"image\":{\"@id\":\"https:\/\/queonnda.com\/en\/first-images-of-pope-francis-in-his-coffin-released\/#primaryimage\"},\"thumbnailUrl\":\"https:\/\/queonnda.com\/wp-content\/uploads\/2025\/04\/primeras-imagenes-papa-francisco-ataud-getty.jpg\",\"datePublished\":\"2025-04-22T08:01:45+00:00\",\"dateModified\":\"2025-04-22T08:08:29+00:00\",\"description\":\"The first images of Pope Francis in his coffin are released. Cardinals and collaborators honor him at Casa Santa Marta\",\"breadcrumb\":{\"@id\":\"https:\/\/queonnda.com\/en\/first-images-of-pope-francis-in-his-coffin-released\/#breadcrumb\"},\"inLanguage\":\"en-US\",\"potentialAction\":[{\"@type\":\"ReadAction\",\"target\":[\"https:\/\/queonnda.com\/en\/first-images-of-pope-francis-in-his-coffin-released\/\"]}]},{\"@type\":\"ImageObject\",\"inLanguage\":\"en-US\",\"@id\":\"https:\/\/queonnda.com\/en\/first-images-of-pope-francis-in-his-coffin-released\/#primaryimage\",\"url\":\"https:\/\/queonnda.com\/wp-content\/uploads\/2025\/04\/primeras-imagenes-papa-francisco-ataud-getty.jpg\",\"contentUrl\":\"https:\/\/queonnda.com\/wp-content\/uploads\/2025\/04\/primeras-imagenes-papa-francisco-ataud-getty.jpg\",\"width\":1200,\"height\":800,\"caption\":\"FOTO: Getty Images\"},{\"@type\":\"BreadcrumbList\",\"@id\":\"https:\/\/queonnda.com\/en\/first-images-of-pope-francis-in-his-coffin-released\/#breadcrumb\",\"itemListElement\":[{\"@type\":\"ListItem\",\"position\":1,\"name\":\"Home\",\"item\":\"https:\/\/queonnda.com\/en\/\"},{\"@type\":\"ListItem\",\"position\":2,\"name\":\"First images of Pope Francis in his coffin released\"}]},{\"@type\":\"WebSite\",\"@id\":\"https:\/\/queonnda.com\/#website\",\"url\":\"https:\/\/queonnda.com\/\",\"name\":\"QueOnnda\",\"description\":\"Plataforma audio-digital sin precedentes que revolucionar\u00e1 la forma en que las audiencias latinas interact\u00faan con los medios\",\"publisher\":{\"@id\":\"https:\/\/queonnda.com\/#organization\"},\"potentialAction\":[{\"@type\":\"SearchAction\",\"target\":{\"@type\":\"EntryPoint\",\"urlTemplate\":\"https:\/\/queonnda.com\/?s={search_term_string}\"},\"query-input\":{\"@type\":\"PropertyValueSpecification\",\"valueRequired\":true,\"valueName\":\"search_term_string\"}}],\"inLanguage\":\"en-US\"},{\"@type\":\"Organization\",\"@id\":\"https:\/\/queonnda.com\/#organization\",\"name\":\"QueOnnda\",\"url\":\"https:\/\/queonnda.com\/\",\"logo\":{\"@type\":\"ImageObject\",\"inLanguage\":\"en-US\",\"@id\":\"https:\/\/queonnda.com\/#\/schema\/logo\/image\/\",\"url\":\"https:\/\/queonnda.com\/wp-content\/uploads\/2025\/03\/Logo_QueOnnda_Color.svg\",\"contentUrl\":\"https:\/\/queonnda.com\/wp-content\/uploads\/2025\/03\/Logo_QueOnnda_Color.svg\",\"width\":651,\"height\":103,\"caption\":\"QueOnnda\"},\"image\":{\"@id\":\"https:\/\/queonnda.com\/#\/schema\/logo\/image\/\"},\"sameAs\":[\"https:\/\/web.facebook.com\/queonnda.nueva\",\"https:\/\/www.instagram.com\/queonnda.nueva\/\",\"https:\/\/www.youtube.com\/@queonnda\",\"https:\/\/tiktok.com\/@queonnda.nueva\"]},{\"@type\":\"Person\",\"@id\":\"https:\/\/queonnda.com\/#\/schema\/person\/ecd117cdd7ffee0bf8999bf03c66c920\",\"name\":\"Miriam Gonzalez\",\"sameAs\":[\"https:\/\/queonnda.com\"],\"url\":\"https:\/\/queonnda.com\/en\/author\/miriam\/\"}]}<\/script>\n<!-- \/ Yoast SEO Premium plugin. -->","yoast_head_json":{"title":"First images pope coffin: This is what it looks like","description":"The first images of Pope Francis in his coffin are released. Cardinals and collaborators honor him at Casa Santa Marta","robots":{"index":"index","follow":"follow","max-snippet":"max-snippet:-1","max-image-preview":"max-image-preview:large","max-video-preview":"max-video-preview:-1"},"canonical":"https:\/\/queonnda.com\/en\/first-images-of-pope-francis-in-his-coffin-released\/","og_locale":"en_US","og_type":"article","og_title":"First images of Pope Francis in his coffin released","og_description":"The first images of Pope Francis in his coffin are released. Cardinals and collaborators honor him at Casa Santa Marta","og_url":"https:\/\/queonnda.com\/en\/first-images-of-pope-francis-in-his-coffin-released\/","og_site_name":"QueOnnda","article_publisher":"https:\/\/web.facebook.com\/queonnda.nueva","article_published_time":"2025-04-22T08:01:45+00:00","article_modified_time":"2025-04-22T08:08:29+00:00","og_image":[{"width":1200,"height":800,"url":"https:\/\/queonnda.com\/wp-content\/uploads\/2025\/04\/primeras-imagenes-papa-francisco-ataud-getty.jpg","type":"image\/jpeg"}],"author":"Miriam Gonzalez","twitter_card":"summary_large_image","twitter_misc":{"Written by":"Miriam Gonzalez","Est. reading time":"3 minutes"},"schema":{"@context":"https:\/\/schema.org","@graph":[{"@type":"Article","@id":"https:\/\/queonnda.com\/en\/first-images-of-pope-francis-in-his-coffin-released\/#article","isPartOf":{"@id":"https:\/\/queonnda.com\/en\/first-images-of-pope-francis-in-his-coffin-released\/"},"author":{"name":"Miriam Gonzalez","@id":"https:\/\/queonnda.com\/#\/schema\/person\/ecd117cdd7ffee0bf8999bf03c66c920"},"headline":"First images of Pope Francis in his coffin released","datePublished":"2025-04-22T08:01:45+00:00","dateModified":"2025-04-22T08:08:29+00:00","mainEntityOfPage":{"@id":"https:\/\/queonnda.com\/en\/first-images-of-pope-francis-in-his-coffin-released\/"},"wordCount":533,"commentCount":0,"publisher":{"@id":"https:\/\/queonnda.com\/#organization"},"image":{"@id":"https:\/\/queonnda.com\/en\/first-images-of-pope-francis-in-his-coffin-released\/#primaryimage"},"thumbnailUrl":"https:\/\/queonnda.com\/wp-content\/uploads\/2025\/04\/primeras-imagenes-papa-francisco-ataud-getty.jpg","keywords":["Featured","Pope Francis"],"articleSection":["International","News"],"inLanguage":"en-US","potentialAction":[{"@type":"CommentAction","name":"Comment","target":["https:\/\/queonnda.com\/en\/first-images-of-pope-francis-in-his-coffin-released\/#respond"]}],"copyrightYear":"2025","copyrightHolder":{"@id":"https:\/\/queonnda.com\/#organization"}},{"@type":"WebPage","@id":"https:\/\/queonnda.com\/en\/first-images-of-pope-francis-in-his-coffin-released\/","url":"https:\/\/queonnda.com\/en\/first-images-of-pope-francis-in-his-coffin-released\/","name":"First images pope coffin: This is what it looks like","isPartOf":{"@id":"https:\/\/queonnda.com\/#website"},"primaryImageOfPage":{"@id":"https:\/\/queonnda.com\/en\/first-images-of-pope-francis-in-his-coffin-released\/#primaryimage"},"image":{"@id":"https:\/\/queonnda.com\/en\/first-images-of-pope-francis-in-his-coffin-released\/#primaryimage"},"thumbnailUrl":"https:\/\/queonnda.com\/wp-content\/uploads\/2025\/04\/primeras-imagenes-papa-francisco-ataud-getty.jpg","datePublished":"2025-04-22T08:01:45+00:00","dateModified":"2025-04-22T08:08:29+00:00","description":"The first images of Pope Francis in his coffin are released. Cardinals and collaborators honor him at Casa Santa Marta","breadcrumb":{"@id":"https:\/\/queonnda.com\/en\/first-images-of-pope-francis-in-his-coffin-released\/#breadcrumb"},"inLanguage":"en-US","potentialAction":[{"@type":"ReadAction","target":["https:\/\/queonnda.com\/en\/first-images-of-pope-francis-in-his-coffin-released\/"]}]},{"@type":"ImageObject","inLanguage":"en-US","@id":"https:\/\/queonnda.com\/en\/first-images-of-pope-francis-in-his-coffin-released\/#primaryimage","url":"https:\/\/queonnda.com\/wp-content\/uploads\/2025\/04\/primeras-imagenes-papa-francisco-ataud-getty.jpg","contentUrl":"https:\/\/queonnda.com\/wp-content\/uploads\/2025\/04\/primeras-imagenes-papa-francisco-ataud-getty.jpg","width":1200,"height":800,"caption":"FOTO: Getty Images"},{"@type":"BreadcrumbList","@id":"https:\/\/queonnda.com\/en\/first-images-of-pope-francis-in-his-coffin-released\/#breadcrumb","itemListElement":[{"@type":"ListItem","position":1,"name":"Home","item":"https:\/\/queonnda.com\/en\/"},{"@type":"ListItem","position":2,"name":"First images of Pope Francis in his coffin released"}]},{"@type":"WebSite","@id":"https:\/\/queonnda.com\/#website","url":"https:\/\/queonnda.com\/","name":"QueOnnda","description":"Plataforma audio-digital sin precedentes que revolucionar\u00e1 la forma en que las audiencias latinas interact\u00faan con los medios","publisher":{"@id":"https:\/\/queonnda.com\/#organization"},"potentialAction":[{"@type":"SearchAction","target":{"@type":"EntryPoint","urlTemplate":"https:\/\/queonnda.com\/?s={search_term_string}"},"query-input":{"@type":"PropertyValueSpecification","valueRequired":true,"valueName":"search_term_string"}}],"inLanguage":"en-US"},{"@type":"Organization","@id":"https:\/\/queonnda.com\/#organization","name":"QueOnnda","url":"https:\/\/queonnda.com\/","logo":{"@type":"ImageObject","inLanguage":"en-US","@id":"https:\/\/queonnda.com\/#\/schema\/logo\/image\/","url":"https:\/\/queonnda.com\/wp-content\/uploads\/2025\/03\/Logo_QueOnnda_Color.svg","contentUrl":"https:\/\/queonnda.com\/wp-content\/uploads\/2025\/03\/Logo_QueOnnda_Color.svg","width":651,"height":103,"caption":"QueOnnda"},"image":{"@id":"https:\/\/queonnda.com\/#\/schema\/logo\/image\/"},"sameAs":["https:\/\/web.facebook.com\/queonnda.nueva","https:\/\/www.instagram.com\/queonnda.nueva\/","https:\/\/www.youtube.com\/@queonnda","https:\/\/tiktok.com\/@queonnda.nueva"]},{"@type":"Person","@id":"https:\/\/queonnda.com\/#\/schema\/person\/ecd117cdd7ffee0bf8999bf03c66c920","name":"Miriam Gonzalez","sameAs":["https:\/\/queonnda.com"],"url":"https:\/\/queonnda.com\/en\/author\/miriam\/"}]}},"_links":{"self":[{"href":"https:\/\/queonnda.com\/en\/wp-json\/wp\/v2\/posts\/32606","targetHints":{"allow":["GET"]}}],"collection":[{"href":"https:\/\/queonnda.com\/en\/wp-json\/wp\/v2\/posts"}],"about":[{"href":"https:\/\/queonnda.com\/en\/wp-json\/wp\/v2\/types\/post"}],"author":[{"embeddable":true,"href":"https:\/\/queonnda.com\/en\/wp-json\/wp\/v2\/users\/5"}],"replies":[{"embeddable":true,"href":"https:\/\/queonnda.com\/en\/wp-json\/wp\/v2\/comments?post=32606"}],"version-history":[{"count":0,"href":"https:\/\/queonnda.com\/en\/wp-json\/wp\/v2\/posts\/32606\/revisions"}],"wp:featuredmedia":[{"embeddable":true,"href":"https:\/\/queonnda.com\/en\/wp-json\/wp\/v2\/media\/32597"}],"wp:attachment":[{"href":"https:\/\/queonnda.com\/en\/wp-json\/wp\/v2\/media?parent=32606"}],"wp:term":[{"taxonomy":"category","embeddable":true,"href":"https:\/\/queonnda.com\/en\/wp-json\/wp\/v2\/categories?post=32606"},{"taxonomy":"post_tag","embeddable":true,"href":"https:\/\/queonnda.com\/en\/wp-json\/wp\/v2\/tags?post=32606"}],"curies":[{"name":"wp","href":"https:\/\/api.w.org\/{rel}","templated":true}]}}