{"id":42329,"date":"2025-05-18T16:40:14","date_gmt":"2025-05-18T20:40:14","guid":{"rendered":"https:\/\/queonnda.com\/former-president-biden-diagnosed-with-aggressive-prostate-cancer\/"},"modified":"2025-05-18T16:42:30","modified_gmt":"2025-05-18T20:42:30","slug":"former-president-biden-diagnosed-with-aggressive-prostate-cancer","status":"publish","type":"post","link":"https:\/\/queonnda.com\/en\/former-president-biden-diagnosed-with-aggressive-prostate-cancer\/","title":{"rendered":"Former President Biden Diagnosed with Aggressive Prostate Cancer"},"content":{"rendered":"<p>Former U.S. President Joe Biden has been diagnosed with aggressive prostate cancer with bone metastasis, his office confirmed in a statement released Sunday and reported by CNN, Associated Press and Huffington Post.<\/p>\n<p>Biden, 82, underwent a medical evaluation last week after he developed persistent urinary symptoms. Tests revealed the presence of a suspicious prostate nodule. After a series of complementary studies, the doctors determined that it was advanced prostate cancer, with a Gleason score of 9, considered the highest on the scale of tumor aggressiveness (Grade 5 Group).  <\/p>\n<p><!--more--><\/p>\n<h2>Diagnosis: Biden has prostate cancer<\/h2>\n<figure id=\"attachment_42326\" aria-describedby=\"caption-attachment-42326\" style=\"width: 1200px\" class=\"wp-caption alignnone\"><img loading=\"lazy\" loading=\"lazy\" decoding=\"async\" class=\"size-full wp-image-42326\" src=\"https:\/\/queonnda.com\/wp-content\/uploads\/2025\/05\/biden-cancer-prostata-x.jpg\" alt=\"\" width=\"1200\" height=\"1335\"><figcaption id=\"caption-attachment-42326\" class=\"wp-caption-text\">Joe Biden has been diagnosed with prostate cancer \/ PHOTO: Screenshot by X<\/figcaption><\/figure>\n<p>The former president&#8217;s office confirmed that the cancer has already metastasized to the bone, indicating that the disease has advanced beyond the prostate, affecting the bone system.<\/p>\n<p>However, specialists reported that the tumor is sensitive to hormones, which opens the possibility of hormonal and systemic treatments that could help contain its progression.<\/p>\n<p>Biden, who held the presidency from 2021 to 2025, withdrew from the 2024 election race after a series of internal debates in the Democratic Party.<\/p>\n<p>Since then, he had maintained a more discreet profile in public life, although he continued to participate in initiatives linked to health and science.<\/p>\n<h2>A cancer activist<\/h2>\n<p>During his tenure, President Biden pushed hard for the Cancer Moonshot program, a federal initiative that seeks to reduce the cancer death rate by at least 50% over the next 25 years.<\/p>\n<p>This public policy came about following the death of her son Beau Biden from brain cancer in 2015, a personal tragedy that profoundly marked her life and commitment to the fight against this disease.<\/p>\n<p>For this reason, the announcement of his own diagnosis has generated great commotion and solidarity inside and outside the country.<\/p>\n<p>Political leaders, former collaborators, doctors and citizens have expressed their support through social networks and official statements.<\/p>\n<h2>Expectations for its evolution<\/h2>\n\n<p>According to the <a href=\"https:\/\/joebiden.com\/\" target=\"_blank\" rel=\"noopener\">official statement<\/a>, Biden and his family are in medical consultations to define the most appropriate treatment plan.<\/p>\n<p>It has not yet been specified whether he will undergo chemotherapy, radiotherapy or other targeted therapy.<\/p>\n<p>&#8220;We know this road will not be easy, but the president is surrounded by his family, his doctors and millions of people who cherish him,&#8221; said a close source quoted by <a href=\"https:\/\/apnews.com\/article\/biden-cancer-prostate-be18c98abe341cd91277e1d3b75d5cd5\" target=\"_blank\" rel=\"noopener\">AP<\/a>.<\/p>\n<p>A further update on his health status and clinical decisions is expected to be issued in the coming days.<\/p>\n<p>For now, public attention has focused on the example of strength Biden has set in his decades of public life and on his continuing legacy as an advocate for cancer research.<\/p>\n<figure class=\"wp-block-pullquote\"><blockquote><p style=\"color: #fd9737;\">El c\u00e1ncer ya presenta met\u00e1stasis \u00f3sea, lo que indica que la enfermedad ha avanzado m\u00e1s all\u00e1 de la pr\u00f3stata, afectando el sistema \u00f3seo<\/p><cite>Qu\u00e9Onnda.com<\/cite><\/blockquote><\/figure>\n<p>For more news, visit <a href=\"https:\/\/queonnda.com\/en\/\" target=\"_blank\" rel=\"noopener\">Qu\u00e9Onnda.com.<\/a><\/p>\n","protected":false},"excerpt":{"rendered":"<p>Former U.S. President Joe Biden has been diagnosed with aggressive prostate cancer with bone metastasis, his office confirmed in a statement released Sunday and reported by CNN, Associated Press and Huffington Post. Biden, 82, underwent a medical evaluation last week after he developed persistent urinary symptoms. Tests revealed the presence of a suspicious prostate nodule. [&hellip;]<\/p>\n","protected":false},"author":5,"featured_media":42325,"comment_status":"open","ping_status":"open","sticky":false,"template":"","format":"standard","meta":{"inline_featured_image":false,"footnotes":""},"categories":[126,125],"tags":[227,801],"class_list":{"0":"post-42329","1":"post","2":"type-post","3":"status-publish","4":"format-standard","5":"has-post-thumbnail","7":"category-national","8":"category-news","9":"tag-cancer-en","10":"tag-joe-biden-en"},"yoast_head":"<!-- This site is optimized with the Yoast SEO Premium plugin v27.0 (Yoast SEO v27.2) - https:\/\/yoast.com\/product\/yoast-seo-premium-wordpress\/ -->\n<title>Prostate cancer Joe Biden: former president diagnosed with prostate cancer<\/title>\n<meta name=\"description\" content=\"Joe Biden, former US President, was diagnosed with aggressive prostate cancer. His family and doctors are evaluating his treatment.\" \/>\n<meta name=\"robots\" content=\"index, follow, max-snippet:-1, max-image-preview:large, max-video-preview:-1\" \/>\n<link rel=\"canonical\" href=\"https:\/\/queonnda.com\/en\/former-president-biden-diagnosed-with-aggressive-prostate-cancer\/\" \/>\n<meta property=\"og:locale\" content=\"en_US\" \/>\n<meta property=\"og:type\" content=\"article\" \/>\n<meta property=\"og:title\" content=\"Former President Biden Diagnosed with Aggressive Prostate Cancer\" \/>\n<meta property=\"og:description\" content=\"Joe Biden, former US President, was diagnosed with aggressive prostate cancer. His family and doctors are evaluating his treatment.\" \/>\n<meta property=\"og:url\" content=\"https:\/\/queonnda.com\/en\/former-president-biden-diagnosed-with-aggressive-prostate-cancer\/\" \/>\n<meta property=\"og:site_name\" content=\"QueOnnda\" \/>\n<meta property=\"article:publisher\" content=\"https:\/\/web.facebook.com\/queonnda.nueva\" \/>\n<meta property=\"article:published_time\" content=\"2025-05-18T20:40:14+00:00\" \/>\n<meta property=\"article:modified_time\" content=\"2025-05-18T20:42:30+00:00\" \/>\n<meta property=\"og:image\" content=\"https:\/\/queonnda.com\/wp-content\/uploads\/2025\/05\/biden-GettyImages-2194365045.jpg\" \/>\n\t<meta property=\"og:image:width\" content=\"1200\" \/>\n\t<meta property=\"og:image:height\" content=\"855\" \/>\n\t<meta property=\"og:image:type\" content=\"image\/jpeg\" \/>\n<meta name=\"author\" content=\"Miriam Gonzalez\" \/>\n<meta name=\"twitter:card\" content=\"summary_large_image\" \/>\n<meta name=\"twitter:label1\" content=\"Written by\" \/>\n\t<meta name=\"twitter:data1\" content=\"Miriam Gonzalez\" \/>\n\t<meta name=\"twitter:label2\" content=\"Est. reading time\" \/>\n\t<meta name=\"twitter:data2\" content=\"2 minutes\" \/>\n<script type=\"application\/ld+json\" class=\"yoast-schema-graph\">{\"@context\":\"https:\/\/schema.org\",\"@graph\":[{\"@type\":\"Article\",\"@id\":\"https:\/\/queonnda.com\/en\/former-president-biden-diagnosed-with-aggressive-prostate-cancer\/#article\",\"isPartOf\":{\"@id\":\"https:\/\/queonnda.com\/en\/former-president-biden-diagnosed-with-aggressive-prostate-cancer\/\"},\"author\":{\"name\":\"Miriam Gonzalez\",\"@id\":\"https:\/\/queonnda.com\/#\/schema\/person\/ecd117cdd7ffee0bf8999bf03c66c920\"},\"headline\":\"Former President Biden Diagnosed with Aggressive Prostate Cancer\",\"datePublished\":\"2025-05-18T20:40:14+00:00\",\"dateModified\":\"2025-05-18T20:42:30+00:00\",\"mainEntityOfPage\":{\"@id\":\"https:\/\/queonnda.com\/en\/former-president-biden-diagnosed-with-aggressive-prostate-cancer\/\"},\"wordCount\":488,\"commentCount\":0,\"publisher\":{\"@id\":\"https:\/\/queonnda.com\/#organization\"},\"image\":{\"@id\":\"https:\/\/queonnda.com\/en\/former-president-biden-diagnosed-with-aggressive-prostate-cancer\/#primaryimage\"},\"thumbnailUrl\":\"https:\/\/queonnda.com\/wp-content\/uploads\/2025\/05\/biden-GettyImages-2194365045.jpg\",\"keywords\":[\"cancer\",\"Joe Biden\"],\"articleSection\":[\"National\",\"News\"],\"inLanguage\":\"en-US\",\"potentialAction\":[{\"@type\":\"CommentAction\",\"name\":\"Comment\",\"target\":[\"https:\/\/queonnda.com\/en\/former-president-biden-diagnosed-with-aggressive-prostate-cancer\/#respond\"]}],\"copyrightYear\":\"2025\",\"copyrightHolder\":{\"@id\":\"https:\/\/queonnda.com\/#organization\"}},{\"@type\":\"WebPage\",\"@id\":\"https:\/\/queonnda.com\/en\/former-president-biden-diagnosed-with-aggressive-prostate-cancer\/\",\"url\":\"https:\/\/queonnda.com\/en\/former-president-biden-diagnosed-with-aggressive-prostate-cancer\/\",\"name\":\"Prostate cancer Joe Biden: former president diagnosed with prostate cancer\",\"isPartOf\":{\"@id\":\"https:\/\/queonnda.com\/#website\"},\"primaryImageOfPage\":{\"@id\":\"https:\/\/queonnda.com\/en\/former-president-biden-diagnosed-with-aggressive-prostate-cancer\/#primaryimage\"},\"image\":{\"@id\":\"https:\/\/queonnda.com\/en\/former-president-biden-diagnosed-with-aggressive-prostate-cancer\/#primaryimage\"},\"thumbnailUrl\":\"https:\/\/queonnda.com\/wp-content\/uploads\/2025\/05\/biden-GettyImages-2194365045.jpg\",\"datePublished\":\"2025-05-18T20:40:14+00:00\",\"dateModified\":\"2025-05-18T20:42:30+00:00\",\"description\":\"Joe Biden, former US President, was diagnosed with aggressive prostate cancer. His family and doctors are evaluating his treatment.\",\"breadcrumb\":{\"@id\":\"https:\/\/queonnda.com\/en\/former-president-biden-diagnosed-with-aggressive-prostate-cancer\/#breadcrumb\"},\"inLanguage\":\"en-US\",\"potentialAction\":[{\"@type\":\"ReadAction\",\"target\":[\"https:\/\/queonnda.com\/en\/former-president-biden-diagnosed-with-aggressive-prostate-cancer\/\"]}]},{\"@type\":\"ImageObject\",\"inLanguage\":\"en-US\",\"@id\":\"https:\/\/queonnda.com\/en\/former-president-biden-diagnosed-with-aggressive-prostate-cancer\/#primaryimage\",\"url\":\"https:\/\/queonnda.com\/wp-content\/uploads\/2025\/05\/biden-GettyImages-2194365045.jpg\",\"contentUrl\":\"https:\/\/queonnda.com\/wp-content\/uploads\/2025\/05\/biden-GettyImages-2194365045.jpg\",\"width\":1200,\"height\":855,\"caption\":\"FOTO: Getty Images\"},{\"@type\":\"BreadcrumbList\",\"@id\":\"https:\/\/queonnda.com\/en\/former-president-biden-diagnosed-with-aggressive-prostate-cancer\/#breadcrumb\",\"itemListElement\":[{\"@type\":\"ListItem\",\"position\":1,\"name\":\"Home\",\"item\":\"https:\/\/queonnda.com\/en\/\"},{\"@type\":\"ListItem\",\"position\":2,\"name\":\"Former President Biden Diagnosed with Aggressive Prostate Cancer\"}]},{\"@type\":\"WebSite\",\"@id\":\"https:\/\/queonnda.com\/#website\",\"url\":\"https:\/\/queonnda.com\/\",\"name\":\"QueOnnda\",\"description\":\"Plataforma audio-digital sin precedentes que revolucionar\u00e1 la forma en que las audiencias latinas interact\u00faan con los medios\",\"publisher\":{\"@id\":\"https:\/\/queonnda.com\/#organization\"},\"potentialAction\":[{\"@type\":\"SearchAction\",\"target\":{\"@type\":\"EntryPoint\",\"urlTemplate\":\"https:\/\/queonnda.com\/?s={search_term_string}\"},\"query-input\":{\"@type\":\"PropertyValueSpecification\",\"valueRequired\":true,\"valueName\":\"search_term_string\"}}],\"inLanguage\":\"en-US\"},{\"@type\":\"Organization\",\"@id\":\"https:\/\/queonnda.com\/#organization\",\"name\":\"QueOnnda\",\"url\":\"https:\/\/queonnda.com\/\",\"logo\":{\"@type\":\"ImageObject\",\"inLanguage\":\"en-US\",\"@id\":\"https:\/\/queonnda.com\/#\/schema\/logo\/image\/\",\"url\":\"https:\/\/queonnda.com\/wp-content\/uploads\/2025\/03\/Logo_QueOnnda_Color.svg\",\"contentUrl\":\"https:\/\/queonnda.com\/wp-content\/uploads\/2025\/03\/Logo_QueOnnda_Color.svg\",\"width\":651,\"height\":103,\"caption\":\"QueOnnda\"},\"image\":{\"@id\":\"https:\/\/queonnda.com\/#\/schema\/logo\/image\/\"},\"sameAs\":[\"https:\/\/web.facebook.com\/queonnda.nueva\",\"https:\/\/www.instagram.com\/queonnda.nueva\/\",\"https:\/\/www.youtube.com\/@queonnda\",\"https:\/\/tiktok.com\/@queonnda.nueva\"]},{\"@type\":\"Person\",\"@id\":\"https:\/\/queonnda.com\/#\/schema\/person\/ecd117cdd7ffee0bf8999bf03c66c920\",\"name\":\"Miriam Gonzalez\",\"sameAs\":[\"https:\/\/queonnda.com\"],\"url\":\"https:\/\/queonnda.com\/en\/author\/miriam\/\"}]}<\/script>\n<!-- \/ Yoast SEO Premium plugin. -->","yoast_head_json":{"title":"Prostate cancer Joe Biden: former president diagnosed with prostate cancer","description":"Joe Biden, former US President, was diagnosed with aggressive prostate cancer. His family and doctors are evaluating his treatment.","robots":{"index":"index","follow":"follow","max-snippet":"max-snippet:-1","max-image-preview":"max-image-preview:large","max-video-preview":"max-video-preview:-1"},"canonical":"https:\/\/queonnda.com\/en\/former-president-biden-diagnosed-with-aggressive-prostate-cancer\/","og_locale":"en_US","og_type":"article","og_title":"Former President Biden Diagnosed with Aggressive Prostate Cancer","og_description":"Joe Biden, former US President, was diagnosed with aggressive prostate cancer. His family and doctors are evaluating his treatment.","og_url":"https:\/\/queonnda.com\/en\/former-president-biden-diagnosed-with-aggressive-prostate-cancer\/","og_site_name":"QueOnnda","article_publisher":"https:\/\/web.facebook.com\/queonnda.nueva","article_published_time":"2025-05-18T20:40:14+00:00","article_modified_time":"2025-05-18T20:42:30+00:00","og_image":[{"width":1200,"height":855,"url":"https:\/\/queonnda.com\/wp-content\/uploads\/2025\/05\/biden-GettyImages-2194365045.jpg","type":"image\/jpeg"}],"author":"Miriam Gonzalez","twitter_card":"summary_large_image","twitter_misc":{"Written by":"Miriam Gonzalez","Est. reading time":"2 minutes"},"schema":{"@context":"https:\/\/schema.org","@graph":[{"@type":"Article","@id":"https:\/\/queonnda.com\/en\/former-president-biden-diagnosed-with-aggressive-prostate-cancer\/#article","isPartOf":{"@id":"https:\/\/queonnda.com\/en\/former-president-biden-diagnosed-with-aggressive-prostate-cancer\/"},"author":{"name":"Miriam Gonzalez","@id":"https:\/\/queonnda.com\/#\/schema\/person\/ecd117cdd7ffee0bf8999bf03c66c920"},"headline":"Former President Biden Diagnosed with Aggressive Prostate Cancer","datePublished":"2025-05-18T20:40:14+00:00","dateModified":"2025-05-18T20:42:30+00:00","mainEntityOfPage":{"@id":"https:\/\/queonnda.com\/en\/former-president-biden-diagnosed-with-aggressive-prostate-cancer\/"},"wordCount":488,"commentCount":0,"publisher":{"@id":"https:\/\/queonnda.com\/#organization"},"image":{"@id":"https:\/\/queonnda.com\/en\/former-president-biden-diagnosed-with-aggressive-prostate-cancer\/#primaryimage"},"thumbnailUrl":"https:\/\/queonnda.com\/wp-content\/uploads\/2025\/05\/biden-GettyImages-2194365045.jpg","keywords":["cancer","Joe Biden"],"articleSection":["National","News"],"inLanguage":"en-US","potentialAction":[{"@type":"CommentAction","name":"Comment","target":["https:\/\/queonnda.com\/en\/former-president-biden-diagnosed-with-aggressive-prostate-cancer\/#respond"]}],"copyrightYear":"2025","copyrightHolder":{"@id":"https:\/\/queonnda.com\/#organization"}},{"@type":"WebPage","@id":"https:\/\/queonnda.com\/en\/former-president-biden-diagnosed-with-aggressive-prostate-cancer\/","url":"https:\/\/queonnda.com\/en\/former-president-biden-diagnosed-with-aggressive-prostate-cancer\/","name":"Prostate cancer Joe Biden: former president diagnosed with prostate cancer","isPartOf":{"@id":"https:\/\/queonnda.com\/#website"},"primaryImageOfPage":{"@id":"https:\/\/queonnda.com\/en\/former-president-biden-diagnosed-with-aggressive-prostate-cancer\/#primaryimage"},"image":{"@id":"https:\/\/queonnda.com\/en\/former-president-biden-diagnosed-with-aggressive-prostate-cancer\/#primaryimage"},"thumbnailUrl":"https:\/\/queonnda.com\/wp-content\/uploads\/2025\/05\/biden-GettyImages-2194365045.jpg","datePublished":"2025-05-18T20:40:14+00:00","dateModified":"2025-05-18T20:42:30+00:00","description":"Joe Biden, former US President, was diagnosed with aggressive prostate cancer. His family and doctors are evaluating his treatment.","breadcrumb":{"@id":"https:\/\/queonnda.com\/en\/former-president-biden-diagnosed-with-aggressive-prostate-cancer\/#breadcrumb"},"inLanguage":"en-US","potentialAction":[{"@type":"ReadAction","target":["https:\/\/queonnda.com\/en\/former-president-biden-diagnosed-with-aggressive-prostate-cancer\/"]}]},{"@type":"ImageObject","inLanguage":"en-US","@id":"https:\/\/queonnda.com\/en\/former-president-biden-diagnosed-with-aggressive-prostate-cancer\/#primaryimage","url":"https:\/\/queonnda.com\/wp-content\/uploads\/2025\/05\/biden-GettyImages-2194365045.jpg","contentUrl":"https:\/\/queonnda.com\/wp-content\/uploads\/2025\/05\/biden-GettyImages-2194365045.jpg","width":1200,"height":855,"caption":"FOTO: Getty Images"},{"@type":"BreadcrumbList","@id":"https:\/\/queonnda.com\/en\/former-president-biden-diagnosed-with-aggressive-prostate-cancer\/#breadcrumb","itemListElement":[{"@type":"ListItem","position":1,"name":"Home","item":"https:\/\/queonnda.com\/en\/"},{"@type":"ListItem","position":2,"name":"Former President Biden Diagnosed with Aggressive Prostate Cancer"}]},{"@type":"WebSite","@id":"https:\/\/queonnda.com\/#website","url":"https:\/\/queonnda.com\/","name":"QueOnnda","description":"Plataforma audio-digital sin precedentes que revolucionar\u00e1 la forma en que las audiencias latinas interact\u00faan con los medios","publisher":{"@id":"https:\/\/queonnda.com\/#organization"},"potentialAction":[{"@type":"SearchAction","target":{"@type":"EntryPoint","urlTemplate":"https:\/\/queonnda.com\/?s={search_term_string}"},"query-input":{"@type":"PropertyValueSpecification","valueRequired":true,"valueName":"search_term_string"}}],"inLanguage":"en-US"},{"@type":"Organization","@id":"https:\/\/queonnda.com\/#organization","name":"QueOnnda","url":"https:\/\/queonnda.com\/","logo":{"@type":"ImageObject","inLanguage":"en-US","@id":"https:\/\/queonnda.com\/#\/schema\/logo\/image\/","url":"https:\/\/queonnda.com\/wp-content\/uploads\/2025\/03\/Logo_QueOnnda_Color.svg","contentUrl":"https:\/\/queonnda.com\/wp-content\/uploads\/2025\/03\/Logo_QueOnnda_Color.svg","width":651,"height":103,"caption":"QueOnnda"},"image":{"@id":"https:\/\/queonnda.com\/#\/schema\/logo\/image\/"},"sameAs":["https:\/\/web.facebook.com\/queonnda.nueva","https:\/\/www.instagram.com\/queonnda.nueva\/","https:\/\/www.youtube.com\/@queonnda","https:\/\/tiktok.com\/@queonnda.nueva"]},{"@type":"Person","@id":"https:\/\/queonnda.com\/#\/schema\/person\/ecd117cdd7ffee0bf8999bf03c66c920","name":"Miriam Gonzalez","sameAs":["https:\/\/queonnda.com"],"url":"https:\/\/queonnda.com\/en\/author\/miriam\/"}]}},"_links":{"self":[{"href":"https:\/\/queonnda.com\/en\/wp-json\/wp\/v2\/posts\/42329","targetHints":{"allow":["GET"]}}],"collection":[{"href":"https:\/\/queonnda.com\/en\/wp-json\/wp\/v2\/posts"}],"about":[{"href":"https:\/\/queonnda.com\/en\/wp-json\/wp\/v2\/types\/post"}],"author":[{"embeddable":true,"href":"https:\/\/queonnda.com\/en\/wp-json\/wp\/v2\/users\/5"}],"replies":[{"embeddable":true,"href":"https:\/\/queonnda.com\/en\/wp-json\/wp\/v2\/comments?post=42329"}],"version-history":[{"count":0,"href":"https:\/\/queonnda.com\/en\/wp-json\/wp\/v2\/posts\/42329\/revisions"}],"wp:featuredmedia":[{"embeddable":true,"href":"https:\/\/queonnda.com\/en\/wp-json\/wp\/v2\/media\/42325"}],"wp:attachment":[{"href":"https:\/\/queonnda.com\/en\/wp-json\/wp\/v2\/media?parent=42329"}],"wp:term":[{"taxonomy":"category","embeddable":true,"href":"https:\/\/queonnda.com\/en\/wp-json\/wp\/v2\/categories?post=42329"},{"taxonomy":"post_tag","embeddable":true,"href":"https:\/\/queonnda.com\/en\/wp-json\/wp\/v2\/tags?post=42329"}],"curies":[{"name":"wp","href":"https:\/\/api.w.org\/{rel}","templated":true}]}}