{"id":44868,"date":"2025-05-26T17:57:31","date_gmt":"2025-05-26T21:57:31","guid":{"rendered":"https:\/\/queonnda.com\/it-will-go-off-the-air-this-week-telemundo-program-ends\/"},"modified":"2025-05-26T18:01:33","modified_gmt":"2025-05-26T22:01:33","slug":"it-will-go-off-the-air-this-week-telemundo-program-ends","status":"publish","type":"post","link":"https:\/\/queonnda.com\/en\/it-will-go-off-the-air-this-week-telemundo-program-ends\/","title":{"rendered":"It will go off the air this week! Telemundo program ends"},"content":{"rendered":"<p data-start=\"40\" data-end=\"152\"><span class=\"relative -mx-px my-[-0.2rem] rounded px-px py-[0.2rem] transition-colors duration-100 ease-in-out\">Telemundo&#8217;s Sunday entertainment <a href=\"https:\/\/queonnda.com\/en\/ana-jurka-leaves-the-program-she-used-to-host-with-quique-usales\/\" target=\"_blank\" rel=\"noopener\">program<\/a>, <em data-start=\"55\" data-end=\"75\">Pica y se Extiende<\/em>, will conclude its broadcast, marking the end of a phase that began in January 2025.<\/span><\/p>\n<p data-start=\"40\" data-end=\"152\"><span class=\"relative -mx-px my-[-0.2rem] rounded px-px py-[0.2rem] transition-colors duration-100 ease-in-out\">Although the network has not issued an official statement about the cancellation, \u201cPica y se Extiende\u201d hosted by Carlos Adyan and Lourdes Stephen was mostly talking about \u201cLa Casa de los Famosos All Stars\u201d which ends next Monday.<\/span><\/p>\n<p data-start=\"40\" data-end=\"152\"><!--more--><\/p>\n<h2 data-start=\"159\" data-end=\"207\">An innovative format that captured attention<\/h2>\n<figure id=\"attachment_44856\" aria-describedby=\"caption-attachment-44856\" style=\"width: 1200px\" class=\"wp-caption alignnone\"><img loading=\"lazy\" loading=\"lazy\" decoding=\"async\" class=\"wp-image-44856 size-full\" src=\"https:\/\/queonnda.com\/wp-content\/uploads\/2025\/05\/carlos-adyan-and-lourdes-stephanpica-y-se-extiend-5ae3c6.jpg\" alt=\"Telemundo, television, show\" width=\"1200\" height=\"800\" \/><figcaption id=\"caption-attachment-44856\" class=\"wp-caption-text\">PHOTO: Telemundo<\/figcaption><\/figure>\n<p data-start=\"209\" data-end=\"365\"><span class=\"relative -mx-px my-[-0.2rem] rounded px-px py-[0.2rem] transition-colors duration-100 ease-in-out\"><em data-start=\"0\" data-end=\"20\" data-is-only-node=\"\">Pica y se Extiende<\/em> debuted on January 21, 2024, hosted by Carlos Adyan and Veronica Bastos.<\/span><\/p>\n<p data-start=\"209\" data-end=\"365\"><span class=\"relative -mx-px my-[-0.2rem] rounded px-px py-[0.2rem] transition-colors duration-100 ease-in-out\">The program offered an unfiltered analysis of the week&#8217;s highlights in the world of entertainment and Telemundo&#8217;s reality shows, especially <em data-start=\"164\" data-end=\"188\">La Casa de los Famosos<\/em>.<\/span><\/p>\n<p data-start=\"209\" data-end=\"365\"><span class=\"relative -mx-px my-[-0.2rem] rounded px-px py-[0.2rem] transition-colors duration-100 ease-in-out\">The production was produced live from the Telemundo Center in Miami, providing a dynamic and up-to-date experience for the U.S. Hispanic audience.<\/span><\/p>\n<h2 data-start=\"372\" data-end=\"400\">Driving changes<\/h2>\n<figure id=\"attachment_44858\" aria-describedby=\"caption-attachment-44858\" style=\"width: 1200px\" class=\"wp-caption alignnone\"><img loading=\"lazy\" loading=\"lazy\" decoding=\"async\" class=\"wp-image-44858 size-full\" src=\"https:\/\/queonnda.com\/wp-content\/uploads\/2025\/05\/11971-carlosadyanencasacontmia03.jpg\" alt=\"Carlos Adyan, telemundo, television\" width=\"1200\" height=\"791\" \/><figcaption id=\"caption-attachment-44858\" class=\"wp-caption-text\">PHOTO: Mezcalent<\/figcaption><\/figure>\n<p data-start=\"402\" data-end=\"560\"><span class=\"relative -mx-px my-[-0.2rem] rounded px-px py-[0.2rem] transition-colors duration-100 ease-in-out\">In June 2024, Veronica Bastos temporarily withdrew from the program due to personal commitments, including her daughter&#8217;s college preparation.<\/span><\/p>\n<p data-start=\"402\" data-end=\"560\"><span class=\"relative -mx-px my-[-0.2rem] rounded px-px py-[0.2rem] transition-colors duration-100 ease-in-out\">Lourdes Stephen took her place as co-host with Carlos Adyan, bringing her experience and charisma to the format.<\/span><\/p>\n<p data-start=\"402\" data-end=\"560\"><span class=\"relative -mx-px my-[-0.2rem] rounded px-px py-[0.2rem] transition-colors duration-100 ease-in-out\">This change was well received by the audience, who appreciated the freshness and professionalism of the new duo.<\/span><\/p>\n<h2 data-start=\"567\" data-end=\"624\">Factors that could have influenced the cancellation of the cancellation<\/h2>\n<figure id=\"attachment_44860\" aria-describedby=\"caption-attachment-44860\" style=\"width: 1200px\" class=\"wp-caption alignnone\"><img loading=\"lazy\" loading=\"lazy\" decoding=\"async\" class=\"wp-image-44860 size-full\" src=\"https:\/\/queonnda.com\/wp-content\/uploads\/2025\/05\/Pica_y_se_Extiende_800x450_2332705347738.jpg\" alt=\"show, program, television, Telemundo\" width=\"1200\" height=\"675\" \/><figcaption id=\"caption-attachment-44860\" class=\"wp-caption-text\">PHOTO: Telemundo<\/figcaption><\/figure>\n<p data-start=\"626\" data-end=\"704\"><span class=\"relative -mx-px my-[-0.2rem] rounded px-px py-[0.2rem] transition-colors duration-100 ease-in-out\">Although specific details about the cancellation have not been provided, several factors could have influenced Telemundo&#8217;s decision:<\/span><\/p>\n<ul data-start=\"706\" data-end=\"1053\">\n<li data-start=\"706\" data-end=\"825\">\n<p data-start=\"708\" data-end=\"825\"><strong data-start=\"708\" data-end=\"745\">Primetime competition<\/strong>: <span class=\"relative -mx-px my-[-0.2rem] rounded px-px py-[0.2rem] transition-colors duration-100 ease-in-out\">The program faced strong competition on Sunday nights, which could have affected its performance in terms of audience share.<\/span><\/p>\n<\/li>\n<li data-start=\"827\" data-end=\"940\">\n<p data-start=\"829\" data-end=\"940\"><strong data-start=\"829\" data-end=\"860\">Programming strategies<\/strong>: <span class=\"relative -mx-px my-[-0.2rem] rounded px-px py-[0.2rem] transition-colors duration-100 ease-in-out\">Telemundo has been adjusting its programming to adapt to changing audience preferences, which may have led to the restructuring of its entertainment offerings.<\/span><\/p>\n<\/li>\n<li data-start=\"942\" data-end=\"1053\">\n<p data-start=\"944\" data-end=\"1053\"><strong data-start=\"944\" data-end=\"973\">Focus on other formats<\/strong>: <span class=\"relative -mx-px my-[-0.2rem] rounded px-px py-[0.2rem] transition-colors duration-100 ease-in-out\">The network may be prioritizing other formats or programs that have demonstrated greater success or alignment with its strategic objectives.<\/span><\/p>\n<\/li>\n<li data-start=\"942\" data-end=\"1053\"><strong>End of \u201cLa Casa de los Famosos All Stars\u201d:<\/strong> This show had a strong influence on the content of \u201cPica y se Extiende\u201d, so at the end of the reality show, they are left without much news about it.<\/li>\n<\/ul>\n<figure class=\"wp-block-pullquote\"><blockquote><p style=\"color: #fd9737;\">En su reciente edici\u00f3n del show, Carlos Adyan se vio envuelto en una serie de pol\u00e9micas con varios habitantes de &#039;La Casa de los Famosos All Stars&#039; como Aleska G\u00e9nesis<\/p><cite>QueOnnda<\/cite><\/blockquote><\/figure>\n<h2 data-start=\"1273\" data-end=\"1306\">Alternatives and next steps<\/h2>\n\n<p data-start=\"1108\" data-end=\"1266\"><span class=\"relative -mx-px my-[-0.2rem] rounded px-px py-[0.2rem] transition-colors duration-100 ease-in-out\">Para la audiencia hispana en Estados Unidos, <em data-start=\"45\" data-end=\"65\">Pica y se Extiende<\/em> representaba una fuente de entretenimiento y an\u00e1lisis cultural que conectaba con sus intereses y experiencias.<\/span><\/p>\n<p data-start=\"1108\" data-end=\"1266\"><span class=\"relative -mx-px my-[-0.2rem] rounded px-px py-[0.2rem] transition-colors duration-100 ease-in-out\">La cancelaci\u00f3n del programa deja un vac\u00edo en la oferta de contenido que abordaba temas relevantes para esta comunidad.<\/span><\/p>\n<p data-start=\"1108\" data-end=\"1266\"><span class=\"relative -mx-px my-[-0.2rem] rounded px-px py-[0.2rem] transition-colors duration-100 ease-in-out\">Sin embargo, Telemundo contin\u00faa ofreciendo una variedad de programas y contenidos que buscan satisfacer las necesidades e intereses de su diversa audiencia.<\/span><\/p>\n<p data-start=\"1308\" data-end=\"1426\"><span class=\"relative -mx-px my-[-0.2rem] rounded px-px py-[0.2rem] transition-colors duration-100 ease-in-out\">Aunque <em data-start=\"7\" data-end=\"27\">Pica y se Extiende<\/em> ya no estar\u00e1 al aire, los espectadores pueden seguir disfrutando de contenido similar a trav\u00e9s de otros programas de Telemundo, como <em data-start=\"159\" data-end=\"177\">La Mesa Caliente<\/em>, <em data-start=\"179\" data-end=\"193\">Al Rojo Vivo<\/em> y <em data-start=\"196\" data-end=\"219\">En Casa con Telemundo<\/em>.<\/span><\/p>\n<p data-start=\"1308\" data-end=\"1426\"><span class=\"relative -mx-px my-[-0.2rem] rounded px-px py-[0.2rem] transition-colors duration-100 ease-in-out\">Adem\u00e1s, la cadena contin\u00faa desarrollando nuevas producciones que buscan innovar y conectar con la audiencia hispana en Estados Unidos.<\/span><\/p>\n<p data-start=\"1428\" data-end=\"1506\"><span class=\"relative -mx-px my-[-0.2rem] rounded px-px py-[0.2rem] transition-colors duration-100 ease-in-out\">Ent\u00e9rate de m\u00e1s en <a href=\"https:\/\/queonnda.com\" target=\"_blank\" rel=\"noopener\">&#8216;QueOnnda.com&#8217;<\/a><br \/>\n<\/span><\/p>\n","protected":false},"excerpt":{"rendered":"<p>Telemundo&#8217;s Sunday entertainment program, Pica y se Extiende, will conclude its broadcast, marking the end of a phase that began in January 2025. Although the network has not issued an official statement about the cancellation, \u201cPica y se Extiende\u201d hosted by Carlos Adyan and Lourdes Stephen was mostly talking about \u201cLa Casa de los Famosos [&hellip;]<\/p>\n","protected":false},"author":6,"featured_media":44854,"comment_status":"open","ping_status":"open","sticky":false,"template":"","format":"standard","meta":{"inline_featured_image":false,"footnotes":""},"categories":[55,120],"tags":[798,235,240],"class_list":{"0":"post-44868","1":"post","2":"type-post","3":"status-publish","4":"format-standard","5":"has-post-thumbnail","7":"category-entertainment","8":"category-television-en","9":"tag-entretenimiento-en","10":"tag-show-en","11":"tag-television-en"},"yoast_head":"<!-- This site is optimized with the Yoast SEO Premium plugin v27.0 (Yoast SEO v27.2) - https:\/\/yoast.com\/product\/yoast-seo-premium-wordpress\/ -->\n<title>Telemundo to take \u201cPica y se Extiende\u201d off the air this week<\/title>\n<meta name=\"description\" content=\"The program \u201cPica y se Extiende\u201d will go off the air this week after several weeks of airing on Telemundo.\" \/>\n<meta name=\"robots\" content=\"index, follow, max-snippet:-1, max-image-preview:large, max-video-preview:-1\" \/>\n<link rel=\"canonical\" href=\"https:\/\/queonnda.com\/en\/it-will-go-off-the-air-this-week-telemundo-program-ends\/\" \/>\n<meta property=\"og:locale\" content=\"en_US\" \/>\n<meta property=\"og:type\" content=\"article\" \/>\n<meta property=\"og:title\" content=\"It will go off the air this week! Telemundo program ends\" \/>\n<meta property=\"og:description\" content=\"The program \u201cPica y se Extiende\u201d will go off the air this week after several weeks of airing on Telemundo.\" \/>\n<meta property=\"og:url\" content=\"https:\/\/queonnda.com\/en\/it-will-go-off-the-air-this-week-telemundo-program-ends\/\" \/>\n<meta property=\"og:site_name\" content=\"QueOnnda\" \/>\n<meta property=\"article:publisher\" content=\"https:\/\/web.facebook.com\/queonnda.nueva\" \/>\n<meta property=\"article:published_time\" content=\"2025-05-26T21:57:31+00:00\" \/>\n<meta property=\"article:modified_time\" content=\"2025-05-26T22:01:33+00:00\" \/>\n<meta property=\"og:image\" content=\"https:\/\/queonnda.com\/wp-content\/uploads\/2025\/05\/telemundologo_1920x10802.jpg\" \/>\n\t<meta property=\"og:image:width\" content=\"1200\" \/>\n\t<meta property=\"og:image:height\" content=\"774\" \/>\n\t<meta property=\"og:image:type\" content=\"image\/jpeg\" \/>\n<meta name=\"author\" content=\"Israel Castillo\" \/>\n<meta name=\"twitter:card\" content=\"summary_large_image\" \/>\n<meta name=\"twitter:label1\" content=\"Written by\" \/>\n\t<meta name=\"twitter:data1\" content=\"Israel Castillo\" \/>\n\t<meta name=\"twitter:label2\" content=\"Est. reading time\" \/>\n\t<meta name=\"twitter:data2\" content=\"4 minutes\" \/>\n<script type=\"application\/ld+json\" class=\"yoast-schema-graph\">{\"@context\":\"https:\/\/schema.org\",\"@graph\":[{\"@type\":\"Article\",\"@id\":\"https:\/\/queonnda.com\/en\/it-will-go-off-the-air-this-week-telemundo-program-ends\/#article\",\"isPartOf\":{\"@id\":\"https:\/\/queonnda.com\/en\/it-will-go-off-the-air-this-week-telemundo-program-ends\/\"},\"author\":{\"name\":\"Israel Castillo\",\"@id\":\"https:\/\/queonnda.com\/#\/schema\/person\/ba7226ec14bada54bbd8f989eccc817e\"},\"headline\":\"It will go off the air this week! Telemundo program ends\",\"datePublished\":\"2025-05-26T21:57:31+00:00\",\"dateModified\":\"2025-05-26T22:01:33+00:00\",\"mainEntityOfPage\":{\"@id\":\"https:\/\/queonnda.com\/en\/it-will-go-off-the-air-this-week-telemundo-program-ends\/\"},\"wordCount\":548,\"commentCount\":0,\"publisher\":{\"@id\":\"https:\/\/queonnda.com\/#organization\"},\"image\":{\"@id\":\"https:\/\/queonnda.com\/en\/it-will-go-off-the-air-this-week-telemundo-program-ends\/#primaryimage\"},\"thumbnailUrl\":\"https:\/\/queonnda.com\/wp-content\/uploads\/2025\/05\/telemundologo_1920x10802.jpg\",\"keywords\":[\"entretenimiento\",\"show\",\"television\"],\"articleSection\":[\"Entertainment\",\"Television\"],\"inLanguage\":\"en-US\",\"potentialAction\":[{\"@type\":\"CommentAction\",\"name\":\"Comment\",\"target\":[\"https:\/\/queonnda.com\/en\/it-will-go-off-the-air-this-week-telemundo-program-ends\/#respond\"]}],\"copyrightYear\":\"2025\",\"copyrightHolder\":{\"@id\":\"https:\/\/queonnda.com\/#organization\"}},{\"@type\":\"WebPage\",\"@id\":\"https:\/\/queonnda.com\/en\/it-will-go-off-the-air-this-week-telemundo-program-ends\/\",\"url\":\"https:\/\/queonnda.com\/en\/it-will-go-off-the-air-this-week-telemundo-program-ends\/\",\"name\":\"Telemundo to take \u201cPica y se Extiende\u201d off the air this week\",\"isPartOf\":{\"@id\":\"https:\/\/queonnda.com\/#website\"},\"primaryImageOfPage\":{\"@id\":\"https:\/\/queonnda.com\/en\/it-will-go-off-the-air-this-week-telemundo-program-ends\/#primaryimage\"},\"image\":{\"@id\":\"https:\/\/queonnda.com\/en\/it-will-go-off-the-air-this-week-telemundo-program-ends\/#primaryimage\"},\"thumbnailUrl\":\"https:\/\/queonnda.com\/wp-content\/uploads\/2025\/05\/telemundologo_1920x10802.jpg\",\"datePublished\":\"2025-05-26T21:57:31+00:00\",\"dateModified\":\"2025-05-26T22:01:33+00:00\",\"description\":\"The program \u201cPica y se Extiende\u201d will go off the air this week after several weeks of airing on Telemundo.\",\"breadcrumb\":{\"@id\":\"https:\/\/queonnda.com\/en\/it-will-go-off-the-air-this-week-telemundo-program-ends\/#breadcrumb\"},\"inLanguage\":\"en-US\",\"potentialAction\":[{\"@type\":\"ReadAction\",\"target\":[\"https:\/\/queonnda.com\/en\/it-will-go-off-the-air-this-week-telemundo-program-ends\/\"]}]},{\"@type\":\"ImageObject\",\"inLanguage\":\"en-US\",\"@id\":\"https:\/\/queonnda.com\/en\/it-will-go-off-the-air-this-week-telemundo-program-ends\/#primaryimage\",\"url\":\"https:\/\/queonnda.com\/wp-content\/uploads\/2025\/05\/telemundologo_1920x10802.jpg\",\"contentUrl\":\"https:\/\/queonnda.com\/wp-content\/uploads\/2025\/05\/telemundologo_1920x10802.jpg\",\"width\":1200,\"height\":774,\"caption\":\"FOTO: Telemundo\"},{\"@type\":\"BreadcrumbList\",\"@id\":\"https:\/\/queonnda.com\/en\/it-will-go-off-the-air-this-week-telemundo-program-ends\/#breadcrumb\",\"itemListElement\":[{\"@type\":\"ListItem\",\"position\":1,\"name\":\"Home\",\"item\":\"https:\/\/queonnda.com\/en\/\"},{\"@type\":\"ListItem\",\"position\":2,\"name\":\"It will go off the air this week! Telemundo program ends\"}]},{\"@type\":\"WebSite\",\"@id\":\"https:\/\/queonnda.com\/#website\",\"url\":\"https:\/\/queonnda.com\/\",\"name\":\"QueOnnda\",\"description\":\"Plataforma audio-digital sin precedentes que revolucionar\u00e1 la forma en que las audiencias latinas interact\u00faan con los medios\",\"publisher\":{\"@id\":\"https:\/\/queonnda.com\/#organization\"},\"potentialAction\":[{\"@type\":\"SearchAction\",\"target\":{\"@type\":\"EntryPoint\",\"urlTemplate\":\"https:\/\/queonnda.com\/?s={search_term_string}\"},\"query-input\":{\"@type\":\"PropertyValueSpecification\",\"valueRequired\":true,\"valueName\":\"search_term_string\"}}],\"inLanguage\":\"en-US\"},{\"@type\":\"Organization\",\"@id\":\"https:\/\/queonnda.com\/#organization\",\"name\":\"QueOnnda\",\"url\":\"https:\/\/queonnda.com\/\",\"logo\":{\"@type\":\"ImageObject\",\"inLanguage\":\"en-US\",\"@id\":\"https:\/\/queonnda.com\/#\/schema\/logo\/image\/\",\"url\":\"https:\/\/queonnda.com\/wp-content\/uploads\/2025\/03\/Logo_QueOnnda_Color.svg\",\"contentUrl\":\"https:\/\/queonnda.com\/wp-content\/uploads\/2025\/03\/Logo_QueOnnda_Color.svg\",\"width\":651,\"height\":103,\"caption\":\"QueOnnda\"},\"image\":{\"@id\":\"https:\/\/queonnda.com\/#\/schema\/logo\/image\/\"},\"sameAs\":[\"https:\/\/web.facebook.com\/queonnda.nueva\",\"https:\/\/www.instagram.com\/queonnda.nueva\/\",\"https:\/\/www.youtube.com\/@queonnda\",\"https:\/\/tiktok.com\/@queonnda.nueva\"]},{\"@type\":\"Person\",\"@id\":\"https:\/\/queonnda.com\/#\/schema\/person\/ba7226ec14bada54bbd8f989eccc817e\",\"name\":\"Israel Castillo\",\"sameAs\":[\"https:\/\/queonnda.com\"],\"url\":\"https:\/\/queonnda.com\/en\/author\/israel\/\"}]}<\/script>\n<!-- \/ Yoast SEO Premium plugin. -->","yoast_head_json":{"title":"Telemundo to take \u201cPica y se Extiende\u201d off the air this week","description":"The program \u201cPica y se Extiende\u201d will go off the air this week after several weeks of airing on Telemundo.","robots":{"index":"index","follow":"follow","max-snippet":"max-snippet:-1","max-image-preview":"max-image-preview:large","max-video-preview":"max-video-preview:-1"},"canonical":"https:\/\/queonnda.com\/en\/it-will-go-off-the-air-this-week-telemundo-program-ends\/","og_locale":"en_US","og_type":"article","og_title":"It will go off the air this week! Telemundo program ends","og_description":"The program \u201cPica y se Extiende\u201d will go off the air this week after several weeks of airing on Telemundo.","og_url":"https:\/\/queonnda.com\/en\/it-will-go-off-the-air-this-week-telemundo-program-ends\/","og_site_name":"QueOnnda","article_publisher":"https:\/\/web.facebook.com\/queonnda.nueva","article_published_time":"2025-05-26T21:57:31+00:00","article_modified_time":"2025-05-26T22:01:33+00:00","og_image":[{"width":1200,"height":774,"url":"https:\/\/queonnda.com\/wp-content\/uploads\/2025\/05\/telemundologo_1920x10802.jpg","type":"image\/jpeg"}],"author":"Israel Castillo","twitter_card":"summary_large_image","twitter_misc":{"Written by":"Israel Castillo","Est. reading time":"4 minutes"},"schema":{"@context":"https:\/\/schema.org","@graph":[{"@type":"Article","@id":"https:\/\/queonnda.com\/en\/it-will-go-off-the-air-this-week-telemundo-program-ends\/#article","isPartOf":{"@id":"https:\/\/queonnda.com\/en\/it-will-go-off-the-air-this-week-telemundo-program-ends\/"},"author":{"name":"Israel Castillo","@id":"https:\/\/queonnda.com\/#\/schema\/person\/ba7226ec14bada54bbd8f989eccc817e"},"headline":"It will go off the air this week! Telemundo program ends","datePublished":"2025-05-26T21:57:31+00:00","dateModified":"2025-05-26T22:01:33+00:00","mainEntityOfPage":{"@id":"https:\/\/queonnda.com\/en\/it-will-go-off-the-air-this-week-telemundo-program-ends\/"},"wordCount":548,"commentCount":0,"publisher":{"@id":"https:\/\/queonnda.com\/#organization"},"image":{"@id":"https:\/\/queonnda.com\/en\/it-will-go-off-the-air-this-week-telemundo-program-ends\/#primaryimage"},"thumbnailUrl":"https:\/\/queonnda.com\/wp-content\/uploads\/2025\/05\/telemundologo_1920x10802.jpg","keywords":["entretenimiento","show","television"],"articleSection":["Entertainment","Television"],"inLanguage":"en-US","potentialAction":[{"@type":"CommentAction","name":"Comment","target":["https:\/\/queonnda.com\/en\/it-will-go-off-the-air-this-week-telemundo-program-ends\/#respond"]}],"copyrightYear":"2025","copyrightHolder":{"@id":"https:\/\/queonnda.com\/#organization"}},{"@type":"WebPage","@id":"https:\/\/queonnda.com\/en\/it-will-go-off-the-air-this-week-telemundo-program-ends\/","url":"https:\/\/queonnda.com\/en\/it-will-go-off-the-air-this-week-telemundo-program-ends\/","name":"Telemundo to take \u201cPica y se Extiende\u201d off the air this week","isPartOf":{"@id":"https:\/\/queonnda.com\/#website"},"primaryImageOfPage":{"@id":"https:\/\/queonnda.com\/en\/it-will-go-off-the-air-this-week-telemundo-program-ends\/#primaryimage"},"image":{"@id":"https:\/\/queonnda.com\/en\/it-will-go-off-the-air-this-week-telemundo-program-ends\/#primaryimage"},"thumbnailUrl":"https:\/\/queonnda.com\/wp-content\/uploads\/2025\/05\/telemundologo_1920x10802.jpg","datePublished":"2025-05-26T21:57:31+00:00","dateModified":"2025-05-26T22:01:33+00:00","description":"The program \u201cPica y se Extiende\u201d will go off the air this week after several weeks of airing on Telemundo.","breadcrumb":{"@id":"https:\/\/queonnda.com\/en\/it-will-go-off-the-air-this-week-telemundo-program-ends\/#breadcrumb"},"inLanguage":"en-US","potentialAction":[{"@type":"ReadAction","target":["https:\/\/queonnda.com\/en\/it-will-go-off-the-air-this-week-telemundo-program-ends\/"]}]},{"@type":"ImageObject","inLanguage":"en-US","@id":"https:\/\/queonnda.com\/en\/it-will-go-off-the-air-this-week-telemundo-program-ends\/#primaryimage","url":"https:\/\/queonnda.com\/wp-content\/uploads\/2025\/05\/telemundologo_1920x10802.jpg","contentUrl":"https:\/\/queonnda.com\/wp-content\/uploads\/2025\/05\/telemundologo_1920x10802.jpg","width":1200,"height":774,"caption":"FOTO: Telemundo"},{"@type":"BreadcrumbList","@id":"https:\/\/queonnda.com\/en\/it-will-go-off-the-air-this-week-telemundo-program-ends\/#breadcrumb","itemListElement":[{"@type":"ListItem","position":1,"name":"Home","item":"https:\/\/queonnda.com\/en\/"},{"@type":"ListItem","position":2,"name":"It will go off the air this week! Telemundo program ends"}]},{"@type":"WebSite","@id":"https:\/\/queonnda.com\/#website","url":"https:\/\/queonnda.com\/","name":"QueOnnda","description":"Plataforma audio-digital sin precedentes que revolucionar\u00e1 la forma en que las audiencias latinas interact\u00faan con los medios","publisher":{"@id":"https:\/\/queonnda.com\/#organization"},"potentialAction":[{"@type":"SearchAction","target":{"@type":"EntryPoint","urlTemplate":"https:\/\/queonnda.com\/?s={search_term_string}"},"query-input":{"@type":"PropertyValueSpecification","valueRequired":true,"valueName":"search_term_string"}}],"inLanguage":"en-US"},{"@type":"Organization","@id":"https:\/\/queonnda.com\/#organization","name":"QueOnnda","url":"https:\/\/queonnda.com\/","logo":{"@type":"ImageObject","inLanguage":"en-US","@id":"https:\/\/queonnda.com\/#\/schema\/logo\/image\/","url":"https:\/\/queonnda.com\/wp-content\/uploads\/2025\/03\/Logo_QueOnnda_Color.svg","contentUrl":"https:\/\/queonnda.com\/wp-content\/uploads\/2025\/03\/Logo_QueOnnda_Color.svg","width":651,"height":103,"caption":"QueOnnda"},"image":{"@id":"https:\/\/queonnda.com\/#\/schema\/logo\/image\/"},"sameAs":["https:\/\/web.facebook.com\/queonnda.nueva","https:\/\/www.instagram.com\/queonnda.nueva\/","https:\/\/www.youtube.com\/@queonnda","https:\/\/tiktok.com\/@queonnda.nueva"]},{"@type":"Person","@id":"https:\/\/queonnda.com\/#\/schema\/person\/ba7226ec14bada54bbd8f989eccc817e","name":"Israel Castillo","sameAs":["https:\/\/queonnda.com"],"url":"https:\/\/queonnda.com\/en\/author\/israel\/"}]}},"_links":{"self":[{"href":"https:\/\/queonnda.com\/en\/wp-json\/wp\/v2\/posts\/44868","targetHints":{"allow":["GET"]}}],"collection":[{"href":"https:\/\/queonnda.com\/en\/wp-json\/wp\/v2\/posts"}],"about":[{"href":"https:\/\/queonnda.com\/en\/wp-json\/wp\/v2\/types\/post"}],"author":[{"embeddable":true,"href":"https:\/\/queonnda.com\/en\/wp-json\/wp\/v2\/users\/6"}],"replies":[{"embeddable":true,"href":"https:\/\/queonnda.com\/en\/wp-json\/wp\/v2\/comments?post=44868"}],"version-history":[{"count":0,"href":"https:\/\/queonnda.com\/en\/wp-json\/wp\/v2\/posts\/44868\/revisions"}],"wp:featuredmedia":[{"embeddable":true,"href":"https:\/\/queonnda.com\/en\/wp-json\/wp\/v2\/media\/44854"}],"wp:attachment":[{"href":"https:\/\/queonnda.com\/en\/wp-json\/wp\/v2\/media?parent=44868"}],"wp:term":[{"taxonomy":"category","embeddable":true,"href":"https:\/\/queonnda.com\/en\/wp-json\/wp\/v2\/categories?post=44868"},{"taxonomy":"post_tag","embeddable":true,"href":"https:\/\/queonnda.com\/en\/wp-json\/wp\/v2\/tags?post=44868"}],"curies":[{"name":"wp","href":"https:\/\/api.w.org\/{rel}","templated":true}]}}