{"id":45336,"date":"2025-05-27T17:13:59","date_gmt":"2025-05-27T21:13:59","guid":{"rendered":"https:\/\/queonnda.com\/singer-jorge-coque-muniz-was-hospitalized-and-was-sent-to-intensive-care\/"},"modified":"2025-05-27T17:18:00","modified_gmt":"2025-05-27T21:18:00","slug":"singer-jorge-coque-muniz-was-hospitalized","status":"publish","type":"post","link":"https:\/\/queonnda.com\/en\/singer-jorge-coque-muniz-was-hospitalized\/","title":{"rendered":"Singer Jorge \u201cCoque\u201d Mu\u00f1iz was hospitalized and was sent to intensive care"},"content":{"rendered":"<p data-start=\"40\" data-end=\"152\"><span class=\"relative -mx-px my-[-0.2rem] rounded px-px py-[0.2rem] transition-colors duration-100 ease-in-out\">The renowned Mexican <a href=\"https:\/\/queonnda.com\/en\/shots-fired-at-the-home-of-singer-oscar-maydons-parents\/\" target=\"_blank\" rel=\"noopener\">singer<\/a> and presenter Jorge \u201cCoque\u201d Mu\u00f1iz, 65 years old, was hospitalized on Sunday, May 25, 2025, after presenting respiratory complications derived from a COVID-19 infection.<\/span><\/p>\n<p data-start=\"40\" data-end=\"152\"><span class=\"relative -mx-px my-[-0.2rem] rounded px-px py-[0.2rem] transition-colors duration-100 ease-in-out\">The artist is currently in medium therapy, under medical observation, and has canceled his scheduled presentations while he follows the indications of rest and isolation.<\/span><\/p>\n<p data-start=\"40\" data-end=\"152\"><!--more--><\/p>\n<h2 data-start=\"159\" data-end=\"192\">Diagnosis and hospitalization<\/h2>\n<figure id=\"attachment_45323\" aria-describedby=\"caption-attachment-45323\" style=\"width: 1200px\" class=\"wp-caption alignnone\"><img loading=\"lazy\" loading=\"lazy\" decoding=\"async\" class=\"wp-image-45323 size-full\" src=\"https:\/\/queonnda.com\/wp-content\/uploads\/2025\/05\/8675-JorgeMuniz005.jpg\" alt=\"Coque mu\u00f1iz, music, entertainment\" width=\"1200\" height=\"1800\" \/><figcaption id=\"caption-attachment-45323\" class=\"wp-caption-text\">PHOTO: Mezcalent<\/figcaption><\/figure>\n<p data-start=\"194\" data-end=\"350\"><span class=\"relative -mx-px my-[-0.2rem] rounded px-px py-[0.2rem] transition-colors duration-100 ease-in-out\">On Saturday, May 24, Mu\u00f1iz announced through his social networks that he had tested positive for COVID-19 and that, although he felt stable, he had to cancel his participation in the show \u201cEncadenados\u201d in Puebla.<\/span><\/p>\n<p data-start=\"194\" data-end=\"350\"><span class=\"relative -mx-px my-[-0.2rem] rounded px-px py-[0.2rem] transition-colors duration-100 ease-in-out\">However, the following day, his condition worsened, leading to his hospitalization.<\/span><\/p>\n<p data-start=\"194\" data-end=\"350\"><span class=\"relative -mx-px my-[-0.2rem] rounded px-px py-[0.2rem] transition-colors duration-100 ease-in-out\">In a post on X (formerly Twitter), he shared a photograph from the hospital wearing an oxygen mask, accompanied by the message:<\/span><\/p>\n<p data-start=\"354\" data-end=\"472\"><span class=\"relative -mx-px my-[-0.2rem] rounded px-px py-[0.2rem] transition-colors duration-100 ease-in-out\">\u201cAnd take it, with the news that I got COVID and we even went to the hospital. We will be one more day, but already in medium therapy. We could not be with my friends from Puebla yesterday,\u201d he said<\/span>.<\/p>\n<p data-start=\"474\" data-end=\"592\"><span class=\"relative -mx-px my-[-0.2rem] rounded px-px py-[0.2rem] transition-colors duration-100 ease-in-out\">Medium therapy is a hospital unit intended for patients who require constant monitoring but not intensive care.<\/span><\/p>\n<h2 data-start=\"599\" data-end=\"624\">Health history<\/h2>\n<figure id=\"attachment_45325\" aria-describedby=\"caption-attachment-45325\" style=\"width: 1200px\" class=\"wp-caption alignnone\"><img loading=\"lazy\" loading=\"lazy\" decoding=\"async\" class=\"wp-image-45325 size-full\" src=\"https:\/\/queonnda.com\/wp-content\/uploads\/2025\/05\/Captura-de-pantalla-2025-05-27-a-las-15.01.13.jpg\" alt=\"Coque mu\u00f1iz, entertainment, celebrities\" width=\"1200\" height=\"1589\" \/><figcaption id=\"caption-attachment-45325\" class=\"wp-caption-text\">PHOTO: Instagram \u201cCoque Mu\u00f1iz\u201d.<\/figcaption><\/figure>\n<p data-start=\"626\" data-end=\"864\"><span class=\"relative -mx-px my-[-0.2rem] rounded px-px py-[0.2rem] transition-colors duration-100 ease-in-out\">This is not the first time that the son of legendary singer Marco Antonio Mu\u00f1iz has faced health problems.<\/span><\/p>\n<p data-start=\"626\" data-end=\"864\"><span class=\"relative -mx-px my-[-0.2rem] rounded px-px py-[0.2rem] transition-colors duration-100 ease-in-out\">In June 2024, he was hospitalized for acute bronchopneumonia after a performance in Playa del Carmen.<\/span><\/p>\n<p data-start=\"626\" data-end=\"864\"><span class=\"relative -mx-px my-[-0.2rem] rounded px-px py-[0.2rem] transition-colors duration-100 ease-in-out\">On that occasion, the artist mentioned that temperature changes and his history of smoking contributed to his condition.<\/span><\/p>\n<p data-start=\"626\" data-end=\"864\"><span class=\"relative -mx-px my-[-0.2rem] rounded px-px py-[0.2rem] transition-colors duration-100 ease-in-out\">Since then, he has been under medical supervision and has taken steps to improve his health.<\/span><\/p>\n<h2 data-start=\"871\" data-end=\"893\">Reactions and support for Coque Mu\u00f1iz<\/h2>\n<figure id=\"attachment_45327\" aria-describedby=\"caption-attachment-45327\" style=\"width: 1200px\" class=\"wp-caption alignnone\"><img loading=\"lazy\" loading=\"lazy\" decoding=\"async\" class=\"wp-image-45327 size-full\" src=\"https:\/\/queonnda.com\/wp-content\/uploads\/2025\/05\/5913-JorgeMuniz009.jpg\" alt=\"singer, health, COVID\" width=\"1200\" height=\"1799\" \/><figcaption id=\"caption-attachment-45327\" class=\"wp-caption-text\">PHOTO: Mezcalent<\/figcaption><\/figure>\n<p data-start=\"895\" data-end=\"1013\"><span class=\"relative -mx-px my-[-0.2rem] rounded px-px py-[0.2rem] transition-colors duration-100 ease-in-out\">The news of his hospitalization has generated a wave of support from his followers and colleagues in the artistic world.<\/span><\/p>\n<p data-start=\"895\" data-end=\"1013\"><span class=\"relative -mx-px my-[-0.2rem] rounded px-px py-[0.2rem] transition-colors duration-100 ease-in-out\">In social networks, numerous messages of encouragement and wishes for a speedy recovery have been sent to the singer, who has thanked the expressions of affection.<\/span><\/p>\n<p data-start=\"895\" data-end=\"1013\"><figure class=\"wp-block-pullquote\"><blockquote><p style=\"color: #fd9737;\">Gracias por su comprensi\u00f3n, prometo regresar muy pronto. Una sincera disculpa. \u00a1Coqueman est\u00e1 de regreso!<\/p><cite>QueOnnda<\/cite><\/blockquote><\/figure><\/p>\n<h2 data-start=\"1020\" data-end=\"1076\">COVID prevention measures<\/h2>\n\n<p data-start=\"1078\" data-end=\"1196\"><span class=\"relative -mx-px my-[-0.2rem] rounded px-px py-[0.2rem] transition-colors duration-100 ease-in-out\">El caso de Coque Mu\u00f1iz resalta la importancia de mantener las medidas de prevenci\u00f3n contra el COVID-19, especialmente entre personas mayores o con antecedentes de salud.<\/span><\/p>\n<p data-start=\"1078\" data-end=\"1196\"><span class=\"relative -mx-px my-[-0.2rem] rounded px-px py-[0.2rem] transition-colors duration-100 ease-in-out\">La comunidad hispana en Estados Unidos debe estar atenta a los s\u00edntomas y seguir las recomendaciones de las autoridades sanitarias para evitar contagios y complicaciones.<\/span><\/p>\n<p data-start=\"1203\" data-end=\"1321\"><span class=\"relative -mx-px my-[-0.2rem] rounded px-px py-[0.2rem] transition-colors duration-100 ease-in-out\">Coque Mu\u00f1iz contin\u00faa en recuperaci\u00f3n y se espera que, siguiendo las indicaciones m\u00e9dicas, pueda retomar sus actividades art\u00edsticas en un futuro cercano.<\/span><\/p>\n<p data-start=\"1203\" data-end=\"1321\"><span class=\"relative -mx-px my-[-0.2rem] rounded px-px py-[0.2rem] transition-colors duration-100 ease-in-out\">Sus seguidores en Estados Unidos y M\u00e9xico permanecen atentos a su evoluci\u00f3n y le env\u00edan sus mejores deseos.<\/span><\/p>\n<p data-start=\"1203\" data-end=\"1321\">Ent\u00e9rate de m\u00e1s en <a href=\"https:\/\/queonnda.com\" target=\"_blank\" rel=\"noopener\">&#8216;QueOnnda.com&#8217;<\/a><\/p>\n","protected":false},"excerpt":{"rendered":"<p>The renowned Mexican singer and presenter Jorge \u201cCoque\u201d Mu\u00f1iz, 65 years old, was hospitalized on Sunday, May 25, 2025, after presenting respiratory complications derived from a COVID-19 infection. The artist is currently in medium therapy, under medical observation, and has canceled his scheduled presentations while he follows the indications of rest and isolation.<\/p>\n","protected":false},"author":6,"featured_media":45321,"comment_status":"open","ping_status":"open","sticky":false,"template":"","format":"standard","meta":{"inline_featured_image":false,"footnotes":""},"categories":[55,73],"tags":[798,784,787],"class_list":{"0":"post-45336","1":"post","2":"type-post","3":"status-publish","4":"format-standard","5":"has-post-thumbnail","7":"category-entertainment","8":"category-famous","9":"tag-entretenimiento-en","10":"tag-famosos-en","11":"tag-musica-en"},"yoast_head":"<!-- This site is optimized with the Yoast SEO Premium plugin v27.0 (Yoast SEO v27.2) - https:\/\/yoast.com\/product\/yoast-seo-premium-wordpress\/ -->\n<title>Coque Mu\u00f1iz is hospitalized on emergency by COVID<\/title>\n<meta name=\"description\" content=\"Through his social networks, it was reported that Mexican singer Jorge \u201cCoque\u201d Mu\u00f1iz was hospitalized in an emergency.\" \/>\n<meta name=\"robots\" content=\"index, follow, max-snippet:-1, max-image-preview:large, max-video-preview:-1\" \/>\n<link rel=\"canonical\" href=\"https:\/\/queonnda.com\/en\/singer-jorge-coque-muniz-was-hospitalized\/\" \/>\n<meta property=\"og:locale\" content=\"en_US\" \/>\n<meta property=\"og:type\" content=\"article\" \/>\n<meta property=\"og:title\" content=\"Singer Jorge \u201cCoque\u201d Mu\u00f1iz was hospitalized and was sent to intensive care\" \/>\n<meta property=\"og:description\" content=\"Through his social networks, it was reported that Mexican singer Jorge \u201cCoque\u201d Mu\u00f1iz was hospitalized in an emergency.\" \/>\n<meta property=\"og:url\" content=\"https:\/\/queonnda.com\/en\/singer-jorge-coque-muniz-was-hospitalized\/\" \/>\n<meta property=\"og:site_name\" content=\"QueOnnda\" \/>\n<meta property=\"article:publisher\" content=\"https:\/\/web.facebook.com\/queonnda.nueva\" \/>\n<meta property=\"article:published_time\" content=\"2025-05-27T21:13:59+00:00\" \/>\n<meta property=\"article:modified_time\" content=\"2025-05-27T21:18:00+00:00\" \/>\n<meta property=\"og:image\" content=\"https:\/\/queonnda.com\/wp-content\/uploads\/2025\/05\/8675-JorgeMuniz004.jpg\" \/>\n\t<meta property=\"og:image:width\" content=\"1200\" \/>\n\t<meta property=\"og:image:height\" content=\"838\" \/>\n\t<meta property=\"og:image:type\" content=\"image\/jpeg\" \/>\n<meta name=\"author\" content=\"Israel Castillo\" \/>\n<meta name=\"twitter:card\" content=\"summary_large_image\" \/>\n<meta name=\"twitter:label1\" content=\"Written by\" \/>\n\t<meta name=\"twitter:data1\" content=\"Israel Castillo\" \/>\n\t<meta name=\"twitter:label2\" content=\"Est. reading time\" \/>\n\t<meta name=\"twitter:data2\" content=\"3 minutes\" \/>\n<script type=\"application\/ld+json\" class=\"yoast-schema-graph\">{\"@context\":\"https:\/\/schema.org\",\"@graph\":[{\"@type\":\"Article\",\"@id\":\"https:\/\/queonnda.com\/en\/singer-jorge-coque-muniz-was-hospitalized\/#article\",\"isPartOf\":{\"@id\":\"https:\/\/queonnda.com\/en\/singer-jorge-coque-muniz-was-hospitalized\/\"},\"author\":{\"name\":\"Israel Castillo\",\"@id\":\"https:\/\/queonnda.com\/#\/schema\/person\/ba7226ec14bada54bbd8f989eccc817e\"},\"headline\":\"Singer Jorge \u201cCoque\u201d Mu\u00f1iz was hospitalized and was sent to intensive care\",\"datePublished\":\"2025-05-27T21:13:59+00:00\",\"dateModified\":\"2025-05-27T21:18:00+00:00\",\"mainEntityOfPage\":{\"@id\":\"https:\/\/queonnda.com\/en\/singer-jorge-coque-muniz-was-hospitalized\/\"},\"wordCount\":485,\"commentCount\":0,\"publisher\":{\"@id\":\"https:\/\/queonnda.com\/#organization\"},\"image\":{\"@id\":\"https:\/\/queonnda.com\/en\/singer-jorge-coque-muniz-was-hospitalized\/#primaryimage\"},\"thumbnailUrl\":\"https:\/\/queonnda.com\/wp-content\/uploads\/2025\/05\/8675-JorgeMuniz004.jpg\",\"keywords\":[\"entretenimiento\",\"famosos\",\"m\u00fasica\"],\"articleSection\":[\"Entertainment\",\"Famous\"],\"inLanguage\":\"en-US\",\"potentialAction\":[{\"@type\":\"CommentAction\",\"name\":\"Comment\",\"target\":[\"https:\/\/queonnda.com\/en\/singer-jorge-coque-muniz-was-hospitalized\/#respond\"]}],\"copyrightYear\":\"2025\",\"copyrightHolder\":{\"@id\":\"https:\/\/queonnda.com\/#organization\"}},{\"@type\":\"WebPage\",\"@id\":\"https:\/\/queonnda.com\/en\/singer-jorge-coque-muniz-was-hospitalized\/\",\"url\":\"https:\/\/queonnda.com\/en\/singer-jorge-coque-muniz-was-hospitalized\/\",\"name\":\"Coque Mu\u00f1iz is hospitalized on emergency by COVID\",\"isPartOf\":{\"@id\":\"https:\/\/queonnda.com\/#website\"},\"primaryImageOfPage\":{\"@id\":\"https:\/\/queonnda.com\/en\/singer-jorge-coque-muniz-was-hospitalized\/#primaryimage\"},\"image\":{\"@id\":\"https:\/\/queonnda.com\/en\/singer-jorge-coque-muniz-was-hospitalized\/#primaryimage\"},\"thumbnailUrl\":\"https:\/\/queonnda.com\/wp-content\/uploads\/2025\/05\/8675-JorgeMuniz004.jpg\",\"datePublished\":\"2025-05-27T21:13:59+00:00\",\"dateModified\":\"2025-05-27T21:18:00+00:00\",\"description\":\"Through his social networks, it was reported that Mexican singer Jorge \u201cCoque\u201d Mu\u00f1iz was hospitalized in an emergency.\",\"breadcrumb\":{\"@id\":\"https:\/\/queonnda.com\/en\/singer-jorge-coque-muniz-was-hospitalized\/#breadcrumb\"},\"inLanguage\":\"en-US\",\"potentialAction\":[{\"@type\":\"ReadAction\",\"target\":[\"https:\/\/queonnda.com\/en\/singer-jorge-coque-muniz-was-hospitalized\/\"]}]},{\"@type\":\"ImageObject\",\"inLanguage\":\"en-US\",\"@id\":\"https:\/\/queonnda.com\/en\/singer-jorge-coque-muniz-was-hospitalized\/#primaryimage\",\"url\":\"https:\/\/queonnda.com\/wp-content\/uploads\/2025\/05\/8675-JorgeMuniz004.jpg\",\"contentUrl\":\"https:\/\/queonnda.com\/wp-content\/uploads\/2025\/05\/8675-JorgeMuniz004.jpg\",\"width\":1200,\"height\":838,\"caption\":\"FOTO: Mezcalent\"},{\"@type\":\"BreadcrumbList\",\"@id\":\"https:\/\/queonnda.com\/en\/singer-jorge-coque-muniz-was-hospitalized\/#breadcrumb\",\"itemListElement\":[{\"@type\":\"ListItem\",\"position\":1,\"name\":\"Home\",\"item\":\"https:\/\/queonnda.com\/en\/\"},{\"@type\":\"ListItem\",\"position\":2,\"name\":\"Singer Jorge \u201cCoque\u201d Mu\u00f1iz was hospitalized and was sent to intensive care\"}]},{\"@type\":\"WebSite\",\"@id\":\"https:\/\/queonnda.com\/#website\",\"url\":\"https:\/\/queonnda.com\/\",\"name\":\"QueOnnda\",\"description\":\"Plataforma audio-digital sin precedentes que revolucionar\u00e1 la forma en que las audiencias latinas interact\u00faan con los medios\",\"publisher\":{\"@id\":\"https:\/\/queonnda.com\/#organization\"},\"potentialAction\":[{\"@type\":\"SearchAction\",\"target\":{\"@type\":\"EntryPoint\",\"urlTemplate\":\"https:\/\/queonnda.com\/?s={search_term_string}\"},\"query-input\":{\"@type\":\"PropertyValueSpecification\",\"valueRequired\":true,\"valueName\":\"search_term_string\"}}],\"inLanguage\":\"en-US\"},{\"@type\":\"Organization\",\"@id\":\"https:\/\/queonnda.com\/#organization\",\"name\":\"QueOnnda\",\"url\":\"https:\/\/queonnda.com\/\",\"logo\":{\"@type\":\"ImageObject\",\"inLanguage\":\"en-US\",\"@id\":\"https:\/\/queonnda.com\/#\/schema\/logo\/image\/\",\"url\":\"https:\/\/queonnda.com\/wp-content\/uploads\/2025\/03\/Logo_QueOnnda_Color.svg\",\"contentUrl\":\"https:\/\/queonnda.com\/wp-content\/uploads\/2025\/03\/Logo_QueOnnda_Color.svg\",\"width\":651,\"height\":103,\"caption\":\"QueOnnda\"},\"image\":{\"@id\":\"https:\/\/queonnda.com\/#\/schema\/logo\/image\/\"},\"sameAs\":[\"https:\/\/web.facebook.com\/queonnda.nueva\",\"https:\/\/www.instagram.com\/queonnda.nueva\/\",\"https:\/\/www.youtube.com\/@queonnda\",\"https:\/\/tiktok.com\/@queonnda.nueva\"]},{\"@type\":\"Person\",\"@id\":\"https:\/\/queonnda.com\/#\/schema\/person\/ba7226ec14bada54bbd8f989eccc817e\",\"name\":\"Israel Castillo\",\"sameAs\":[\"https:\/\/queonnda.com\"],\"url\":\"https:\/\/queonnda.com\/en\/author\/israel\/\"}]}<\/script>\n<!-- \/ Yoast SEO Premium plugin. -->","yoast_head_json":{"title":"Coque Mu\u00f1iz is hospitalized on emergency by COVID","description":"Through his social networks, it was reported that Mexican singer Jorge \u201cCoque\u201d Mu\u00f1iz was hospitalized in an emergency.","robots":{"index":"index","follow":"follow","max-snippet":"max-snippet:-1","max-image-preview":"max-image-preview:large","max-video-preview":"max-video-preview:-1"},"canonical":"https:\/\/queonnda.com\/en\/singer-jorge-coque-muniz-was-hospitalized\/","og_locale":"en_US","og_type":"article","og_title":"Singer Jorge \u201cCoque\u201d Mu\u00f1iz was hospitalized and was sent to intensive care","og_description":"Through his social networks, it was reported that Mexican singer Jorge \u201cCoque\u201d Mu\u00f1iz was hospitalized in an emergency.","og_url":"https:\/\/queonnda.com\/en\/singer-jorge-coque-muniz-was-hospitalized\/","og_site_name":"QueOnnda","article_publisher":"https:\/\/web.facebook.com\/queonnda.nueva","article_published_time":"2025-05-27T21:13:59+00:00","article_modified_time":"2025-05-27T21:18:00+00:00","og_image":[{"width":1200,"height":838,"url":"https:\/\/queonnda.com\/wp-content\/uploads\/2025\/05\/8675-JorgeMuniz004.jpg","type":"image\/jpeg"}],"author":"Israel Castillo","twitter_card":"summary_large_image","twitter_misc":{"Written by":"Israel Castillo","Est. reading time":"3 minutes"},"schema":{"@context":"https:\/\/schema.org","@graph":[{"@type":"Article","@id":"https:\/\/queonnda.com\/en\/singer-jorge-coque-muniz-was-hospitalized\/#article","isPartOf":{"@id":"https:\/\/queonnda.com\/en\/singer-jorge-coque-muniz-was-hospitalized\/"},"author":{"name":"Israel Castillo","@id":"https:\/\/queonnda.com\/#\/schema\/person\/ba7226ec14bada54bbd8f989eccc817e"},"headline":"Singer Jorge \u201cCoque\u201d Mu\u00f1iz was hospitalized and was sent to intensive care","datePublished":"2025-05-27T21:13:59+00:00","dateModified":"2025-05-27T21:18:00+00:00","mainEntityOfPage":{"@id":"https:\/\/queonnda.com\/en\/singer-jorge-coque-muniz-was-hospitalized\/"},"wordCount":485,"commentCount":0,"publisher":{"@id":"https:\/\/queonnda.com\/#organization"},"image":{"@id":"https:\/\/queonnda.com\/en\/singer-jorge-coque-muniz-was-hospitalized\/#primaryimage"},"thumbnailUrl":"https:\/\/queonnda.com\/wp-content\/uploads\/2025\/05\/8675-JorgeMuniz004.jpg","keywords":["entretenimiento","famosos","m\u00fasica"],"articleSection":["Entertainment","Famous"],"inLanguage":"en-US","potentialAction":[{"@type":"CommentAction","name":"Comment","target":["https:\/\/queonnda.com\/en\/singer-jorge-coque-muniz-was-hospitalized\/#respond"]}],"copyrightYear":"2025","copyrightHolder":{"@id":"https:\/\/queonnda.com\/#organization"}},{"@type":"WebPage","@id":"https:\/\/queonnda.com\/en\/singer-jorge-coque-muniz-was-hospitalized\/","url":"https:\/\/queonnda.com\/en\/singer-jorge-coque-muniz-was-hospitalized\/","name":"Coque Mu\u00f1iz is hospitalized on emergency by COVID","isPartOf":{"@id":"https:\/\/queonnda.com\/#website"},"primaryImageOfPage":{"@id":"https:\/\/queonnda.com\/en\/singer-jorge-coque-muniz-was-hospitalized\/#primaryimage"},"image":{"@id":"https:\/\/queonnda.com\/en\/singer-jorge-coque-muniz-was-hospitalized\/#primaryimage"},"thumbnailUrl":"https:\/\/queonnda.com\/wp-content\/uploads\/2025\/05\/8675-JorgeMuniz004.jpg","datePublished":"2025-05-27T21:13:59+00:00","dateModified":"2025-05-27T21:18:00+00:00","description":"Through his social networks, it was reported that Mexican singer Jorge \u201cCoque\u201d Mu\u00f1iz was hospitalized in an emergency.","breadcrumb":{"@id":"https:\/\/queonnda.com\/en\/singer-jorge-coque-muniz-was-hospitalized\/#breadcrumb"},"inLanguage":"en-US","potentialAction":[{"@type":"ReadAction","target":["https:\/\/queonnda.com\/en\/singer-jorge-coque-muniz-was-hospitalized\/"]}]},{"@type":"ImageObject","inLanguage":"en-US","@id":"https:\/\/queonnda.com\/en\/singer-jorge-coque-muniz-was-hospitalized\/#primaryimage","url":"https:\/\/queonnda.com\/wp-content\/uploads\/2025\/05\/8675-JorgeMuniz004.jpg","contentUrl":"https:\/\/queonnda.com\/wp-content\/uploads\/2025\/05\/8675-JorgeMuniz004.jpg","width":1200,"height":838,"caption":"FOTO: Mezcalent"},{"@type":"BreadcrumbList","@id":"https:\/\/queonnda.com\/en\/singer-jorge-coque-muniz-was-hospitalized\/#breadcrumb","itemListElement":[{"@type":"ListItem","position":1,"name":"Home","item":"https:\/\/queonnda.com\/en\/"},{"@type":"ListItem","position":2,"name":"Singer Jorge \u201cCoque\u201d Mu\u00f1iz was hospitalized and was sent to intensive care"}]},{"@type":"WebSite","@id":"https:\/\/queonnda.com\/#website","url":"https:\/\/queonnda.com\/","name":"QueOnnda","description":"Plataforma audio-digital sin precedentes que revolucionar\u00e1 la forma en que las audiencias latinas interact\u00faan con los medios","publisher":{"@id":"https:\/\/queonnda.com\/#organization"},"potentialAction":[{"@type":"SearchAction","target":{"@type":"EntryPoint","urlTemplate":"https:\/\/queonnda.com\/?s={search_term_string}"},"query-input":{"@type":"PropertyValueSpecification","valueRequired":true,"valueName":"search_term_string"}}],"inLanguage":"en-US"},{"@type":"Organization","@id":"https:\/\/queonnda.com\/#organization","name":"QueOnnda","url":"https:\/\/queonnda.com\/","logo":{"@type":"ImageObject","inLanguage":"en-US","@id":"https:\/\/queonnda.com\/#\/schema\/logo\/image\/","url":"https:\/\/queonnda.com\/wp-content\/uploads\/2025\/03\/Logo_QueOnnda_Color.svg","contentUrl":"https:\/\/queonnda.com\/wp-content\/uploads\/2025\/03\/Logo_QueOnnda_Color.svg","width":651,"height":103,"caption":"QueOnnda"},"image":{"@id":"https:\/\/queonnda.com\/#\/schema\/logo\/image\/"},"sameAs":["https:\/\/web.facebook.com\/queonnda.nueva","https:\/\/www.instagram.com\/queonnda.nueva\/","https:\/\/www.youtube.com\/@queonnda","https:\/\/tiktok.com\/@queonnda.nueva"]},{"@type":"Person","@id":"https:\/\/queonnda.com\/#\/schema\/person\/ba7226ec14bada54bbd8f989eccc817e","name":"Israel Castillo","sameAs":["https:\/\/queonnda.com"],"url":"https:\/\/queonnda.com\/en\/author\/israel\/"}]}},"_links":{"self":[{"href":"https:\/\/queonnda.com\/en\/wp-json\/wp\/v2\/posts\/45336","targetHints":{"allow":["GET"]}}],"collection":[{"href":"https:\/\/queonnda.com\/en\/wp-json\/wp\/v2\/posts"}],"about":[{"href":"https:\/\/queonnda.com\/en\/wp-json\/wp\/v2\/types\/post"}],"author":[{"embeddable":true,"href":"https:\/\/queonnda.com\/en\/wp-json\/wp\/v2\/users\/6"}],"replies":[{"embeddable":true,"href":"https:\/\/queonnda.com\/en\/wp-json\/wp\/v2\/comments?post=45336"}],"version-history":[{"count":0,"href":"https:\/\/queonnda.com\/en\/wp-json\/wp\/v2\/posts\/45336\/revisions"}],"wp:featuredmedia":[{"embeddable":true,"href":"https:\/\/queonnda.com\/en\/wp-json\/wp\/v2\/media\/45321"}],"wp:attachment":[{"href":"https:\/\/queonnda.com\/en\/wp-json\/wp\/v2\/media?parent=45336"}],"wp:term":[{"taxonomy":"category","embeddable":true,"href":"https:\/\/queonnda.com\/en\/wp-json\/wp\/v2\/categories?post=45336"},{"taxonomy":"post_tag","embeddable":true,"href":"https:\/\/queonnda.com\/en\/wp-json\/wp\/v2\/tags?post=45336"}],"curies":[{"name":"wp","href":"https:\/\/api.w.org\/{rel}","templated":true}]}}