{"id":45404,"date":"2025-05-27T18:39:51","date_gmt":"2025-05-27T22:39:51","guid":{"rendered":"https:\/\/queonnda.com\/inter-miami-considers-andre-jardine-as-new-coach\/"},"modified":"2025-05-27T18:46:59","modified_gmt":"2025-05-27T22:46:59","slug":"inter-miami-considers-andre-jardine-as-new-coach","status":"publish","type":"post","link":"https:\/\/queonnda.com\/en\/inter-miami-considers-andre-jardine-as-new-coach\/","title":{"rendered":"Inter Miami Eyes Andr\u00e9 Jardine as Next Head Coach"},"content":{"rendered":"<p>The pressure at Inter Miami is mounting. After a below-expectations start to the 2025 season, the team led by Lionel Messi, Luis Suarez, Sergio Busquets and Jordi Alba has just one win in its last eight games in all competitions. The club is seventh in the <a href=\"https:\/\/es.mlssoccer.com\/\" target=\"_blank\" rel=\"noopener\">MLS<\/a> Eastern Conference after 14 games, and the continuity of Javier Mascherano as manager has begun to be questioned.<\/p>\n<p>In view of this situation, the name of Andr\u00e9 Jardine has gained traction in the Inter Miami board of directors headed by Jorge Mas and David Beckham, who have already begun to evaluate possible scenarios in the event of Mascherano&#8217;s departure.<\/p>\n<h2><!--more--><\/h2>\n<h2>Jardine: a technician on the rise<\/h2>\n<figure id=\"attachment_45367\" aria-describedby=\"caption-attachment-45367\" style=\"width: 1200px\" class=\"wp-caption alignnone\"><img loading=\"lazy\" loading=\"lazy\" decoding=\"async\" class=\"size-full wp-image-45367\" src=\"https:\/\/queonnda.com\/wp-content\/uploads\/2025\/05\/inter-y-jardine-2.jpg\" alt=\"Inter Miami Andr\u00e9 Jardine\" width=\"1200\" height=\"1548\" \/><figcaption id=\"caption-attachment-45367\" class=\"wp-caption-text\">PHOTO: Liga MX Instagram<\/figcaption><\/figure>\n<p>Andr\u00e9 Jardine is no stranger to U.S. soccer or to the Inter Miami board.<\/p>\n<p>His career has been marked by important successes, among them, the gold medal with the Brazilian Olympic Team in Tokyo 2020.<\/p>\n<p>In addition to his solid period with Atl\u00e9tico de San Luis and then with Club Am\u00e9rica, where he won multiple titles and kept the \u00c1guilas as the protagonists of Mexican soccer.<\/p>\n<p>Since his arrival at Am\u00e9rica in 2023, Andr\u00e9 Jardine has been synonymous with results.<\/p>\n<p>Despite losing the Clausura 2025 final to Toluca, his offensive style, locker room management and ability to develop young players have been recognized both in Mexico and in other markets.<\/p>\n<h2>Connection with Jardine<\/h2>\n<figure id=\"attachment_45371\" aria-describedby=\"caption-attachment-45371\" style=\"width: 1200px\" class=\"wp-caption alignnone\"><img loading=\"lazy\" loading=\"lazy\" decoding=\"async\" class=\"size-full wp-image-45371\" src=\"https:\/\/queonnda.com\/wp-content\/uploads\/2025\/05\/inter-y-jardine-4.jpg\" alt=\"\" width=\"1200\" height=\"800\" \/><figcaption id=\"caption-attachment-45371\" class=\"wp-caption-text\">PHOTO: Inter Miami Instagram<\/figcaption><\/figure>\n<p>A key figure linking Andr\u00e9 Jardine to Inter Miami is Alberto Marrero, the club&#8217;s current director of soccer.<\/p>\n<p>Marrero was the one who brought Jardine to Atl\u00e9tico de San Luis at the time and maintains a relationship of trust with the Brazilian.<\/p>\n<p>This background reinforces the possibility that Jardine will be chosen if Mascherano&#8217;s departure becomes a reality.<\/p>\n<figure class=\"wp-block-pullquote\"><blockquote><p style=\"color: #fd9737;\">Pressure is mounting at Inter Miami<\/p><cite>Qu\u00e9Onnda.com<\/cite><\/blockquote><\/figure>\n<p>However, any attempt to sign him will have to go through Club America, as Jardine is under contract until the summer of 2027.<\/p>\n<p>His termination clause is around $5 million, an amount that Inter Miami would have to negotiate if it wants him in the short term.<\/p>\n<h2>Focus on the Club World Cup<\/h2>\n<figure id=\"attachment_45379\" aria-describedby=\"caption-attachment-45379\" style=\"width: 1200px\" class=\"wp-caption alignnone\"><img loading=\"lazy\" loading=\"lazy\" decoding=\"async\" class=\"size-full wp-image-45379\" src=\"https:\/\/queonnda.com\/wp-content\/uploads\/2025\/05\/inter-y-jardine-3.jpg\" alt=\"Inter Miami Andr\u00e9 Jardine\" width=\"1200\" height=\"1629\" \/><figcaption id=\"caption-attachment-45379\" class=\"wp-caption-text\">PHOTO: Inter Miami Instagram<\/figcaption><\/figure>\n\n<p>Meanwhile, the present compels Inter Miami to remain competitive.<\/p>\n<p>For U.S. Hispanic fans, this news is of special interest, as it involves two of the most international teams in the region.<\/p>\n<p>If Andr\u00e9 Jardine&#8217;s arrival at Inter Miami is finalized, it would mark a new chapter in the growing connection between Liga MX and MLS.<\/p>\n<p>For more information, visit <a href=\"https:\/\/queonnda.com\/en\/\" target=\"_blank\" rel=\"noopener\">Qu\u00e9Onnda.com.<\/a><\/p>\n","protected":false},"excerpt":{"rendered":"<p>The pressure at Inter Miami is mounting. After a below-expectations start to the 2025 season, the team led by Lionel Messi, Luis Suarez, Sergio Busquets and Jordi Alba has just one win in its last eight games in all competitions. The club is seventh in the MLS Eastern Conference after 14 games, and the continuity [&hellip;]<\/p>\n","protected":false},"author":8,"featured_media":45388,"comment_status":"open","ping_status":"open","sticky":false,"template":"","format":"standard","meta":{"inline_featured_image":false,"footnotes":""},"categories":[140,47],"tags":[785,658],"class_list":{"0":"post-45404","1":"post","2":"type-post","3":"status-publish","4":"format-standard","5":"has-post-thumbnail","7":"category-soccer","8":"category-sports","9":"tag-deportes-en","10":"tag-soccer-en"},"yoast_head":"<!-- This site is optimized with the Yoast SEO Premium plugin v27.0 (Yoast SEO v27.2) - https:\/\/yoast.com\/product\/yoast-seo-premium-wordpress\/ -->\n<title>Inter Miami Andr\u00e9 Jardine coach<\/title>\n<meta name=\"description\" content=\"Inter Miami analyzes Andr\u00e9 Jardine as possible replacement for Javier Mascherano in the face of poor MLS results\" \/>\n<meta name=\"robots\" content=\"index, follow, max-snippet:-1, max-image-preview:large, max-video-preview:-1\" \/>\n<link rel=\"canonical\" href=\"https:\/\/queonnda.com\/en\/inter-miami-considers-andre-jardine-as-new-coach\/\" \/>\n<meta property=\"og:locale\" content=\"en_US\" \/>\n<meta property=\"og:type\" content=\"article\" \/>\n<meta property=\"og:title\" content=\"Inter Miami Eyes Andr\u00e9 Jardine as Next Head Coach\" \/>\n<meta property=\"og:description\" content=\"Inter Miami analyzes Andr\u00e9 Jardine as possible replacement for Javier Mascherano in the face of poor MLS results\" \/>\n<meta property=\"og:url\" content=\"https:\/\/queonnda.com\/en\/inter-miami-considers-andre-jardine-as-new-coach\/\" \/>\n<meta property=\"og:site_name\" content=\"QueOnnda\" \/>\n<meta property=\"article:publisher\" content=\"https:\/\/web.facebook.com\/queonnda.nueva\" \/>\n<meta property=\"article:author\" content=\"https:\/\/www.facebook.com\/carlosfernando.rodriguezaguilera\/\" \/>\n<meta property=\"article:published_time\" content=\"2025-05-27T22:39:51+00:00\" \/>\n<meta property=\"article:modified_time\" content=\"2025-05-27T22:46:59+00:00\" \/>\n<meta property=\"og:image\" content=\"https:\/\/queonnda.com\/wp-content\/uploads\/2025\/05\/inter-y-jardine-1.jpg\" \/>\n\t<meta property=\"og:image:width\" content=\"1200\" \/>\n\t<meta property=\"og:image:height\" content=\"800\" \/>\n\t<meta property=\"og:image:type\" content=\"image\/jpeg\" \/>\n<meta name=\"author\" content=\"Carlos Rodr\u00edguez\" \/>\n<meta name=\"twitter:card\" content=\"summary_large_image\" \/>\n<meta name=\"twitter:label1\" content=\"Written by\" \/>\n\t<meta name=\"twitter:data1\" content=\"Carlos Rodr\u00edguez\" \/>\n\t<meta name=\"twitter:label2\" content=\"Est. reading time\" \/>\n\t<meta name=\"twitter:data2\" content=\"3 minutes\" \/>\n<script type=\"application\/ld+json\" class=\"yoast-schema-graph\">{\"@context\":\"https:\/\/schema.org\",\"@graph\":[{\"@type\":\"Article\",\"@id\":\"https:\/\/queonnda.com\/en\/inter-miami-considers-andre-jardine-as-new-coach\/#article\",\"isPartOf\":{\"@id\":\"https:\/\/queonnda.com\/en\/inter-miami-considers-andre-jardine-as-new-coach\/\"},\"author\":{\"name\":\"Carlos Rodr\u00edguez\",\"@id\":\"https:\/\/queonnda.com\/#\/schema\/person\/2dd88b557c5dfd5b6f2f479f993ad35b\"},\"headline\":\"Inter Miami Eyes Andr\u00e9 Jardine as Next Head Coach\",\"datePublished\":\"2025-05-27T22:39:51+00:00\",\"dateModified\":\"2025-05-27T22:46:59+00:00\",\"mainEntityOfPage\":{\"@id\":\"https:\/\/queonnda.com\/en\/inter-miami-considers-andre-jardine-as-new-coach\/\"},\"wordCount\":461,\"commentCount\":0,\"publisher\":{\"@id\":\"https:\/\/queonnda.com\/#organization\"},\"image\":{\"@id\":\"https:\/\/queonnda.com\/en\/inter-miami-considers-andre-jardine-as-new-coach\/#primaryimage\"},\"thumbnailUrl\":\"https:\/\/queonnda.com\/wp-content\/uploads\/2025\/05\/inter-y-jardine-1.jpg\",\"keywords\":[\"Deportes\",\"Soccer\"],\"articleSection\":[\"Soccer\",\"Sports\"],\"inLanguage\":\"en-US\",\"potentialAction\":[{\"@type\":\"CommentAction\",\"name\":\"Comment\",\"target\":[\"https:\/\/queonnda.com\/en\/inter-miami-considers-andre-jardine-as-new-coach\/#respond\"]}],\"copyrightYear\":\"2025\",\"copyrightHolder\":{\"@id\":\"https:\/\/queonnda.com\/#organization\"}},{\"@type\":\"WebPage\",\"@id\":\"https:\/\/queonnda.com\/en\/inter-miami-considers-andre-jardine-as-new-coach\/\",\"url\":\"https:\/\/queonnda.com\/en\/inter-miami-considers-andre-jardine-as-new-coach\/\",\"name\":\"Inter Miami Andr\u00e9 Jardine coach\",\"isPartOf\":{\"@id\":\"https:\/\/queonnda.com\/#website\"},\"primaryImageOfPage\":{\"@id\":\"https:\/\/queonnda.com\/en\/inter-miami-considers-andre-jardine-as-new-coach\/#primaryimage\"},\"image\":{\"@id\":\"https:\/\/queonnda.com\/en\/inter-miami-considers-andre-jardine-as-new-coach\/#primaryimage\"},\"thumbnailUrl\":\"https:\/\/queonnda.com\/wp-content\/uploads\/2025\/05\/inter-y-jardine-1.jpg\",\"datePublished\":\"2025-05-27T22:39:51+00:00\",\"dateModified\":\"2025-05-27T22:46:59+00:00\",\"description\":\"Inter Miami analyzes Andr\u00e9 Jardine as possible replacement for Javier Mascherano in the face of poor MLS results\",\"breadcrumb\":{\"@id\":\"https:\/\/queonnda.com\/en\/inter-miami-considers-andre-jardine-as-new-coach\/#breadcrumb\"},\"inLanguage\":\"en-US\",\"potentialAction\":[{\"@type\":\"ReadAction\",\"target\":[\"https:\/\/queonnda.com\/en\/inter-miami-considers-andre-jardine-as-new-coach\/\"]}]},{\"@type\":\"ImageObject\",\"inLanguage\":\"en-US\",\"@id\":\"https:\/\/queonnda.com\/en\/inter-miami-considers-andre-jardine-as-new-coach\/#primaryimage\",\"url\":\"https:\/\/queonnda.com\/wp-content\/uploads\/2025\/05\/inter-y-jardine-1.jpg\",\"contentUrl\":\"https:\/\/queonnda.com\/wp-content\/uploads\/2025\/05\/inter-y-jardine-1.jpg\",\"width\":1200,\"height\":800,\"caption\":\"PHOTO: Getty Images\"},{\"@type\":\"BreadcrumbList\",\"@id\":\"https:\/\/queonnda.com\/en\/inter-miami-considers-andre-jardine-as-new-coach\/#breadcrumb\",\"itemListElement\":[{\"@type\":\"ListItem\",\"position\":1,\"name\":\"Home\",\"item\":\"https:\/\/queonnda.com\/en\/\"},{\"@type\":\"ListItem\",\"position\":2,\"name\":\"Inter Miami Eyes Andr\u00e9 Jardine as Next Head Coach\"}]},{\"@type\":\"WebSite\",\"@id\":\"https:\/\/queonnda.com\/#website\",\"url\":\"https:\/\/queonnda.com\/\",\"name\":\"QueOnnda\",\"description\":\"Plataforma audio-digital sin precedentes que revolucionar\u00e1 la forma en que las audiencias latinas interact\u00faan con los medios\",\"publisher\":{\"@id\":\"https:\/\/queonnda.com\/#organization\"},\"potentialAction\":[{\"@type\":\"SearchAction\",\"target\":{\"@type\":\"EntryPoint\",\"urlTemplate\":\"https:\/\/queonnda.com\/?s={search_term_string}\"},\"query-input\":{\"@type\":\"PropertyValueSpecification\",\"valueRequired\":true,\"valueName\":\"search_term_string\"}}],\"inLanguage\":\"en-US\"},{\"@type\":\"Organization\",\"@id\":\"https:\/\/queonnda.com\/#organization\",\"name\":\"QueOnnda\",\"url\":\"https:\/\/queonnda.com\/\",\"logo\":{\"@type\":\"ImageObject\",\"inLanguage\":\"en-US\",\"@id\":\"https:\/\/queonnda.com\/#\/schema\/logo\/image\/\",\"url\":\"https:\/\/queonnda.com\/wp-content\/uploads\/2025\/03\/Logo_QueOnnda_Color.svg\",\"contentUrl\":\"https:\/\/queonnda.com\/wp-content\/uploads\/2025\/03\/Logo_QueOnnda_Color.svg\",\"width\":651,\"height\":103,\"caption\":\"QueOnnda\"},\"image\":{\"@id\":\"https:\/\/queonnda.com\/#\/schema\/logo\/image\/\"},\"sameAs\":[\"https:\/\/web.facebook.com\/queonnda.nueva\",\"https:\/\/www.instagram.com\/queonnda.nueva\/\",\"https:\/\/www.youtube.com\/@queonnda\",\"https:\/\/tiktok.com\/@queonnda.nueva\"]},{\"@type\":\"Person\",\"@id\":\"https:\/\/queonnda.com\/#\/schema\/person\/2dd88b557c5dfd5b6f2f479f993ad35b\",\"name\":\"Carlos Rodr\u00edguez\",\"sameAs\":[\"https:\/\/www.facebook.com\/carlosfernando.rodriguezaguilera\/\",\"https:\/\/www.instagram.com\/rodriguezaguilera11\/\"],\"url\":\"https:\/\/queonnda.com\/en\/author\/carlos-rodriguez\/\"}]}<\/script>\n<!-- \/ Yoast SEO Premium plugin. -->","yoast_head_json":{"title":"Inter Miami Andr\u00e9 Jardine coach","description":"Inter Miami analyzes Andr\u00e9 Jardine as possible replacement for Javier Mascherano in the face of poor MLS results","robots":{"index":"index","follow":"follow","max-snippet":"max-snippet:-1","max-image-preview":"max-image-preview:large","max-video-preview":"max-video-preview:-1"},"canonical":"https:\/\/queonnda.com\/en\/inter-miami-considers-andre-jardine-as-new-coach\/","og_locale":"en_US","og_type":"article","og_title":"Inter Miami Eyes Andr\u00e9 Jardine as Next Head Coach","og_description":"Inter Miami analyzes Andr\u00e9 Jardine as possible replacement for Javier Mascherano in the face of poor MLS results","og_url":"https:\/\/queonnda.com\/en\/inter-miami-considers-andre-jardine-as-new-coach\/","og_site_name":"QueOnnda","article_publisher":"https:\/\/web.facebook.com\/queonnda.nueva","article_author":"https:\/\/www.facebook.com\/carlosfernando.rodriguezaguilera\/","article_published_time":"2025-05-27T22:39:51+00:00","article_modified_time":"2025-05-27T22:46:59+00:00","og_image":[{"width":1200,"height":800,"url":"https:\/\/queonnda.com\/wp-content\/uploads\/2025\/05\/inter-y-jardine-1.jpg","type":"image\/jpeg"}],"author":"Carlos Rodr\u00edguez","twitter_card":"summary_large_image","twitter_misc":{"Written by":"Carlos Rodr\u00edguez","Est. reading time":"3 minutes"},"schema":{"@context":"https:\/\/schema.org","@graph":[{"@type":"Article","@id":"https:\/\/queonnda.com\/en\/inter-miami-considers-andre-jardine-as-new-coach\/#article","isPartOf":{"@id":"https:\/\/queonnda.com\/en\/inter-miami-considers-andre-jardine-as-new-coach\/"},"author":{"name":"Carlos Rodr\u00edguez","@id":"https:\/\/queonnda.com\/#\/schema\/person\/2dd88b557c5dfd5b6f2f479f993ad35b"},"headline":"Inter Miami Eyes Andr\u00e9 Jardine as Next Head Coach","datePublished":"2025-05-27T22:39:51+00:00","dateModified":"2025-05-27T22:46:59+00:00","mainEntityOfPage":{"@id":"https:\/\/queonnda.com\/en\/inter-miami-considers-andre-jardine-as-new-coach\/"},"wordCount":461,"commentCount":0,"publisher":{"@id":"https:\/\/queonnda.com\/#organization"},"image":{"@id":"https:\/\/queonnda.com\/en\/inter-miami-considers-andre-jardine-as-new-coach\/#primaryimage"},"thumbnailUrl":"https:\/\/queonnda.com\/wp-content\/uploads\/2025\/05\/inter-y-jardine-1.jpg","keywords":["Deportes","Soccer"],"articleSection":["Soccer","Sports"],"inLanguage":"en-US","potentialAction":[{"@type":"CommentAction","name":"Comment","target":["https:\/\/queonnda.com\/en\/inter-miami-considers-andre-jardine-as-new-coach\/#respond"]}],"copyrightYear":"2025","copyrightHolder":{"@id":"https:\/\/queonnda.com\/#organization"}},{"@type":"WebPage","@id":"https:\/\/queonnda.com\/en\/inter-miami-considers-andre-jardine-as-new-coach\/","url":"https:\/\/queonnda.com\/en\/inter-miami-considers-andre-jardine-as-new-coach\/","name":"Inter Miami Andr\u00e9 Jardine coach","isPartOf":{"@id":"https:\/\/queonnda.com\/#website"},"primaryImageOfPage":{"@id":"https:\/\/queonnda.com\/en\/inter-miami-considers-andre-jardine-as-new-coach\/#primaryimage"},"image":{"@id":"https:\/\/queonnda.com\/en\/inter-miami-considers-andre-jardine-as-new-coach\/#primaryimage"},"thumbnailUrl":"https:\/\/queonnda.com\/wp-content\/uploads\/2025\/05\/inter-y-jardine-1.jpg","datePublished":"2025-05-27T22:39:51+00:00","dateModified":"2025-05-27T22:46:59+00:00","description":"Inter Miami analyzes Andr\u00e9 Jardine as possible replacement for Javier Mascherano in the face of poor MLS results","breadcrumb":{"@id":"https:\/\/queonnda.com\/en\/inter-miami-considers-andre-jardine-as-new-coach\/#breadcrumb"},"inLanguage":"en-US","potentialAction":[{"@type":"ReadAction","target":["https:\/\/queonnda.com\/en\/inter-miami-considers-andre-jardine-as-new-coach\/"]}]},{"@type":"ImageObject","inLanguage":"en-US","@id":"https:\/\/queonnda.com\/en\/inter-miami-considers-andre-jardine-as-new-coach\/#primaryimage","url":"https:\/\/queonnda.com\/wp-content\/uploads\/2025\/05\/inter-y-jardine-1.jpg","contentUrl":"https:\/\/queonnda.com\/wp-content\/uploads\/2025\/05\/inter-y-jardine-1.jpg","width":1200,"height":800,"caption":"PHOTO: Getty Images"},{"@type":"BreadcrumbList","@id":"https:\/\/queonnda.com\/en\/inter-miami-considers-andre-jardine-as-new-coach\/#breadcrumb","itemListElement":[{"@type":"ListItem","position":1,"name":"Home","item":"https:\/\/queonnda.com\/en\/"},{"@type":"ListItem","position":2,"name":"Inter Miami Eyes Andr\u00e9 Jardine as Next Head Coach"}]},{"@type":"WebSite","@id":"https:\/\/queonnda.com\/#website","url":"https:\/\/queonnda.com\/","name":"QueOnnda","description":"Plataforma audio-digital sin precedentes que revolucionar\u00e1 la forma en que las audiencias latinas interact\u00faan con los medios","publisher":{"@id":"https:\/\/queonnda.com\/#organization"},"potentialAction":[{"@type":"SearchAction","target":{"@type":"EntryPoint","urlTemplate":"https:\/\/queonnda.com\/?s={search_term_string}"},"query-input":{"@type":"PropertyValueSpecification","valueRequired":true,"valueName":"search_term_string"}}],"inLanguage":"en-US"},{"@type":"Organization","@id":"https:\/\/queonnda.com\/#organization","name":"QueOnnda","url":"https:\/\/queonnda.com\/","logo":{"@type":"ImageObject","inLanguage":"en-US","@id":"https:\/\/queonnda.com\/#\/schema\/logo\/image\/","url":"https:\/\/queonnda.com\/wp-content\/uploads\/2025\/03\/Logo_QueOnnda_Color.svg","contentUrl":"https:\/\/queonnda.com\/wp-content\/uploads\/2025\/03\/Logo_QueOnnda_Color.svg","width":651,"height":103,"caption":"QueOnnda"},"image":{"@id":"https:\/\/queonnda.com\/#\/schema\/logo\/image\/"},"sameAs":["https:\/\/web.facebook.com\/queonnda.nueva","https:\/\/www.instagram.com\/queonnda.nueva\/","https:\/\/www.youtube.com\/@queonnda","https:\/\/tiktok.com\/@queonnda.nueva"]},{"@type":"Person","@id":"https:\/\/queonnda.com\/#\/schema\/person\/2dd88b557c5dfd5b6f2f479f993ad35b","name":"Carlos Rodr\u00edguez","sameAs":["https:\/\/www.facebook.com\/carlosfernando.rodriguezaguilera\/","https:\/\/www.instagram.com\/rodriguezaguilera11\/"],"url":"https:\/\/queonnda.com\/en\/author\/carlos-rodriguez\/"}]}},"_links":{"self":[{"href":"https:\/\/queonnda.com\/en\/wp-json\/wp\/v2\/posts\/45404","targetHints":{"allow":["GET"]}}],"collection":[{"href":"https:\/\/queonnda.com\/en\/wp-json\/wp\/v2\/posts"}],"about":[{"href":"https:\/\/queonnda.com\/en\/wp-json\/wp\/v2\/types\/post"}],"author":[{"embeddable":true,"href":"https:\/\/queonnda.com\/en\/wp-json\/wp\/v2\/users\/8"}],"replies":[{"embeddable":true,"href":"https:\/\/queonnda.com\/en\/wp-json\/wp\/v2\/comments?post=45404"}],"version-history":[{"count":0,"href":"https:\/\/queonnda.com\/en\/wp-json\/wp\/v2\/posts\/45404\/revisions"}],"wp:featuredmedia":[{"embeddable":true,"href":"https:\/\/queonnda.com\/en\/wp-json\/wp\/v2\/media\/45388"}],"wp:attachment":[{"href":"https:\/\/queonnda.com\/en\/wp-json\/wp\/v2\/media?parent=45404"}],"wp:term":[{"taxonomy":"category","embeddable":true,"href":"https:\/\/queonnda.com\/en\/wp-json\/wp\/v2\/categories?post=45404"},{"taxonomy":"post_tag","embeddable":true,"href":"https:\/\/queonnda.com\/en\/wp-json\/wp\/v2\/tags?post=45404"}],"curies":[{"name":"wp","href":"https:\/\/api.w.org\/{rel}","templated":true}]}}