{"id":49605,"date":"2025-06-11T17:57:31","date_gmt":"2025-06-11T21:57:31","guid":{"rendered":"https:\/\/queonnda.com\/is-he-already-out-of-jail-actor-pablo-lyles-legal-situation-after-being-transferred-to-a-lower-security-prison-is-revealed\/"},"modified":"2025-06-11T18:01:42","modified_gmt":"2025-06-11T22:01:42","slug":"actor-pablo-lyles-legal-situation-after-being-transferred-to-a-lower-security-prison-is-revealed","status":"publish","type":"post","link":"https:\/\/queonnda.com\/en\/actor-pablo-lyles-legal-situation-after-being-transferred-to-a-lower-security-prison-is-revealed\/","title":{"rendered":"Is he already out of jail? Actor Pablo Lyle&#8217;s legal situation after being transferred to a lower security prison is revealed."},"content":{"rendered":"<p class=\"ai-optimize-6 ai-optimize-introduction\" data-start=\"126\" data-end=\"277\"><span class=\"relative -mx-px my-[-0.2rem] rounded px-px py-[0.2rem] transition-colors duration-100 ease-in-out\">Pablo Lyle, a 38-year-old <a href=\"https:\/\/queonnda.com\/en\/he-was-abused-telenovela-and-series-actor-luis-ernesto-franco-makes-heartbreaking-confession\/\" target=\"_blank\" rel=\"noopener\">Mexican actor<\/a>, was sentenced in February 2023 to five years in prison and eight years probation for involuntary manslaughter.<\/span><\/p>\n<p class=\"ai-optimize-6 ai-optimize-introduction\" data-start=\"126\" data-end=\"277\"><span class=\"relative -mx-px my-[-0.2rem] rounded px-px py-[0.2rem] transition-colors duration-100 ease-in-out\">The verdict stemmed from a March 2019 traffic altercation in Miami, Florida, where Lyle struck Juan Ricardo Hernandez, a 63-year-old Cuban man, who died days later from his injuries.<\/span><\/p>\n<p data-start=\"126\" data-end=\"277\"><!--more--><\/p>\n<h2 class=\"ai-optimize-7\" data-start=\"284\" data-end=\"329\">Transfer to a lower security prison<\/h2>\n<figure id=\"attachment_49594\" aria-describedby=\"caption-attachment-49594\" style=\"width: 1200px\" class=\"wp-caption alignnone\"><img loading=\"lazy\" loading=\"lazy\" decoding=\"async\" class=\"wp-image-49594 size-full\" src=\"https:\/\/queonnda.com\/wp-content\/uploads\/2025\/06\/e8a0ada23e2d4147bed8dd3a0821638f.jpg\" alt=\"Pablo Lyle, mugshot\" width=\"1200\" height=\"872\" \/><figcaption id=\"caption-attachment-49594\" class=\"wp-caption-text\">PHOTO: Mugshot Miami Police<\/figcaption><\/figure>\n<p class=\"ai-optimize-8\" data-start=\"331\" data-end=\"528\"><span class=\"relative -mx-px my-[-0.2rem] rounded px-px py-[0.2rem] transition-colors duration-100 ease-in-out\">On June 4, 2025, Lyle was transferred to the Everglades Correctional Institution, a lower security state prison located in Miami.<\/span><\/p>\n<p class=\"ai-optimize-8\" data-start=\"331\" data-end=\"528\"><span class=\"relative -mx-px my-[-0.2rem] rounded px-px py-[0.2rem] transition-colors duration-100 ease-in-out\">This change generated speculation about a possible early release.<\/span><\/p>\n<p class=\"ai-optimize-8\" data-start=\"331\" data-end=\"528\"><span class=\"relative -mx-px my-[-0.2rem] rounded px-px py-[0.2rem] transition-colors duration-100 ease-in-out\">However, legal experts clarify that such a transfer responds to administrative criteria, such as the inmate&#8217;s good behavior and participation in rehabilitation programs, and does not imply an automatic reduction of the sentence.<\/span><\/p>\n<h2 class=\"ai-optimize-9\" data-start=\"535\" data-end=\"570\">Pablo Lyle: Conditions in the new prison<\/h2>\n<figure id=\"attachment_49596\" aria-describedby=\"caption-attachment-49596\" style=\"width: 1200px\" class=\"wp-caption alignnone\"><img loading=\"lazy\" loading=\"lazy\" decoding=\"async\" class=\"wp-image-49596 size-full\" src=\"https:\/\/queonnda.com\/wp-content\/uploads\/2025\/06\/editorialtelevisa.brightspotcdn.jpg\" alt=\"Pablo Lyle, jail\" width=\"1200\" height=\"1429\" \/><figcaption id=\"caption-attachment-49596\" class=\"wp-caption-text\">PHOTO: Mugshot Miami Police<\/figcaption><\/figure>\n<p class=\"ai-optimize-10\" data-start=\"572\" data-end=\"771\"><span class=\"relative -mx-px my-[-0.2rem] rounded px-px py-[0.2rem] transition-colors duration-100 ease-in-out\">At Everglades Correctional Institution, Lyle has access to certain amenities that were not available at his previous detention center.<\/span><\/p>\n<p class=\"ai-optimize-10\" data-start=\"572\" data-end=\"771\"><span class=\"relative -mx-px my-[-0.2rem] rounded px-px py-[0.2rem] transition-colors duration-100 ease-in-out\">These include outdoor activities, access to a gymnasium and the possibility of continuing their studies in law.<\/span><\/p>\n<p class=\"ai-optimize-10\" data-start=\"572\" data-end=\"771\"><span class=\"relative -mx-px my-[-0.2rem] rounded px-px py-[0.2rem] transition-colors duration-100 ease-in-out\">These conditions are designed to facilitate the social reintegration of inmates nearing the end of their sentence.<\/span><\/p>\n<h2 class=\"ai-optimize-11\" data-start=\"778\" data-end=\"834\">Is there a possibility of early release?<\/h2>\n<figure id=\"attachment_49598\" aria-describedby=\"caption-attachment-49598\" style=\"width: 1200px\" class=\"wp-caption alignnone\"><img loading=\"lazy\" loading=\"lazy\" decoding=\"async\" class=\"wp-image-49598 size-full\" src=\"https:\/\/queonnda.com\/wp-content\/uploads\/2025\/06\/Pablo-Lyle-1.jpg\" alt=\"actor, prison\" width=\"1200\" height=\"1500\" \/><figcaption id=\"caption-attachment-49598\" class=\"wp-caption-text\">PHOTO: Mugshot Miami<\/figcaption><\/figure>\n<p class=\"ai-optimize-12\" data-start=\"836\" data-end=\"995\"><span class=\"relative -mx-px my-[-0.2rem] rounded px-px py-[0.2rem] transition-colors duration-100 ease-in-out\">Although the Florida prison system allows for the possibility of reducing part of the sentence for good behavior, participation in educational or rehabilitative programs, and cooperation within the prison, this process is neither automatic nor guaranteed.<\/span><\/p>\n<p class=\"ai-optimize-12\" data-start=\"836\" data-end=\"995\"><span class=\"relative -mx-px my-[-0.2rem] rounded px-px py-[0.2rem] transition-colors duration-100 ease-in-out\">Any reduction in sentence must be approved by a specialized committee and is subject to strict requirements.<\/span><\/p>\n<p class=\"ai-optimize-13\" data-start=\"997\" data-end=\"1156\"><span class=\"relative -mx-px my-[-0.2rem] rounded px-px py-[0.2rem] transition-colors duration-100 ease-in-out\">To date, there is no hearing scheduled to review Lyle&#8217;s sentence, nor is there any record of a formal request for early release.<\/span><\/p>\n<p class=\"ai-optimize-13\" data-start=\"997\" data-end=\"1156\"><span class=\"relative -mx-px my-[-0.2rem] rounded px-px py-[0.2rem] transition-colors duration-100 ease-in-out\">Therefore, barring approval of a reduction for good behavior, Lyle is expected to serve the entirety of his prison sentence, with a projected release date of late 2026<\/span>.<\/p>\n<p class=\"ai-optimize-19\" data-start=\"997\" data-end=\"1156\"><figure class=\"wp-block-pullquote\"><blockquote><p style=\"color: #fd9737;\">Esa es la prisi\u00f3n donde mandan a uno cuando le quedan seis meses o un a\u00f1o m\u00e1ximo para ya uno salir<\/p><cite>Abogado criminalista<\/cite><\/blockquote><\/figure><\/p>\n<h2 class=\"ai-optimize-14\" data-start=\"1163\" data-end=\"1217\">The case that gave a lot to talk about<\/h2>\n<p class=\"ai-optimize-17\"><\/p>\n<p class=\"ai-optimize-15\" data-start=\"1219\" data-end=\"1337\"><span class=\"relative -mx-px my-[-0.2rem] rounded px-px py-[0.2rem] transition-colors duration-100 ease-in-out\"><a href=\"https:\/\/www.instagram.com\/pablolyle\/?hl=es\" target=\"_blank\" rel=\"noopener\">The Pablo Lyle case<\/a> has captured the attention of the Hispanic community in the United States, highlighting the importance of understanding the legal system and the consequences of impulsive actions.<\/span><\/p>\n<p class=\"ai-optimize-15\" data-start=\"1219\" data-end=\"1337\"><span class=\"relative -mx-px my-[-0.2rem] rounded px-px py-[0.2rem] transition-colors duration-100 ease-in-out\">For Hispanics residing in the U.S., this case underscores the need to be informed about their legal rights and responsibilities, as well as to seek appropriate legal advice in complex situations.<\/span><\/p>\n<p class=\"ai-optimize-16\" data-start=\"1339\" data-end=\"1457\"><span class=\"relative -mx-px my-[-0.2rem] rounded px-px py-[0.2rem] transition-colors duration-100 ease-in-out\">In addition, the case highlights the importance of rehabilitation and social reintegration of inmates, as well as the need for programs to facilitate this process.<\/span><\/p>\n<p class=\"ai-optimize-16\" data-start=\"1339\" data-end=\"1457\"><span class=\"relative -mx-px my-[-0.2rem] rounded px-px py-[0.2rem] transition-colors duration-100 ease-in-out\">Participation in educational and rehabilitative activities can have a positive impact on inmates&#8217; lives and their eventual return to society.<\/span><\/p>\n<p class=\"ai-optimize-18\" data-start=\"1339\" data-end=\"1457\">Find out more at<a href=\"https:\/\/queonnda.com\" target=\"_blank\" rel=\"noopener\"> &#8216;QueOnnda.com&#8217;.<\/a><\/p>\n","protected":false},"excerpt":{"rendered":"<p>Pablo Lyle, a 38-year-old Mexican actor, was sentenced in February 2023 to five years in prison and eight years probation for involuntary manslaughter. The verdict stemmed from a March 2019 traffic altercation in Miami, Florida, where Lyle struck Juan Ricardo Hernandez, a 63-year-old Cuban man, who died days later from his injuries.<\/p>\n","protected":false},"author":6,"featured_media":49593,"comment_status":"open","ping_status":"open","sticky":false,"template":"","format":"standard","meta":{"inline_featured_image":false,"footnotes":""},"categories":[55,73],"tags":[798,784,240],"class_list":{"0":"post-49605","1":"post","2":"type-post","3":"status-publish","4":"format-standard","5":"has-post-thumbnail","7":"category-entertainment","8":"category-famous","9":"tag-entretenimiento-en","10":"tag-famosos-en","11":"tag-television-en"},"yoast_head":"<!-- This site is optimized with the Yoast SEO Premium plugin v27.0 (Yoast SEO v27.2) - https:\/\/yoast.com\/product\/yoast-seo-premium-wordpress\/ -->\n<title>Pablo Lyle about to get out of jail and they say when<\/title>\n<meta name=\"description\" content=\"Pablo Lyle is about to be released from prison after being transferred to a lower security prison; they say what could happen.\" \/>\n<meta name=\"robots\" content=\"index, follow, max-snippet:-1, max-image-preview:large, max-video-preview:-1\" \/>\n<link rel=\"canonical\" href=\"https:\/\/queonnda.com\/en\/actor-pablo-lyles-legal-situation-after-being-transferred-to-a-lower-security-prison-is-revealed\/\" \/>\n<meta property=\"og:locale\" content=\"en_US\" \/>\n<meta property=\"og:type\" content=\"article\" \/>\n<meta property=\"og:title\" content=\"Is he already out of jail? Actor Pablo Lyle&#039;s legal situation after being transferred to a lower security prison is revealed.\" \/>\n<meta property=\"og:description\" content=\"Pablo Lyle is about to be released from prison after being transferred to a lower security prison; they say what could happen.\" \/>\n<meta property=\"og:url\" content=\"https:\/\/queonnda.com\/en\/actor-pablo-lyles-legal-situation-after-being-transferred-to-a-lower-security-prison-is-revealed\/\" \/>\n<meta property=\"og:site_name\" content=\"QueOnnda\" \/>\n<meta property=\"article:publisher\" content=\"https:\/\/web.facebook.com\/queonnda.nueva\" \/>\n<meta property=\"article:published_time\" content=\"2025-06-11T21:57:31+00:00\" \/>\n<meta property=\"article:modified_time\" content=\"2025-06-11T22:01:42+00:00\" \/>\n<meta property=\"og:image\" content=\"https:\/\/queonnda.com\/wp-content\/uploads\/2025\/06\/11333-Pablo-Lyle-sentencing-Local-0280-JAI.jpg\" \/>\n\t<meta property=\"og:image:width\" content=\"1200\" \/>\n\t<meta property=\"og:image:height\" content=\"847\" \/>\n\t<meta property=\"og:image:type\" content=\"image\/jpeg\" \/>\n<meta name=\"author\" content=\"Israel Castillo\" \/>\n<meta name=\"twitter:card\" content=\"summary_large_image\" \/>\n<meta name=\"twitter:label1\" content=\"Written by\" \/>\n\t<meta name=\"twitter:data1\" content=\"Israel Castillo\" \/>\n\t<meta name=\"twitter:label2\" content=\"Est. reading time\" \/>\n\t<meta name=\"twitter:data2\" content=\"3 minutes\" \/>\n<script type=\"application\/ld+json\" class=\"yoast-schema-graph\">{\"@context\":\"https:\/\/schema.org\",\"@graph\":[{\"@type\":\"Article\",\"@id\":\"https:\/\/queonnda.com\/en\/actor-pablo-lyles-legal-situation-after-being-transferred-to-a-lower-security-prison-is-revealed\/#article\",\"isPartOf\":{\"@id\":\"https:\/\/queonnda.com\/en\/actor-pablo-lyles-legal-situation-after-being-transferred-to-a-lower-security-prison-is-revealed\/\"},\"author\":{\"name\":\"Israel Castillo\",\"@id\":\"https:\/\/queonnda.com\/#\/schema\/person\/ba7226ec14bada54bbd8f989eccc817e\"},\"headline\":\"Is he already out of jail? Actor Pablo Lyle&#8217;s legal situation after being transferred to a lower security prison is revealed.\",\"datePublished\":\"2025-06-11T21:57:31+00:00\",\"dateModified\":\"2025-06-11T22:01:42+00:00\",\"mainEntityOfPage\":{\"@id\":\"https:\/\/queonnda.com\/en\/actor-pablo-lyles-legal-situation-after-being-transferred-to-a-lower-security-prison-is-revealed\/\"},\"wordCount\":499,\"commentCount\":0,\"publisher\":{\"@id\":\"https:\/\/queonnda.com\/#organization\"},\"image\":{\"@id\":\"https:\/\/queonnda.com\/en\/actor-pablo-lyles-legal-situation-after-being-transferred-to-a-lower-security-prison-is-revealed\/#primaryimage\"},\"thumbnailUrl\":\"https:\/\/queonnda.com\/wp-content\/uploads\/2025\/06\/11333-Pablo-Lyle-sentencing-Local-0280-JAI.jpg\",\"keywords\":[\"entretenimiento\",\"famosos\",\"television\"],\"articleSection\":[\"Entertainment\",\"Famous\"],\"inLanguage\":\"en-US\",\"potentialAction\":[{\"@type\":\"CommentAction\",\"name\":\"Comment\",\"target\":[\"https:\/\/queonnda.com\/en\/actor-pablo-lyles-legal-situation-after-being-transferred-to-a-lower-security-prison-is-revealed\/#respond\"]}],\"copyrightYear\":\"2025\",\"copyrightHolder\":{\"@id\":\"https:\/\/queonnda.com\/#organization\"}},{\"@type\":\"WebPage\",\"@id\":\"https:\/\/queonnda.com\/en\/actor-pablo-lyles-legal-situation-after-being-transferred-to-a-lower-security-prison-is-revealed\/\",\"url\":\"https:\/\/queonnda.com\/en\/actor-pablo-lyles-legal-situation-after-being-transferred-to-a-lower-security-prison-is-revealed\/\",\"name\":\"Pablo Lyle about to get out of jail and they say when\",\"isPartOf\":{\"@id\":\"https:\/\/queonnda.com\/#website\"},\"primaryImageOfPage\":{\"@id\":\"https:\/\/queonnda.com\/en\/actor-pablo-lyles-legal-situation-after-being-transferred-to-a-lower-security-prison-is-revealed\/#primaryimage\"},\"image\":{\"@id\":\"https:\/\/queonnda.com\/en\/actor-pablo-lyles-legal-situation-after-being-transferred-to-a-lower-security-prison-is-revealed\/#primaryimage\"},\"thumbnailUrl\":\"https:\/\/queonnda.com\/wp-content\/uploads\/2025\/06\/11333-Pablo-Lyle-sentencing-Local-0280-JAI.jpg\",\"datePublished\":\"2025-06-11T21:57:31+00:00\",\"dateModified\":\"2025-06-11T22:01:42+00:00\",\"description\":\"Pablo Lyle is about to be released from prison after being transferred to a lower security prison; they say what could happen.\",\"breadcrumb\":{\"@id\":\"https:\/\/queonnda.com\/en\/actor-pablo-lyles-legal-situation-after-being-transferred-to-a-lower-security-prison-is-revealed\/#breadcrumb\"},\"inLanguage\":\"en-US\",\"potentialAction\":[{\"@type\":\"ReadAction\",\"target\":[\"https:\/\/queonnda.com\/en\/actor-pablo-lyles-legal-situation-after-being-transferred-to-a-lower-security-prison-is-revealed\/\"]}]},{\"@type\":\"ImageObject\",\"inLanguage\":\"en-US\",\"@id\":\"https:\/\/queonnda.com\/en\/actor-pablo-lyles-legal-situation-after-being-transferred-to-a-lower-security-prison-is-revealed\/#primaryimage\",\"url\":\"https:\/\/queonnda.com\/wp-content\/uploads\/2025\/06\/11333-Pablo-Lyle-sentencing-Local-0280-JAI.jpg\",\"contentUrl\":\"https:\/\/queonnda.com\/wp-content\/uploads\/2025\/06\/11333-Pablo-Lyle-sentencing-Local-0280-JAI.jpg\",\"width\":1200,\"height\":847,\"caption\":\"Miami, FL- February 3, 2023 - Pablo Lyle reads a statement in court apologizing to the Hernandez family during his sentencing in Miami Dade Criminal Court. Pablo Lyle killed 63-year-old Juan Ricardo Hernandez during a road rage incident in 2019 and was convicted of manslaughter last October 2022.\"},{\"@type\":\"BreadcrumbList\",\"@id\":\"https:\/\/queonnda.com\/en\/actor-pablo-lyles-legal-situation-after-being-transferred-to-a-lower-security-prison-is-revealed\/#breadcrumb\",\"itemListElement\":[{\"@type\":\"ListItem\",\"position\":1,\"name\":\"Home\",\"item\":\"https:\/\/queonnda.com\/en\/\"},{\"@type\":\"ListItem\",\"position\":2,\"name\":\"Is he already out of jail? Actor Pablo Lyle&#8217;s legal situation after being transferred to a lower security prison is revealed.\"}]},{\"@type\":\"WebSite\",\"@id\":\"https:\/\/queonnda.com\/#website\",\"url\":\"https:\/\/queonnda.com\/\",\"name\":\"QueOnnda\",\"description\":\"Plataforma audio-digital sin precedentes que revolucionar\u00e1 la forma en que las audiencias latinas interact\u00faan con los medios\",\"publisher\":{\"@id\":\"https:\/\/queonnda.com\/#organization\"},\"potentialAction\":[{\"@type\":\"SearchAction\",\"target\":{\"@type\":\"EntryPoint\",\"urlTemplate\":\"https:\/\/queonnda.com\/?s={search_term_string}\"},\"query-input\":{\"@type\":\"PropertyValueSpecification\",\"valueRequired\":true,\"valueName\":\"search_term_string\"}}],\"inLanguage\":\"en-US\"},{\"@type\":\"Organization\",\"@id\":\"https:\/\/queonnda.com\/#organization\",\"name\":\"QueOnnda\",\"url\":\"https:\/\/queonnda.com\/\",\"logo\":{\"@type\":\"ImageObject\",\"inLanguage\":\"en-US\",\"@id\":\"https:\/\/queonnda.com\/#\/schema\/logo\/image\/\",\"url\":\"https:\/\/queonnda.com\/wp-content\/uploads\/2025\/03\/Logo_QueOnnda_Color.svg\",\"contentUrl\":\"https:\/\/queonnda.com\/wp-content\/uploads\/2025\/03\/Logo_QueOnnda_Color.svg\",\"width\":651,\"height\":103,\"caption\":\"QueOnnda\"},\"image\":{\"@id\":\"https:\/\/queonnda.com\/#\/schema\/logo\/image\/\"},\"sameAs\":[\"https:\/\/web.facebook.com\/queonnda.nueva\",\"https:\/\/www.instagram.com\/queonnda.nueva\/\",\"https:\/\/www.youtube.com\/@queonnda\",\"https:\/\/tiktok.com\/@queonnda.nueva\"]},{\"@type\":\"Person\",\"@id\":\"https:\/\/queonnda.com\/#\/schema\/person\/ba7226ec14bada54bbd8f989eccc817e\",\"name\":\"Israel Castillo\",\"sameAs\":[\"https:\/\/queonnda.com\"],\"url\":\"https:\/\/queonnda.com\/en\/author\/israel\/\"}]}<\/script>\n<!-- \/ Yoast SEO Premium plugin. -->","yoast_head_json":{"title":"Pablo Lyle about to get out of jail and they say when","description":"Pablo Lyle is about to be released from prison after being transferred to a lower security prison; they say what could happen.","robots":{"index":"index","follow":"follow","max-snippet":"max-snippet:-1","max-image-preview":"max-image-preview:large","max-video-preview":"max-video-preview:-1"},"canonical":"https:\/\/queonnda.com\/en\/actor-pablo-lyles-legal-situation-after-being-transferred-to-a-lower-security-prison-is-revealed\/","og_locale":"en_US","og_type":"article","og_title":"Is he already out of jail? Actor Pablo Lyle's legal situation after being transferred to a lower security prison is revealed.","og_description":"Pablo Lyle is about to be released from prison after being transferred to a lower security prison; they say what could happen.","og_url":"https:\/\/queonnda.com\/en\/actor-pablo-lyles-legal-situation-after-being-transferred-to-a-lower-security-prison-is-revealed\/","og_site_name":"QueOnnda","article_publisher":"https:\/\/web.facebook.com\/queonnda.nueva","article_published_time":"2025-06-11T21:57:31+00:00","article_modified_time":"2025-06-11T22:01:42+00:00","og_image":[{"width":1200,"height":847,"url":"https:\/\/queonnda.com\/wp-content\/uploads\/2025\/06\/11333-Pablo-Lyle-sentencing-Local-0280-JAI.jpg","type":"image\/jpeg"}],"author":"Israel Castillo","twitter_card":"summary_large_image","twitter_misc":{"Written by":"Israel Castillo","Est. reading time":"3 minutes"},"schema":{"@context":"https:\/\/schema.org","@graph":[{"@type":"Article","@id":"https:\/\/queonnda.com\/en\/actor-pablo-lyles-legal-situation-after-being-transferred-to-a-lower-security-prison-is-revealed\/#article","isPartOf":{"@id":"https:\/\/queonnda.com\/en\/actor-pablo-lyles-legal-situation-after-being-transferred-to-a-lower-security-prison-is-revealed\/"},"author":{"name":"Israel Castillo","@id":"https:\/\/queonnda.com\/#\/schema\/person\/ba7226ec14bada54bbd8f989eccc817e"},"headline":"Is he already out of jail? Actor Pablo Lyle&#8217;s legal situation after being transferred to a lower security prison is revealed.","datePublished":"2025-06-11T21:57:31+00:00","dateModified":"2025-06-11T22:01:42+00:00","mainEntityOfPage":{"@id":"https:\/\/queonnda.com\/en\/actor-pablo-lyles-legal-situation-after-being-transferred-to-a-lower-security-prison-is-revealed\/"},"wordCount":499,"commentCount":0,"publisher":{"@id":"https:\/\/queonnda.com\/#organization"},"image":{"@id":"https:\/\/queonnda.com\/en\/actor-pablo-lyles-legal-situation-after-being-transferred-to-a-lower-security-prison-is-revealed\/#primaryimage"},"thumbnailUrl":"https:\/\/queonnda.com\/wp-content\/uploads\/2025\/06\/11333-Pablo-Lyle-sentencing-Local-0280-JAI.jpg","keywords":["entretenimiento","famosos","television"],"articleSection":["Entertainment","Famous"],"inLanguage":"en-US","potentialAction":[{"@type":"CommentAction","name":"Comment","target":["https:\/\/queonnda.com\/en\/actor-pablo-lyles-legal-situation-after-being-transferred-to-a-lower-security-prison-is-revealed\/#respond"]}],"copyrightYear":"2025","copyrightHolder":{"@id":"https:\/\/queonnda.com\/#organization"}},{"@type":"WebPage","@id":"https:\/\/queonnda.com\/en\/actor-pablo-lyles-legal-situation-after-being-transferred-to-a-lower-security-prison-is-revealed\/","url":"https:\/\/queonnda.com\/en\/actor-pablo-lyles-legal-situation-after-being-transferred-to-a-lower-security-prison-is-revealed\/","name":"Pablo Lyle about to get out of jail and they say when","isPartOf":{"@id":"https:\/\/queonnda.com\/#website"},"primaryImageOfPage":{"@id":"https:\/\/queonnda.com\/en\/actor-pablo-lyles-legal-situation-after-being-transferred-to-a-lower-security-prison-is-revealed\/#primaryimage"},"image":{"@id":"https:\/\/queonnda.com\/en\/actor-pablo-lyles-legal-situation-after-being-transferred-to-a-lower-security-prison-is-revealed\/#primaryimage"},"thumbnailUrl":"https:\/\/queonnda.com\/wp-content\/uploads\/2025\/06\/11333-Pablo-Lyle-sentencing-Local-0280-JAI.jpg","datePublished":"2025-06-11T21:57:31+00:00","dateModified":"2025-06-11T22:01:42+00:00","description":"Pablo Lyle is about to be released from prison after being transferred to a lower security prison; they say what could happen.","breadcrumb":{"@id":"https:\/\/queonnda.com\/en\/actor-pablo-lyles-legal-situation-after-being-transferred-to-a-lower-security-prison-is-revealed\/#breadcrumb"},"inLanguage":"en-US","potentialAction":[{"@type":"ReadAction","target":["https:\/\/queonnda.com\/en\/actor-pablo-lyles-legal-situation-after-being-transferred-to-a-lower-security-prison-is-revealed\/"]}]},{"@type":"ImageObject","inLanguage":"en-US","@id":"https:\/\/queonnda.com\/en\/actor-pablo-lyles-legal-situation-after-being-transferred-to-a-lower-security-prison-is-revealed\/#primaryimage","url":"https:\/\/queonnda.com\/wp-content\/uploads\/2025\/06\/11333-Pablo-Lyle-sentencing-Local-0280-JAI.jpg","contentUrl":"https:\/\/queonnda.com\/wp-content\/uploads\/2025\/06\/11333-Pablo-Lyle-sentencing-Local-0280-JAI.jpg","width":1200,"height":847,"caption":"Miami, FL- February 3, 2023 - Pablo Lyle reads a statement in court apologizing to the Hernandez family during his sentencing in Miami Dade Criminal Court. Pablo Lyle killed 63-year-old Juan Ricardo Hernandez during a road rage incident in 2019 and was convicted of manslaughter last October 2022."},{"@type":"BreadcrumbList","@id":"https:\/\/queonnda.com\/en\/actor-pablo-lyles-legal-situation-after-being-transferred-to-a-lower-security-prison-is-revealed\/#breadcrumb","itemListElement":[{"@type":"ListItem","position":1,"name":"Home","item":"https:\/\/queonnda.com\/en\/"},{"@type":"ListItem","position":2,"name":"Is he already out of jail? Actor Pablo Lyle&#8217;s legal situation after being transferred to a lower security prison is revealed."}]},{"@type":"WebSite","@id":"https:\/\/queonnda.com\/#website","url":"https:\/\/queonnda.com\/","name":"QueOnnda","description":"Plataforma audio-digital sin precedentes que revolucionar\u00e1 la forma en que las audiencias latinas interact\u00faan con los medios","publisher":{"@id":"https:\/\/queonnda.com\/#organization"},"potentialAction":[{"@type":"SearchAction","target":{"@type":"EntryPoint","urlTemplate":"https:\/\/queonnda.com\/?s={search_term_string}"},"query-input":{"@type":"PropertyValueSpecification","valueRequired":true,"valueName":"search_term_string"}}],"inLanguage":"en-US"},{"@type":"Organization","@id":"https:\/\/queonnda.com\/#organization","name":"QueOnnda","url":"https:\/\/queonnda.com\/","logo":{"@type":"ImageObject","inLanguage":"en-US","@id":"https:\/\/queonnda.com\/#\/schema\/logo\/image\/","url":"https:\/\/queonnda.com\/wp-content\/uploads\/2025\/03\/Logo_QueOnnda_Color.svg","contentUrl":"https:\/\/queonnda.com\/wp-content\/uploads\/2025\/03\/Logo_QueOnnda_Color.svg","width":651,"height":103,"caption":"QueOnnda"},"image":{"@id":"https:\/\/queonnda.com\/#\/schema\/logo\/image\/"},"sameAs":["https:\/\/web.facebook.com\/queonnda.nueva","https:\/\/www.instagram.com\/queonnda.nueva\/","https:\/\/www.youtube.com\/@queonnda","https:\/\/tiktok.com\/@queonnda.nueva"]},{"@type":"Person","@id":"https:\/\/queonnda.com\/#\/schema\/person\/ba7226ec14bada54bbd8f989eccc817e","name":"Israel Castillo","sameAs":["https:\/\/queonnda.com"],"url":"https:\/\/queonnda.com\/en\/author\/israel\/"}]}},"_links":{"self":[{"href":"https:\/\/queonnda.com\/en\/wp-json\/wp\/v2\/posts\/49605","targetHints":{"allow":["GET"]}}],"collection":[{"href":"https:\/\/queonnda.com\/en\/wp-json\/wp\/v2\/posts"}],"about":[{"href":"https:\/\/queonnda.com\/en\/wp-json\/wp\/v2\/types\/post"}],"author":[{"embeddable":true,"href":"https:\/\/queonnda.com\/en\/wp-json\/wp\/v2\/users\/6"}],"replies":[{"embeddable":true,"href":"https:\/\/queonnda.com\/en\/wp-json\/wp\/v2\/comments?post=49605"}],"version-history":[{"count":0,"href":"https:\/\/queonnda.com\/en\/wp-json\/wp\/v2\/posts\/49605\/revisions"}],"wp:featuredmedia":[{"embeddable":true,"href":"https:\/\/queonnda.com\/en\/wp-json\/wp\/v2\/media\/49593"}],"wp:attachment":[{"href":"https:\/\/queonnda.com\/en\/wp-json\/wp\/v2\/media?parent=49605"}],"wp:term":[{"taxonomy":"category","embeddable":true,"href":"https:\/\/queonnda.com\/en\/wp-json\/wp\/v2\/categories?post=49605"},{"taxonomy":"post_tag","embeddable":true,"href":"https:\/\/queonnda.com\/en\/wp-json\/wp\/v2\/tags?post=49605"}],"curies":[{"name":"wp","href":"https:\/\/api.w.org\/{rel}","templated":true}]}}