{"id":51741,"date":"2025-06-18T18:25:16","date_gmt":"2025-06-18T22:25:16","guid":{"rendered":"https:\/\/queonnda.com\/is-raul-de-molina-leaving-el-gordo-y-la-flaca-they-explain-whats-going-on-with-the-host-after-absence-from-the-show\/"},"modified":"2025-06-18T18:30:29","modified_gmt":"2025-06-18T22:30:29","slug":"is-raul-de-molina-leaving-el-gordo-y-la-flaca-they-explain-whats-going-on-with-the-host-after-absence-from-the-show","status":"publish","type":"post","link":"https:\/\/queonnda.com\/en\/is-raul-de-molina-leaving-el-gordo-y-la-flaca-they-explain-whats-going-on-with-the-host-after-absence-from-the-show\/","title":{"rendered":"Is Ra\u00fal de Molina leaving &#8216;El Gordo y la Flaca? They explain what&#8217;s going on with the host after absence from the show"},"content":{"rendered":"<p class=\"ai-optimize-6 ai-optimize-introduction\" data-start=\"84\" data-end=\"160\"><span class=\"relative -mx-px my-[-0.2rem] rounded px-px py-[0.2rem] transition-colors duration-100 ease-in-out\">In June 2025, Raul de Molina, known as \u201cEl Gordo\u201d from the popular <a href=\"https:\/\/queonnda.com\/gelena-solano-sufre-aparatosa-caida-por-culpa-de-thalia\/\" target=\"_blank\" rel=\"noopener\">show<\/a> <em data-start=\"84\" data-end=\"105\">El Gordo y la Flaca<\/em> (Univision), was forced to take a two-week leave of absence. <\/span><\/p>\n<p class=\"ai-optimize-6 ai-optimize-introduction\" data-start=\"84\" data-end=\"160\"><span class=\"relative -mx-px my-[-0.2rem] rounded px-px py-[0.2rem] transition-colors duration-100 ease-in-out\">His partner, Lili Estefan, <a href=\"https:\/\/www.instagram.com\/elgordoylaflaca\/?hl=es\" target=\"_blank\" rel=\"noopener\">revealed<\/a> that he is not on vacation, but recovering after undergoing a necessary cosmetic surgery, as he clarified on air on June 18.<\/span><\/p>\n<p data-start=\"84\" data-end=\"160\"><!--more--><\/p>\n<h2 class=\"ai-optimize-7\" data-start=\"167\" data-end=\"195\">Surgery details<\/h2>\n<figure id=\"attachment_51728\" aria-describedby=\"caption-attachment-51728\" style=\"width: 1200px\" class=\"wp-caption alignnone\"><img loading=\"lazy\" loading=\"lazy\" decoding=\"async\" class=\"wp-image-51728 size-full\" src=\"https:\/\/queonnda.com\/wp-content\/uploads\/2025\/06\/11486-GORDO-25ANIVgyf03.jpg\" alt=\"Ra\u00fal de Molina, Lili Estefan\" width=\"1200\" height=\"1800\" \/><figcaption id=\"caption-attachment-51728\" class=\"wp-caption-text\">PHOTO: Mezcalent<\/figcaption><\/figure>\n<p class=\"ai-optimize-8\" data-start=\"197\" data-end=\"234\"><span class=\"relative -mx-px my-[-0.2rem] rounded px-px py-[0.2rem] transition-colors duration-100 ease-in-out\">Although neither Raul nor the show gave specific details, sources such as \u201cChamonic\u201d and entertainment media confirmed that it was a cosmetic procedure considered \u201cnecessary\u201d. According to these sources: <\/span><\/p>\n<p class=\"ai-optimize-10\" data-start=\"238\" data-end=\"275\"><span class=\"relative -mx-px my-[-0.2rem] rounded px-px py-[0.2rem] transition-colors duration-100 ease-in-out\">Raul had already scheduled the surgery before his absence.<\/span><\/p>\n<p class=\"ai-optimize-12\" data-start=\"278\" data-end=\"354\">He <span class=\"relative -mx-px my-[-0.2rem] rounded px-px py-[0.2rem] transition-colors duration-100 ease-in-out\">was expected to return the following Monday, but requested an additional week to fully recover.<\/span><\/p>\n<p class=\"ai-optimize-14\" data-start=\"357\" data-end=\"433\"><span class=\"relative -mx-px my-[-0.2rem] rounded px-px py-[0.2rem] transition-colors duration-100 ease-in-out\">Lili Estefan visited him personally \u201cthe day before yesterday\u201d (June 16) and assured the audience that \u201che is perfect, he is fine\u201d<\/span>.<\/p>\n<h2 class=\"ai-optimize-15\" data-start=\"440\" data-end=\"470\">Vacation or recovery?<\/h2>\n<figure id=\"attachment_51730\" aria-describedby=\"caption-attachment-51730\" style=\"width: 1200px\" class=\"wp-caption alignnone\"><img loading=\"lazy\" loading=\"lazy\" decoding=\"async\" class=\"wp-image-51730 size-full\" src=\"https:\/\/queonnda.com\/wp-content\/uploads\/2025\/06\/12305-rauldemolinarevistasportcsymvmia036.jpg\" alt=\"Ra\u00fal de Molina, Gordo y la Flaca, entertainment\" width=\"1200\" height=\"1800\" \/><figcaption id=\"caption-attachment-51730\" class=\"wp-caption-text\">PHOTO: Mezcalent<\/figcaption><\/figure>\n<p class=\"ai-optimize-16\" data-start=\"472\" data-end=\"509\"><span class=\"relative -mx-px my-[-0.2rem] rounded px-px py-[0.2rem] transition-colors duration-100 ease-in-out\">Although some networks speculated that he would be on vacation in Spain with his wife, these versions were denied:<\/span><\/p>\n<p class=\"ai-optimize-18\" data-start=\"513\" data-end=\"593\"><span class=\"relative -mx-px my-[-0.2rem] rounded px-px py-[0.2rem] transition-colors duration-100 ease-in-out\">Posts on Instagram showed a recent trip to Europe in May (Spain), but that getaway ended before her absence from the show.<\/span><\/p>\n<p class=\"ai-optimize-20\" data-start=\"596\" data-end=\"676\"><span class=\"relative -mx-px my-[-0.2rem] rounded px-px py-[0.2rem] transition-colors duration-100 ease-in-out\">Lili was emphatic in pointing out that this is not about rest, but a medically supervised recovery process<\/span>.<\/p>\n<h2 class=\"ai-optimize-21\" data-start=\"683\" data-end=\"726\">What it means for Hispanic audiences<\/h2>\n<figure id=\"attachment_51732\" aria-describedby=\"caption-attachment-51732\" style=\"width: 1200px\" class=\"wp-caption alignnone\"><img loading=\"lazy\" loading=\"lazy\" decoding=\"async\" class=\"wp-image-51732 size-full\" src=\"https:\/\/queonnda.com\/wp-content\/uploads\/2025\/06\/12802-upfronttelevisaunivisionnyc023.jpg\" alt=\"television, show\" width=\"1200\" height=\"1800\" \/><figcaption id=\"caption-attachment-51732\" class=\"wp-caption-text\">PHOTO: Mezcalent<\/figcaption><\/figure>\n<h3 class=\"ai-optimize-22\" data-start=\"728\" data-end=\"763\">1. Healthy lifestyles<\/h3>\n<p class=\"ai-optimize-23\" data-start=\"764\" data-end=\"803\"><span class=\"relative -mx-px my-[-0.2rem] rounded px-px py-[0.2rem] transition-colors duration-100 ease-in-out\">The decision to undergo non-superficial cosmetic surgery reflects a commitment to their health and well-being, a positive message to the Hispanic community that continues to have high-paced work environments.<\/span><\/p>\n<h3 class=\"ai-optimize-24\" data-start=\"805\" data-end=\"847\">Transparency in public figures<\/h3>\n<p class=\"ai-optimize-25\" data-start=\"848\" data-end=\"928\"><span class=\"relative -mx-px my-[-0.2rem] rounded px-px py-[0.2rem] transition-colors duration-100 ease-in-out\">The public management of his health demonstrates a responsible handling of information, strengthening the trust of an audience that has been fond of him for 27 years.<\/span><\/p>\n<h3 class=\"ai-optimize-26\" data-start=\"930\" data-end=\"963\">3. Program continuity<\/h3>\n<p class=\"ai-optimize-27\" data-start=\"964\" data-end=\"1125\"><span class=\"relative -mx-px my-[-0.2rem] rounded px-px py-[0.2rem] transition-colors duration-100 ease-in-out\">While Raul recovers, the show has continued on the air with Roberto Hernandez as interim host<\/span>. <span class=\"relative -mx-px my-[-0.2rem] rounded px-px py-[0.2rem] transition-colors duration-100 ease-in-out\">Lili Estefan reiterated that <em data-start=\"25\" data-end=\"46\">El Gordo y la Flaca<\/em> \u201cis going well\u201d, continues to generate income and there are no current plans to cancel<\/span>.<\/p>\n<p class=\"ai-optimize-39\" data-start=\"964\" data-end=\"1125\"><figure class=\"wp-block-pullquote\"><blockquote><p style=\"color: #fd9737;\">Hab\u00eda rumores de que el programa El Gordo y la Flaca saldr\u00eda del aire pero hasta el momento no ha sido as\u00ed<\/p><cite>QueOnnda<\/cite><\/blockquote><\/figure><\/p>\n<h2 class=\"ai-optimize-28\" data-start=\"1132\" data-end=\"1149\">Ra\u00fal de Molina&#8217;s next steps<\/h2>\n<p class=\"ai-optimize-38\"><\/p>\n<p class=\"ai-optimize-30\" data-start=\"1153\" data-end=\"1192\"><span class=\"relative -mx-px my-[-0.2rem] rounded px-px py-[0.2rem] transition-colors duration-100 ease-in-out\"><strong data-start=\"0\" data-end=\"22\" data-is-only-node=\"\">Regreso confirmado<\/strong>: Lili anunci\u00f3 que Ra\u00fal volver\u00e1 una vez se sienta completamente recuperado.<\/span><\/p>\n<p class=\"ai-optimize-32\" data-start=\"1195\" data-end=\"1234\"><span class=\"relative -mx-px my-[-0.2rem] rounded px-px py-[0.2rem] transition-colors duration-100 ease-in-out\"><strong data-start=\"0\" data-end=\"33\" data-is-only-node=\"\">Expectativa para la audiencia<\/strong>: Se espera su retorno en los pr\u00f3ximos d\u00edas, una vez finalice el periodo de recuperaci\u00f3n.<\/span><\/p>\n<p class=\"ai-optimize-34\" data-start=\"1237\" data-end=\"1317\"><span class=\"relative -mx-px my-[-0.2rem] rounded px-px py-[0.2rem] transition-colors duration-100 ease-in-out\"><strong data-start=\"0\" data-end=\"23\" data-is-only-node=\"\">Futuro del programa<\/strong>: Aunque Ra\u00fal ha se\u00f1alado con humor que <em data-start=\"63\" data-end=\"84\">El Gordo y la Flaca<\/em> no ser\u00e1 eterno, reconoci\u00f3 que \u201cva bien y genera mucho dinero\u201d<\/span>.<\/p>\n<p class=\"ai-optimize-36\" data-start=\"1339\" data-end=\"1842\">Ra\u00fal de Molina se alej\u00f3 temporalmente del aire no por vacaciones, sino para recuperarse de una cirug\u00eda est\u00e9tica considerada necesaria.<\/p>\n<p class=\"ai-optimize-36\" data-start=\"1339\" data-end=\"1842\">Est\u00e1 bien de salud y su ausencia es breve y planificada. <em data-start=\"1531\" data-end=\"1552\">El Gordo y la Flaca<\/em> contin\u00faa al aire con una conducci\u00f3n interina, sin se\u00f1ales de cancelaci\u00f3n, respaldado por d\u00e9cadas de \u00e9xito.<\/p>\n<p class=\"ai-optimize-36\" data-start=\"1339\" data-end=\"1842\">Para la comunidad hispana, esto refuerza la importancia de la salud, la transparencia de figuras p\u00fablicas y la confianza en programas que han formado parte de los hogares desde 1998.<\/p>\n<p class=\"ai-optimize-37\" data-start=\"1339\" data-end=\"1842\">Ent\u00e9rate de m\u00e1s en <a href=\"https:\/\/queonnda.com\" target=\"_blank\" rel=\"noopener\">&#8216;QueOnnda.com&#8217;<\/a><\/p>\n","protected":false},"excerpt":{"rendered":"<p>In June 2025, Raul de Molina, known as \u201cEl Gordo\u201d from the popular show El Gordo y la Flaca (Univision), was forced to take a two-week leave of absence. His partner, Lili Estefan, revealed that he is not on vacation, but recovering after undergoing a necessary cosmetic surgery, as he clarified on air on June [&hellip;]<\/p>\n","protected":false},"author":6,"featured_media":51725,"comment_status":"open","ping_status":"open","sticky":false,"template":"","format":"standard","meta":{"inline_featured_image":false,"footnotes":""},"categories":[55,120],"tags":[798,235,240],"class_list":{"0":"post-51741","1":"post","2":"type-post","3":"status-publish","4":"format-standard","5":"has-post-thumbnail","7":"category-entertainment","8":"category-television-en","9":"tag-entretenimiento-en","10":"tag-show-en","11":"tag-television-en"},"yoast_head":"<!-- This site is optimized with the Yoast SEO Premium plugin v27.0 (Yoast SEO v27.2) - https:\/\/yoast.com\/product\/yoast-seo-premium-wordpress\/ -->\n<title>Raul de Molina to undergo surgery for health reasons<\/title>\n<meta name=\"description\" content=\"The host of \u201cEl Gordo y la Flaca\u201d, Raul de Molina, was absent from the show and rumors say what is behind it.\" \/>\n<meta name=\"robots\" content=\"index, follow, max-snippet:-1, max-image-preview:large, max-video-preview:-1\" \/>\n<link rel=\"canonical\" href=\"https:\/\/queonnda.com\/en\/is-raul-de-molina-leaving-el-gordo-y-la-flaca-they-explain-whats-going-on-with-the-host-after-absence-from-the-show\/\" \/>\n<meta property=\"og:locale\" content=\"en_US\" \/>\n<meta property=\"og:type\" content=\"article\" \/>\n<meta property=\"og:title\" content=\"Is Ra\u00fal de Molina leaving &#039;El Gordo y la Flaca? They explain what&#039;s going on with the host after absence from the show\" \/>\n<meta property=\"og:description\" content=\"The host of \u201cEl Gordo y la Flaca\u201d, Raul de Molina, was absent from the show and rumors say what is behind it.\" \/>\n<meta property=\"og:url\" content=\"https:\/\/queonnda.com\/en\/is-raul-de-molina-leaving-el-gordo-y-la-flaca-they-explain-whats-going-on-with-the-host-after-absence-from-the-show\/\" \/>\n<meta property=\"og:site_name\" content=\"QueOnnda\" \/>\n<meta property=\"article:publisher\" content=\"https:\/\/web.facebook.com\/queonnda.nueva\" \/>\n<meta property=\"article:published_time\" content=\"2025-06-18T22:25:16+00:00\" \/>\n<meta property=\"article:modified_time\" content=\"2025-06-18T22:30:29+00:00\" \/>\n<meta property=\"og:image\" content=\"https:\/\/queonnda.com\/wp-content\/uploads\/2025\/06\/12802-upfronttelevisaunivisionnyc030.jpg\" \/>\n\t<meta property=\"og:image:width\" content=\"1200\" \/>\n\t<meta property=\"og:image:height\" content=\"811\" \/>\n\t<meta property=\"og:image:type\" content=\"image\/jpeg\" \/>\n<meta name=\"author\" content=\"Israel Castillo\" \/>\n<meta name=\"twitter:card\" content=\"summary_large_image\" \/>\n<meta name=\"twitter:label1\" content=\"Written by\" \/>\n\t<meta name=\"twitter:data1\" content=\"Israel Castillo\" \/>\n\t<meta name=\"twitter:label2\" content=\"Est. reading time\" \/>\n\t<meta name=\"twitter:data2\" content=\"4 minutes\" \/>\n<script type=\"application\/ld+json\" class=\"yoast-schema-graph\">{\"@context\":\"https:\/\/schema.org\",\"@graph\":[{\"@type\":\"Article\",\"@id\":\"https:\/\/queonnda.com\/en\/is-raul-de-molina-leaving-el-gordo-y-la-flaca-they-explain-whats-going-on-with-the-host-after-absence-from-the-show\/#article\",\"isPartOf\":{\"@id\":\"https:\/\/queonnda.com\/en\/is-raul-de-molina-leaving-el-gordo-y-la-flaca-they-explain-whats-going-on-with-the-host-after-absence-from-the-show\/\"},\"author\":{\"name\":\"Israel Castillo\",\"@id\":\"https:\/\/queonnda.com\/#\/schema\/person\/ba7226ec14bada54bbd8f989eccc817e\"},\"headline\":\"Is Ra\u00fal de Molina leaving &#8216;El Gordo y la Flaca? They explain what&#8217;s going on with the host after absence from the show\",\"datePublished\":\"2025-06-18T22:25:16+00:00\",\"dateModified\":\"2025-06-18T22:30:29+00:00\",\"mainEntityOfPage\":{\"@id\":\"https:\/\/queonnda.com\/en\/is-raul-de-molina-leaving-el-gordo-y-la-flaca-they-explain-whats-going-on-with-the-host-after-absence-from-the-show\/\"},\"wordCount\":557,\"commentCount\":0,\"publisher\":{\"@id\":\"https:\/\/queonnda.com\/#organization\"},\"image\":{\"@id\":\"https:\/\/queonnda.com\/en\/is-raul-de-molina-leaving-el-gordo-y-la-flaca-they-explain-whats-going-on-with-the-host-after-absence-from-the-show\/#primaryimage\"},\"thumbnailUrl\":\"https:\/\/queonnda.com\/wp-content\/uploads\/2025\/06\/12802-upfronttelevisaunivisionnyc030.jpg\",\"keywords\":[\"entretenimiento\",\"show\",\"television\"],\"articleSection\":[\"Entertainment\",\"Television\"],\"inLanguage\":\"en-US\",\"potentialAction\":[{\"@type\":\"CommentAction\",\"name\":\"Comment\",\"target\":[\"https:\/\/queonnda.com\/en\/is-raul-de-molina-leaving-el-gordo-y-la-flaca-they-explain-whats-going-on-with-the-host-after-absence-from-the-show\/#respond\"]}],\"copyrightYear\":\"2025\",\"copyrightHolder\":{\"@id\":\"https:\/\/queonnda.com\/#organization\"}},{\"@type\":\"WebPage\",\"@id\":\"https:\/\/queonnda.com\/en\/is-raul-de-molina-leaving-el-gordo-y-la-flaca-they-explain-whats-going-on-with-the-host-after-absence-from-the-show\/\",\"url\":\"https:\/\/queonnda.com\/en\/is-raul-de-molina-leaving-el-gordo-y-la-flaca-they-explain-whats-going-on-with-the-host-after-absence-from-the-show\/\",\"name\":\"Raul de Molina to undergo surgery for health reasons\",\"isPartOf\":{\"@id\":\"https:\/\/queonnda.com\/#website\"},\"primaryImageOfPage\":{\"@id\":\"https:\/\/queonnda.com\/en\/is-raul-de-molina-leaving-el-gordo-y-la-flaca-they-explain-whats-going-on-with-the-host-after-absence-from-the-show\/#primaryimage\"},\"image\":{\"@id\":\"https:\/\/queonnda.com\/en\/is-raul-de-molina-leaving-el-gordo-y-la-flaca-they-explain-whats-going-on-with-the-host-after-absence-from-the-show\/#primaryimage\"},\"thumbnailUrl\":\"https:\/\/queonnda.com\/wp-content\/uploads\/2025\/06\/12802-upfronttelevisaunivisionnyc030.jpg\",\"datePublished\":\"2025-06-18T22:25:16+00:00\",\"dateModified\":\"2025-06-18T22:30:29+00:00\",\"description\":\"The host of \u201cEl Gordo y la Flaca\u201d, Raul de Molina, was absent from the show and rumors say what is behind it.\",\"breadcrumb\":{\"@id\":\"https:\/\/queonnda.com\/en\/is-raul-de-molina-leaving-el-gordo-y-la-flaca-they-explain-whats-going-on-with-the-host-after-absence-from-the-show\/#breadcrumb\"},\"inLanguage\":\"en-US\",\"potentialAction\":[{\"@type\":\"ReadAction\",\"target\":[\"https:\/\/queonnda.com\/en\/is-raul-de-molina-leaving-el-gordo-y-la-flaca-they-explain-whats-going-on-with-the-host-after-absence-from-the-show\/\"]}]},{\"@type\":\"ImageObject\",\"inLanguage\":\"en-US\",\"@id\":\"https:\/\/queonnda.com\/en\/is-raul-de-molina-leaving-el-gordo-y-la-flaca-they-explain-whats-going-on-with-the-host-after-absence-from-the-show\/#primaryimage\",\"url\":\"https:\/\/queonnda.com\/wp-content\/uploads\/2025\/06\/12802-upfronttelevisaunivisionnyc030.jpg\",\"contentUrl\":\"https:\/\/queonnda.com\/wp-content\/uploads\/2025\/06\/12802-upfronttelevisaunivisionnyc030.jpg\",\"width\":1200,\"height\":811,\"caption\":\"Victor M. Matos vvm297@gmail.com\"},{\"@type\":\"BreadcrumbList\",\"@id\":\"https:\/\/queonnda.com\/en\/is-raul-de-molina-leaving-el-gordo-y-la-flaca-they-explain-whats-going-on-with-the-host-after-absence-from-the-show\/#breadcrumb\",\"itemListElement\":[{\"@type\":\"ListItem\",\"position\":1,\"name\":\"Home\",\"item\":\"https:\/\/queonnda.com\/en\/\"},{\"@type\":\"ListItem\",\"position\":2,\"name\":\"Is Ra\u00fal de Molina leaving &#8216;El Gordo y la Flaca? They explain what&#8217;s going on with the host after absence from the show\"}]},{\"@type\":\"WebSite\",\"@id\":\"https:\/\/queonnda.com\/#website\",\"url\":\"https:\/\/queonnda.com\/\",\"name\":\"QueOnnda\",\"description\":\"Plataforma audio-digital sin precedentes que revolucionar\u00e1 la forma en que las audiencias latinas interact\u00faan con los medios\",\"publisher\":{\"@id\":\"https:\/\/queonnda.com\/#organization\"},\"potentialAction\":[{\"@type\":\"SearchAction\",\"target\":{\"@type\":\"EntryPoint\",\"urlTemplate\":\"https:\/\/queonnda.com\/?s={search_term_string}\"},\"query-input\":{\"@type\":\"PropertyValueSpecification\",\"valueRequired\":true,\"valueName\":\"search_term_string\"}}],\"inLanguage\":\"en-US\"},{\"@type\":\"Organization\",\"@id\":\"https:\/\/queonnda.com\/#organization\",\"name\":\"QueOnnda\",\"url\":\"https:\/\/queonnda.com\/\",\"logo\":{\"@type\":\"ImageObject\",\"inLanguage\":\"en-US\",\"@id\":\"https:\/\/queonnda.com\/#\/schema\/logo\/image\/\",\"url\":\"https:\/\/queonnda.com\/wp-content\/uploads\/2025\/03\/Logo_QueOnnda_Color.svg\",\"contentUrl\":\"https:\/\/queonnda.com\/wp-content\/uploads\/2025\/03\/Logo_QueOnnda_Color.svg\",\"width\":651,\"height\":103,\"caption\":\"QueOnnda\"},\"image\":{\"@id\":\"https:\/\/queonnda.com\/#\/schema\/logo\/image\/\"},\"sameAs\":[\"https:\/\/web.facebook.com\/queonnda.nueva\",\"https:\/\/www.instagram.com\/queonnda.nueva\/\",\"https:\/\/www.youtube.com\/@queonnda\",\"https:\/\/tiktok.com\/@queonnda.nueva\"]},{\"@type\":\"Person\",\"@id\":\"https:\/\/queonnda.com\/#\/schema\/person\/ba7226ec14bada54bbd8f989eccc817e\",\"name\":\"Israel Castillo\",\"sameAs\":[\"https:\/\/queonnda.com\"],\"url\":\"https:\/\/queonnda.com\/en\/author\/israel\/\"}]}<\/script>\n<!-- \/ Yoast SEO Premium plugin. -->","yoast_head_json":{"title":"Raul de Molina to undergo surgery for health reasons","description":"The host of \u201cEl Gordo y la Flaca\u201d, Raul de Molina, was absent from the show and rumors say what is behind it.","robots":{"index":"index","follow":"follow","max-snippet":"max-snippet:-1","max-image-preview":"max-image-preview:large","max-video-preview":"max-video-preview:-1"},"canonical":"https:\/\/queonnda.com\/en\/is-raul-de-molina-leaving-el-gordo-y-la-flaca-they-explain-whats-going-on-with-the-host-after-absence-from-the-show\/","og_locale":"en_US","og_type":"article","og_title":"Is Ra\u00fal de Molina leaving 'El Gordo y la Flaca? They explain what's going on with the host after absence from the show","og_description":"The host of \u201cEl Gordo y la Flaca\u201d, Raul de Molina, was absent from the show and rumors say what is behind it.","og_url":"https:\/\/queonnda.com\/en\/is-raul-de-molina-leaving-el-gordo-y-la-flaca-they-explain-whats-going-on-with-the-host-after-absence-from-the-show\/","og_site_name":"QueOnnda","article_publisher":"https:\/\/web.facebook.com\/queonnda.nueva","article_published_time":"2025-06-18T22:25:16+00:00","article_modified_time":"2025-06-18T22:30:29+00:00","og_image":[{"width":1200,"height":811,"url":"https:\/\/queonnda.com\/wp-content\/uploads\/2025\/06\/12802-upfronttelevisaunivisionnyc030.jpg","type":"image\/jpeg"}],"author":"Israel Castillo","twitter_card":"summary_large_image","twitter_misc":{"Written by":"Israel Castillo","Est. reading time":"4 minutes"},"schema":{"@context":"https:\/\/schema.org","@graph":[{"@type":"Article","@id":"https:\/\/queonnda.com\/en\/is-raul-de-molina-leaving-el-gordo-y-la-flaca-they-explain-whats-going-on-with-the-host-after-absence-from-the-show\/#article","isPartOf":{"@id":"https:\/\/queonnda.com\/en\/is-raul-de-molina-leaving-el-gordo-y-la-flaca-they-explain-whats-going-on-with-the-host-after-absence-from-the-show\/"},"author":{"name":"Israel Castillo","@id":"https:\/\/queonnda.com\/#\/schema\/person\/ba7226ec14bada54bbd8f989eccc817e"},"headline":"Is Ra\u00fal de Molina leaving &#8216;El Gordo y la Flaca? They explain what&#8217;s going on with the host after absence from the show","datePublished":"2025-06-18T22:25:16+00:00","dateModified":"2025-06-18T22:30:29+00:00","mainEntityOfPage":{"@id":"https:\/\/queonnda.com\/en\/is-raul-de-molina-leaving-el-gordo-y-la-flaca-they-explain-whats-going-on-with-the-host-after-absence-from-the-show\/"},"wordCount":557,"commentCount":0,"publisher":{"@id":"https:\/\/queonnda.com\/#organization"},"image":{"@id":"https:\/\/queonnda.com\/en\/is-raul-de-molina-leaving-el-gordo-y-la-flaca-they-explain-whats-going-on-with-the-host-after-absence-from-the-show\/#primaryimage"},"thumbnailUrl":"https:\/\/queonnda.com\/wp-content\/uploads\/2025\/06\/12802-upfronttelevisaunivisionnyc030.jpg","keywords":["entretenimiento","show","television"],"articleSection":["Entertainment","Television"],"inLanguage":"en-US","potentialAction":[{"@type":"CommentAction","name":"Comment","target":["https:\/\/queonnda.com\/en\/is-raul-de-molina-leaving-el-gordo-y-la-flaca-they-explain-whats-going-on-with-the-host-after-absence-from-the-show\/#respond"]}],"copyrightYear":"2025","copyrightHolder":{"@id":"https:\/\/queonnda.com\/#organization"}},{"@type":"WebPage","@id":"https:\/\/queonnda.com\/en\/is-raul-de-molina-leaving-el-gordo-y-la-flaca-they-explain-whats-going-on-with-the-host-after-absence-from-the-show\/","url":"https:\/\/queonnda.com\/en\/is-raul-de-molina-leaving-el-gordo-y-la-flaca-they-explain-whats-going-on-with-the-host-after-absence-from-the-show\/","name":"Raul de Molina to undergo surgery for health reasons","isPartOf":{"@id":"https:\/\/queonnda.com\/#website"},"primaryImageOfPage":{"@id":"https:\/\/queonnda.com\/en\/is-raul-de-molina-leaving-el-gordo-y-la-flaca-they-explain-whats-going-on-with-the-host-after-absence-from-the-show\/#primaryimage"},"image":{"@id":"https:\/\/queonnda.com\/en\/is-raul-de-molina-leaving-el-gordo-y-la-flaca-they-explain-whats-going-on-with-the-host-after-absence-from-the-show\/#primaryimage"},"thumbnailUrl":"https:\/\/queonnda.com\/wp-content\/uploads\/2025\/06\/12802-upfronttelevisaunivisionnyc030.jpg","datePublished":"2025-06-18T22:25:16+00:00","dateModified":"2025-06-18T22:30:29+00:00","description":"The host of \u201cEl Gordo y la Flaca\u201d, Raul de Molina, was absent from the show and rumors say what is behind it.","breadcrumb":{"@id":"https:\/\/queonnda.com\/en\/is-raul-de-molina-leaving-el-gordo-y-la-flaca-they-explain-whats-going-on-with-the-host-after-absence-from-the-show\/#breadcrumb"},"inLanguage":"en-US","potentialAction":[{"@type":"ReadAction","target":["https:\/\/queonnda.com\/en\/is-raul-de-molina-leaving-el-gordo-y-la-flaca-they-explain-whats-going-on-with-the-host-after-absence-from-the-show\/"]}]},{"@type":"ImageObject","inLanguage":"en-US","@id":"https:\/\/queonnda.com\/en\/is-raul-de-molina-leaving-el-gordo-y-la-flaca-they-explain-whats-going-on-with-the-host-after-absence-from-the-show\/#primaryimage","url":"https:\/\/queonnda.com\/wp-content\/uploads\/2025\/06\/12802-upfronttelevisaunivisionnyc030.jpg","contentUrl":"https:\/\/queonnda.com\/wp-content\/uploads\/2025\/06\/12802-upfronttelevisaunivisionnyc030.jpg","width":1200,"height":811,"caption":"Victor M. Matos vvm297@gmail.com"},{"@type":"BreadcrumbList","@id":"https:\/\/queonnda.com\/en\/is-raul-de-molina-leaving-el-gordo-y-la-flaca-they-explain-whats-going-on-with-the-host-after-absence-from-the-show\/#breadcrumb","itemListElement":[{"@type":"ListItem","position":1,"name":"Home","item":"https:\/\/queonnda.com\/en\/"},{"@type":"ListItem","position":2,"name":"Is Ra\u00fal de Molina leaving &#8216;El Gordo y la Flaca? They explain what&#8217;s going on with the host after absence from the show"}]},{"@type":"WebSite","@id":"https:\/\/queonnda.com\/#website","url":"https:\/\/queonnda.com\/","name":"QueOnnda","description":"Plataforma audio-digital sin precedentes que revolucionar\u00e1 la forma en que las audiencias latinas interact\u00faan con los medios","publisher":{"@id":"https:\/\/queonnda.com\/#organization"},"potentialAction":[{"@type":"SearchAction","target":{"@type":"EntryPoint","urlTemplate":"https:\/\/queonnda.com\/?s={search_term_string}"},"query-input":{"@type":"PropertyValueSpecification","valueRequired":true,"valueName":"search_term_string"}}],"inLanguage":"en-US"},{"@type":"Organization","@id":"https:\/\/queonnda.com\/#organization","name":"QueOnnda","url":"https:\/\/queonnda.com\/","logo":{"@type":"ImageObject","inLanguage":"en-US","@id":"https:\/\/queonnda.com\/#\/schema\/logo\/image\/","url":"https:\/\/queonnda.com\/wp-content\/uploads\/2025\/03\/Logo_QueOnnda_Color.svg","contentUrl":"https:\/\/queonnda.com\/wp-content\/uploads\/2025\/03\/Logo_QueOnnda_Color.svg","width":651,"height":103,"caption":"QueOnnda"},"image":{"@id":"https:\/\/queonnda.com\/#\/schema\/logo\/image\/"},"sameAs":["https:\/\/web.facebook.com\/queonnda.nueva","https:\/\/www.instagram.com\/queonnda.nueva\/","https:\/\/www.youtube.com\/@queonnda","https:\/\/tiktok.com\/@queonnda.nueva"]},{"@type":"Person","@id":"https:\/\/queonnda.com\/#\/schema\/person\/ba7226ec14bada54bbd8f989eccc817e","name":"Israel Castillo","sameAs":["https:\/\/queonnda.com"],"url":"https:\/\/queonnda.com\/en\/author\/israel\/"}]}},"_links":{"self":[{"href":"https:\/\/queonnda.com\/en\/wp-json\/wp\/v2\/posts\/51741","targetHints":{"allow":["GET"]}}],"collection":[{"href":"https:\/\/queonnda.com\/en\/wp-json\/wp\/v2\/posts"}],"about":[{"href":"https:\/\/queonnda.com\/en\/wp-json\/wp\/v2\/types\/post"}],"author":[{"embeddable":true,"href":"https:\/\/queonnda.com\/en\/wp-json\/wp\/v2\/users\/6"}],"replies":[{"embeddable":true,"href":"https:\/\/queonnda.com\/en\/wp-json\/wp\/v2\/comments?post=51741"}],"version-history":[{"count":0,"href":"https:\/\/queonnda.com\/en\/wp-json\/wp\/v2\/posts\/51741\/revisions"}],"wp:featuredmedia":[{"embeddable":true,"href":"https:\/\/queonnda.com\/en\/wp-json\/wp\/v2\/media\/51725"}],"wp:attachment":[{"href":"https:\/\/queonnda.com\/en\/wp-json\/wp\/v2\/media?parent=51741"}],"wp:term":[{"taxonomy":"category","embeddable":true,"href":"https:\/\/queonnda.com\/en\/wp-json\/wp\/v2\/categories?post=51741"},{"taxonomy":"post_tag","embeddable":true,"href":"https:\/\/queonnda.com\/en\/wp-json\/wp\/v2\/tags?post=51741"}],"curies":[{"name":"wp","href":"https:\/\/api.w.org\/{rel}","templated":true}]}}