{"id":54140,"date":"2025-06-26T19:23:51","date_gmt":"2025-06-26T23:23:51","guid":{"rendered":"https:\/\/queonnda.com\/the-wedding-of-the-year-jeff-bezos-creator-of-amazon-marries-lauren-sanchez-in-venice-amid-protests\/"},"modified":"2025-06-26T19:27:24","modified_gmt":"2025-06-26T23:27:24","slug":"the-wedding-of-the-year-jeff-bezos-creator-of-amazon-marries-lauren-sanchez-in-venice-amid-protests","status":"publish","type":"post","link":"https:\/\/queonnda.com\/en\/the-wedding-of-the-year-jeff-bezos-creator-of-amazon-marries-lauren-sanchez-in-venice-amid-protests\/","title":{"rendered":"The wedding of the year! Jeff Bezos, creator of Amazon marries Lauren Sanchez in Venice amid protests."},"content":{"rendered":"<p class=\"ai-optimize-6 ai-optimize-introduction\" data-start=\"76\" data-end=\"230\"><span class=\"relative -mx-px my-[-0.2rem] rounded px-px py-[0.2rem] transition-colors duration-100 ease-in-out\">The long-awaited wedding between Amazon founder Jeff Bezos and journalist Lauren Sanchez takes place June 26-28, 2025 in <a href=\"https:\/\/queonnda.com\/en\/ivanka-trump-arrives-at-wedding-of-the-year-between-jeff-bezos-and-lauren-sanchez\/\" target=\"_blank\" rel=\"noopener\">Venice<\/a>, Italy.<\/span><\/p>\n<p class=\"ai-optimize-6 ai-optimize-introduction\" data-start=\"76\" data-end=\"230\"><span class=\"relative -mx-px my-[-0.2rem] rounded px-px py-[0.2rem] transition-colors duration-100 ease-in-out\">With an estimated budget of between 40 and 48 million euros, the event has been described as the &#8220;wedding of the century&#8221; and has generated both admiration and criticism for its impact on the city.<\/span><\/p>\n<p data-start=\"76\" data-end=\"230\"><!--more--><\/p>\n<h2 class=\"ai-optimize-7\" data-start=\"237\" data-end=\"278\">A high-profile guest list<\/h2>\n<figure id=\"attachment_54130\" aria-describedby=\"caption-attachment-54130\" style=\"width: 1200px\" class=\"wp-caption alignnone\"><img loading=\"lazy\" loading=\"lazy\" decoding=\"async\" class=\"wp-image-54130 size-full\" src=\"https:\/\/queonnda.com\/wp-content\/uploads\/2025\/06\/GettyImages-2221372537-1.jpg\" alt=\"Jeff Bezos, Lauren Sanchez, wedding\" width=\"1200\" height=\"800\" \/><figcaption id=\"caption-attachment-54130\" class=\"wp-caption-text\">PHOTO: Getty Images<\/figcaption><\/figure>\n<p class=\"ai-optimize-8\" data-start=\"280\" data-end=\"398\"><span class=\"relative -mx-px my-[-0.2rem] rounded px-px py-[0.2rem] transition-colors duration-100 ease-in-out\">The ceremony brings together some 200-250 personalities from the world of entertainment, fashion, politics and technology.<\/span> <span class=\"relative -mx-px my-[-0.2rem] rounded px-px py-[0.2rem] transition-colors duration-100 ease-in-out\">Confirmed attendees include:<\/span><\/p>\n<p class=\"ai-optimize-10\" data-start=\"402\" data-end=\"441\"><span class=\"relative -mx-px my-[-0.2rem] rounded px-px py-[0.2rem] transition-colors duration-100 ease-in-out\"><strong data-start=\"0\" data-end=\"17\" data-is-only-node=\"\">Oprah Winfrey<\/strong> and <strong data-start=\"20\" data-end=\"34\">Gayle King<\/strong>, close friends of the couple.<\/span><\/p>\n<p class=\"ai-optimize-12\" data-start=\"444\" data-end=\"483\"><span class=\"relative -mx-px my-[-0.2rem] rounded px-px py-[0.2rem] transition-colors duration-100 ease-in-out\"><strong data-start=\"0\" data-end=\"18\" data-is-only-node=\"\">Kim Kardashian<\/strong>, <strong data-start=\"20\" data-end=\"40\">Khlo\u00e9 Kardashian<\/strong>, <strong data-start=\"42\" data-end=\"57\">Kris Jenner<\/strong>, <strong data-start=\"59\" data-end=\"77\">Kendall Jenner<\/strong> and <strong data-start=\"80\" data-end=\"96\">Kylie Jenner<\/strong>, members of the Kardashian-Jenner clan.<\/span><\/p>\n<p class=\"ai-optimize-14\" data-start=\"486\" data-end=\"525\"><span class=\"relative -mx-px my-[-0.2rem] rounded px-px py-[0.2rem] transition-colors duration-100 ease-in-out\"><strong data-start=\"0\" data-end=\"16\" data-is-only-node=\"\">Ivanka Trump<\/strong> and <strong data-start=\"19\" data-end=\"36\">Jared Kushner<\/strong>, U.S. political figures.<\/span><\/p>\n<p class=\"ai-optimize-16\" data-start=\"528\" data-end=\"567\"><span class=\"relative -mx-px my-[-0.2rem] rounded px-px py-[0.2rem] transition-colors duration-100 ease-in-out\"><strong data-start=\"0\" data-end=\"21\" data-is-only-node=\"\">Leonardo DiCaprio<\/strong> and his partner, Italian model <strong data-start=\"54\" data-end=\"74\">Vittoria Ceretti<\/strong>.<\/span><\/p>\n<p class=\"ai-optimize-18\" data-start=\"570\" data-end=\"609\"><span class=\"relative -mx-px my-[-0.2rem] rounded px-px py-[0.2rem] transition-colors duration-100 ease-in-out\"><strong data-start=\"0\" data-end=\"17\" data-is-only-node=\"\">Orlando Bloom<\/strong>, British actor.<\/span><\/p>\n<p class=\"ai-optimize-20\" data-start=\"612\" data-end=\"651\"><span class=\"relative -mx-px my-[-0.2rem] rounded px-px py-[0.2rem] transition-colors duration-100 ease-in-out\"><strong data-start=\"0\" data-end=\"14\" data-is-only-node=\"\">Bill Gates<\/strong>, co-founder of Microsoft.<\/span><\/p>\n<p class=\"ai-optimize-22\" data-start=\"654\" data-end=\"693\"><span class=\"relative -mx-px my-[-0.2rem] rounded px-px py-[0.2rem] transition-colors duration-100 ease-in-out\"><strong data-start=\"0\" data-end=\"15\" data-is-only-node=\"\">Queen Rania<\/strong> of Jordan.<\/span><\/p>\n<p class=\"ai-optimize-24\" data-start=\"696\" data-end=\"735\"><span class=\"relative -mx-px my-[-0.2rem] rounded px-px py-[0.2rem] transition-colors duration-100 ease-in-out\"><strong data-start=\"0\" data-end=\"13\" data-is-only-node=\"\">Tom Brady<\/strong>, former American soccer player.<\/span><\/p>\n<p class=\"ai-optimize-26\" data-start=\"738\" data-end=\"856\"><span class=\"relative -mx-px my-[-0.2rem] rounded px-px py-[0.2rem] transition-colors duration-100 ease-in-out\"><strong data-start=\"0\" data-end=\"25\" data-is-only-node=\"\">Diane von F\u00fcrstenberg<\/strong> and <strong data-start=\"28\" data-end=\"44\">Barry Diller<\/strong>, leading fashion and media figures.<\/span><\/p>\n<h2 class=\"ai-optimize-27\" data-start=\"863\" data-end=\"902\">Wedding celebrations and details<\/h2>\n<figure id=\"attachment_54134\" aria-describedby=\"caption-attachment-54134\" style=\"width: 1200px\" class=\"wp-caption alignnone\"><img loading=\"lazy\" loading=\"lazy\" decoding=\"async\" class=\"wp-image-54134 size-full\" src=\"https:\/\/queonnda.com\/wp-content\/uploads\/2025\/06\/GettyImages-2222298368-1.jpg\" alt=\"wedding, liaison\" width=\"1200\" height=\"1800\" \/><figcaption id=\"caption-attachment-54134\" class=\"wp-caption-text\">PHOTO: Getty Images<\/figcaption><\/figure>\n<p class=\"ai-optimize-28\" data-start=\"904\" data-end=\"982\"><span class=\"relative -mx-px my-[-0.2rem] rounded px-px py-[0.2rem] transition-colors duration-100 ease-in-out\">The wedding takes place in several iconic locations in Venice:<\/span><\/p>\n<p class=\"ai-optimize-30\" data-start=\"986\" data-end=\"1025\"><span class=\"relative -mx-px my-[-0.2rem] rounded px-px py-[0.2rem] transition-colors duration-100 ease-in-out\">The main ceremony takes place in the basilica of San Giorgio Maggiore.<\/span><\/p>\n<p class=\"ai-optimize-32\" data-start=\"1028\" data-end=\"1068\"><span class=\"relative -mx-px my-[-0.2rem] rounded px-px py-[0.2rem] transition-colors duration-100 ease-in-out\">The reception includes a masked ball at the historic Venice Arsenal.<\/span><\/p>\n<p class=\"ai-optimize-34\" data-start=\"1071\" data-end=\"1189\"><span class=\"relative -mx-px my-[-0.2rem] rounded px-px py-[0.2rem] transition-colors duration-100 ease-in-out\">Guests receive gifts such as Venetian sweets and Murano glass goblets.<\/span><\/p>\n<p class=\"ai-optimize-35\" data-start=\"1191\" data-end=\"1309\"><span class=\"relative -mx-px my-[-0.2rem] rounded px-px py-[0.2rem] transition-colors duration-100 ease-in-out\">Lauren Sanchez wears 27 different dresses during the festivities, including a wedding dress designed exclusively by Oscar de la Renta.<\/span><\/p>\n<h2 class=\"ai-optimize-36\" data-start=\"1316\" data-end=\"1352\">Controversy and local protests<\/h2>\n<figure id=\"attachment_54132\" aria-describedby=\"caption-attachment-54132\" style=\"width: 1200px\" class=\"wp-caption alignnone\"><img loading=\"lazy\" loading=\"lazy\" decoding=\"async\" class=\"wp-image-54132 size-full\" src=\"https:\/\/queonnda.com\/wp-content\/uploads\/2025\/06\/GettyImages-2219223210-1.jpg\" alt=\"protests, Venice, wedding\" width=\"1200\" height=\"800\" \/><figcaption id=\"caption-attachment-54132\" class=\"wp-caption-text\">PHOTO: Getty Images<\/figcaption><\/figure>\n<p class=\"ai-optimize-37\" data-start=\"1354\" data-end=\"1552\"><span class=\"relative -mx-px my-[-0.2rem] rounded px-px py-[0.2rem] transition-colors duration-100 ease-in-out\">The magnitude of the event has provoked protests in Venice.<\/span><\/p>\n<p class=\"ai-optimize-37\" data-start=\"1354\" data-end=\"1552\"><span class=\"relative -mx-px my-[-0.2rem] rounded px-px py-[0.2rem] transition-colors duration-100 ease-in-out\">Groups such as &#8220;No Space for Bezos&#8221; criticize the privatization of public spaces and the environmental impact of the event.<\/span><\/p>\n<p class=\"ai-optimize-37\" data-start=\"1354\" data-end=\"1552\"><span class=\"relative -mx-px my-[-0.2rem] rounded px-px py-[0.2rem] transition-colors duration-100 ease-in-out\">Local authorities have implemented strict security measures and have defended the wedding by arguing economic benefits for the city.<\/span><\/p>\n<p class=\"ai-optimize-39\" data-start=\"1585\" data-end=\"1703\"><span class=\"relative -mx-px my-[-0.2rem] rounded px-px py-[0.2rem] transition-colors duration-100 ease-in-out\">Instead of receiving gifts, the couple has asked guests to make donations to organizations dedicated to the preservation and promotion of Venice, such as the UNESCO office in the city and the International University for research projects.<\/span><\/p>\n<p class=\"ai-optimize-43\" data-start=\"1585\" data-end=\"1703\"><figure class=\"wp-block-pullquote\"><blockquote><p style=\"color: #fd9737;\">Las propuestas por la boda del a\u00f1o no se han hecho esperar ante la llegada de todas las figuras internacionales que acompa\u00f1ar\u00e1n a Jeff Bezos y Lauren S\u00e1nchez<\/p><cite>QueOnnda<\/cite><\/blockquote><\/figure><\/p>\n<h2 class=\"ai-optimize-40\" data-start=\"1710\" data-end=\"1724\">There will be controversy over Jeff Bezos and Lauren Sanchez&#8217;s marriage.<\/h2>\n<p class=\"ai-optimize-42\"><\/p>\n<p class=\"ai-optimize-41\" data-start=\"1726\" data-end=\"1844\"><span class=\"relative -mx-px my-[-0.2rem] rounded px-px py-[0.2rem] transition-colors duration-100 ease-in-out\">The wedding of Jeff Bezos and Lauren Sanchez stands out for its luxury and exclusivity, but it has also generated debate about the impact of private events in historic cities like Venice.<\/span><\/p>\n<p class=\"ai-optimize-41\" data-start=\"1726\" data-end=\"1844\"><span class=\"relative -mx-px my-[-0.2rem] rounded px-px py-[0.2rem] transition-colors duration-100 ease-in-out\">While some celebrate the couple&#8217;s union and the economic benefits for the city, others criticize the ostentation and possible damage to the cultural and environmental heritage.<\/span><\/p>\n<p class=\"ai-optimize-44\" data-start=\"1726\" data-end=\"1844\">Find out more at <a href=\"https:\/\/queonnda.com\" target=\"_blank\" rel=\"noopener\">&#8216;QueOnnda.com&#8217;.<\/a><\/p>\n","protected":false},"excerpt":{"rendered":"<p>The long-awaited wedding between Amazon founder Jeff Bezos and journalist Lauren Sanchez takes place June 26-28, 2025 in Venice, Italy. With an estimated budget of between 40 and 48 million euros, the event has been described as the &#8220;wedding of the century&#8221; and has generated both admiration and criticism for its impact on the city.<\/p>\n","protected":false},"author":6,"featured_media":54129,"comment_status":"open","ping_status":"open","sticky":false,"template":"","format":"standard","meta":{"inline_featured_image":false,"footnotes":""},"categories":[55,73,123],"tags":[798,784,359],"class_list":{"0":"post-54140","1":"post","2":"type-post","3":"status-publish","4":"format-standard","5":"has-post-thumbnail","7":"category-entertainment","8":"category-famous","9":"category-stars","10":"tag-entretenimiento-en","11":"tag-famosos-en","12":"tag-influencers-en"},"yoast_head":"<!-- This site is optimized with the Yoast SEO Premium plugin v27.0 (Yoast SEO v27.2) - https:\/\/yoast.com\/product\/yoast-seo-premium-wordpress\/ -->\n<title>Jeff Bezos and Lauren Sanchez wedding in Venice in controversy<\/title>\n<meta name=\"description\" content=\"Jeff Bezos and Lauren Sanchez appear waving amid chaos in Venice for their wedding, dubbed the link of the century.\" \/>\n<meta name=\"robots\" content=\"index, follow, max-snippet:-1, max-image-preview:large, max-video-preview:-1\" \/>\n<link rel=\"canonical\" href=\"https:\/\/queonnda.com\/en\/the-wedding-of-the-year-jeff-bezos-creator-of-amazon-marries-lauren-sanchez-in-venice-amid-protests\/\" \/>\n<meta property=\"og:locale\" content=\"en_US\" \/>\n<meta property=\"og:type\" content=\"article\" \/>\n<meta property=\"og:title\" content=\"The wedding of the year! Jeff Bezos, creator of Amazon marries Lauren Sanchez in Venice amid protests.\" \/>\n<meta property=\"og:description\" content=\"Jeff Bezos and Lauren Sanchez appear waving amid chaos in Venice for their wedding, dubbed the link of the century.\" \/>\n<meta property=\"og:url\" content=\"https:\/\/queonnda.com\/en\/the-wedding-of-the-year-jeff-bezos-creator-of-amazon-marries-lauren-sanchez-in-venice-amid-protests\/\" \/>\n<meta property=\"og:site_name\" content=\"QueOnnda\" \/>\n<meta property=\"article:publisher\" content=\"https:\/\/web.facebook.com\/queonnda.nueva\" \/>\n<meta property=\"article:published_time\" content=\"2025-06-26T23:23:51+00:00\" \/>\n<meta property=\"article:modified_time\" content=\"2025-06-26T23:27:24+00:00\" \/>\n<meta property=\"og:image\" content=\"https:\/\/queonnda.com\/wp-content\/uploads\/2025\/06\/GettyImages-2215806911-1.jpg\" \/>\n\t<meta property=\"og:image:width\" content=\"1200\" \/>\n\t<meta property=\"og:image:height\" content=\"844\" \/>\n\t<meta property=\"og:image:type\" content=\"image\/jpeg\" \/>\n<meta name=\"author\" content=\"Israel Castillo\" \/>\n<meta name=\"twitter:card\" content=\"summary_large_image\" \/>\n<meta name=\"twitter:label1\" content=\"Written by\" \/>\n\t<meta name=\"twitter:data1\" content=\"Israel Castillo\" \/>\n\t<meta name=\"twitter:label2\" content=\"Est. reading time\" \/>\n\t<meta name=\"twitter:data2\" content=\"3 minutes\" \/>\n<script type=\"application\/ld+json\" class=\"yoast-schema-graph\">{\"@context\":\"https:\/\/schema.org\",\"@graph\":[{\"@type\":\"Article\",\"@id\":\"https:\/\/queonnda.com\/en\/the-wedding-of-the-year-jeff-bezos-creator-of-amazon-marries-lauren-sanchez-in-venice-amid-protests\/#article\",\"isPartOf\":{\"@id\":\"https:\/\/queonnda.com\/en\/the-wedding-of-the-year-jeff-bezos-creator-of-amazon-marries-lauren-sanchez-in-venice-amid-protests\/\"},\"author\":{\"name\":\"Israel Castillo\",\"@id\":\"https:\/\/queonnda.com\/#\/schema\/person\/ba7226ec14bada54bbd8f989eccc817e\"},\"headline\":\"The wedding of the year! Jeff Bezos, creator of Amazon marries Lauren Sanchez in Venice amid protests.\",\"datePublished\":\"2025-06-26T23:23:51+00:00\",\"dateModified\":\"2025-06-26T23:27:24+00:00\",\"mainEntityOfPage\":{\"@id\":\"https:\/\/queonnda.com\/en\/the-wedding-of-the-year-jeff-bezos-creator-of-amazon-marries-lauren-sanchez-in-venice-amid-protests\/\"},\"wordCount\":473,\"commentCount\":0,\"publisher\":{\"@id\":\"https:\/\/queonnda.com\/#organization\"},\"image\":{\"@id\":\"https:\/\/queonnda.com\/en\/the-wedding-of-the-year-jeff-bezos-creator-of-amazon-marries-lauren-sanchez-in-venice-amid-protests\/#primaryimage\"},\"thumbnailUrl\":\"https:\/\/queonnda.com\/wp-content\/uploads\/2025\/06\/GettyImages-2215806911-1.jpg\",\"keywords\":[\"entretenimiento\",\"famosos\",\"influencers\"],\"articleSection\":[\"Entertainment\",\"Famous\",\"Stars\"],\"inLanguage\":\"en-US\",\"potentialAction\":[{\"@type\":\"CommentAction\",\"name\":\"Comment\",\"target\":[\"https:\/\/queonnda.com\/en\/the-wedding-of-the-year-jeff-bezos-creator-of-amazon-marries-lauren-sanchez-in-venice-amid-protests\/#respond\"]}],\"copyrightYear\":\"2025\",\"copyrightHolder\":{\"@id\":\"https:\/\/queonnda.com\/#organization\"}},{\"@type\":\"WebPage\",\"@id\":\"https:\/\/queonnda.com\/en\/the-wedding-of-the-year-jeff-bezos-creator-of-amazon-marries-lauren-sanchez-in-venice-amid-protests\/\",\"url\":\"https:\/\/queonnda.com\/en\/the-wedding-of-the-year-jeff-bezos-creator-of-amazon-marries-lauren-sanchez-in-venice-amid-protests\/\",\"name\":\"Jeff Bezos and Lauren Sanchez wedding in Venice in controversy\",\"isPartOf\":{\"@id\":\"https:\/\/queonnda.com\/#website\"},\"primaryImageOfPage\":{\"@id\":\"https:\/\/queonnda.com\/en\/the-wedding-of-the-year-jeff-bezos-creator-of-amazon-marries-lauren-sanchez-in-venice-amid-protests\/#primaryimage\"},\"image\":{\"@id\":\"https:\/\/queonnda.com\/en\/the-wedding-of-the-year-jeff-bezos-creator-of-amazon-marries-lauren-sanchez-in-venice-amid-protests\/#primaryimage\"},\"thumbnailUrl\":\"https:\/\/queonnda.com\/wp-content\/uploads\/2025\/06\/GettyImages-2215806911-1.jpg\",\"datePublished\":\"2025-06-26T23:23:51+00:00\",\"dateModified\":\"2025-06-26T23:27:24+00:00\",\"description\":\"Jeff Bezos and Lauren Sanchez appear waving amid chaos in Venice for their wedding, dubbed the link of the century.\",\"breadcrumb\":{\"@id\":\"https:\/\/queonnda.com\/en\/the-wedding-of-the-year-jeff-bezos-creator-of-amazon-marries-lauren-sanchez-in-venice-amid-protests\/#breadcrumb\"},\"inLanguage\":\"en-US\",\"potentialAction\":[{\"@type\":\"ReadAction\",\"target\":[\"https:\/\/queonnda.com\/en\/the-wedding-of-the-year-jeff-bezos-creator-of-amazon-marries-lauren-sanchez-in-venice-amid-protests\/\"]}]},{\"@type\":\"ImageObject\",\"inLanguage\":\"en-US\",\"@id\":\"https:\/\/queonnda.com\/en\/the-wedding-of-the-year-jeff-bezos-creator-of-amazon-marries-lauren-sanchez-in-venice-amid-protests\/#primaryimage\",\"url\":\"https:\/\/queonnda.com\/wp-content\/uploads\/2025\/06\/GettyImages-2215806911-1.jpg\",\"contentUrl\":\"https:\/\/queonnda.com\/wp-content\/uploads\/2025\/06\/GettyImages-2215806911-1.jpg\",\"width\":1200,\"height\":844,\"caption\":\"CAP D'ANTIBES, FRANCE - MAY 22: Amazon Founder and Executive Chair Jeff Bezos and Lauren Sanchez attend the amfAR gala Cannes 2025 presented by Chopard at Hotel du Cap-Eden-Roc on May 22, 2025 in Cap d'Antibes, France. (Photo by Dave Benett\/amfAR\/Getty Images for amfAR)\"},{\"@type\":\"BreadcrumbList\",\"@id\":\"https:\/\/queonnda.com\/en\/the-wedding-of-the-year-jeff-bezos-creator-of-amazon-marries-lauren-sanchez-in-venice-amid-protests\/#breadcrumb\",\"itemListElement\":[{\"@type\":\"ListItem\",\"position\":1,\"name\":\"Home\",\"item\":\"https:\/\/queonnda.com\/en\/\"},{\"@type\":\"ListItem\",\"position\":2,\"name\":\"The wedding of the year! Jeff Bezos, creator of Amazon marries Lauren Sanchez in Venice amid protests.\"}]},{\"@type\":\"WebSite\",\"@id\":\"https:\/\/queonnda.com\/#website\",\"url\":\"https:\/\/queonnda.com\/\",\"name\":\"QueOnnda\",\"description\":\"Plataforma audio-digital sin precedentes que revolucionar\u00e1 la forma en que las audiencias latinas interact\u00faan con los medios\",\"publisher\":{\"@id\":\"https:\/\/queonnda.com\/#organization\"},\"potentialAction\":[{\"@type\":\"SearchAction\",\"target\":{\"@type\":\"EntryPoint\",\"urlTemplate\":\"https:\/\/queonnda.com\/?s={search_term_string}\"},\"query-input\":{\"@type\":\"PropertyValueSpecification\",\"valueRequired\":true,\"valueName\":\"search_term_string\"}}],\"inLanguage\":\"en-US\"},{\"@type\":\"Organization\",\"@id\":\"https:\/\/queonnda.com\/#organization\",\"name\":\"QueOnnda\",\"url\":\"https:\/\/queonnda.com\/\",\"logo\":{\"@type\":\"ImageObject\",\"inLanguage\":\"en-US\",\"@id\":\"https:\/\/queonnda.com\/#\/schema\/logo\/image\/\",\"url\":\"https:\/\/queonnda.com\/wp-content\/uploads\/2025\/03\/Logo_QueOnnda_Color.svg\",\"contentUrl\":\"https:\/\/queonnda.com\/wp-content\/uploads\/2025\/03\/Logo_QueOnnda_Color.svg\",\"width\":651,\"height\":103,\"caption\":\"QueOnnda\"},\"image\":{\"@id\":\"https:\/\/queonnda.com\/#\/schema\/logo\/image\/\"},\"sameAs\":[\"https:\/\/web.facebook.com\/queonnda.nueva\",\"https:\/\/www.instagram.com\/queonnda.nueva\/\",\"https:\/\/www.youtube.com\/@queonnda\",\"https:\/\/tiktok.com\/@queonnda.nueva\"]},{\"@type\":\"Person\",\"@id\":\"https:\/\/queonnda.com\/#\/schema\/person\/ba7226ec14bada54bbd8f989eccc817e\",\"name\":\"Israel Castillo\",\"sameAs\":[\"https:\/\/queonnda.com\"],\"url\":\"https:\/\/queonnda.com\/en\/author\/israel\/\"}]}<\/script>\n<!-- \/ Yoast SEO Premium plugin. -->","yoast_head_json":{"title":"Jeff Bezos and Lauren Sanchez wedding in Venice in controversy","description":"Jeff Bezos and Lauren Sanchez appear waving amid chaos in Venice for their wedding, dubbed the link of the century.","robots":{"index":"index","follow":"follow","max-snippet":"max-snippet:-1","max-image-preview":"max-image-preview:large","max-video-preview":"max-video-preview:-1"},"canonical":"https:\/\/queonnda.com\/en\/the-wedding-of-the-year-jeff-bezos-creator-of-amazon-marries-lauren-sanchez-in-venice-amid-protests\/","og_locale":"en_US","og_type":"article","og_title":"The wedding of the year! Jeff Bezos, creator of Amazon marries Lauren Sanchez in Venice amid protests.","og_description":"Jeff Bezos and Lauren Sanchez appear waving amid chaos in Venice for their wedding, dubbed the link of the century.","og_url":"https:\/\/queonnda.com\/en\/the-wedding-of-the-year-jeff-bezos-creator-of-amazon-marries-lauren-sanchez-in-venice-amid-protests\/","og_site_name":"QueOnnda","article_publisher":"https:\/\/web.facebook.com\/queonnda.nueva","article_published_time":"2025-06-26T23:23:51+00:00","article_modified_time":"2025-06-26T23:27:24+00:00","og_image":[{"width":1200,"height":844,"url":"https:\/\/queonnda.com\/wp-content\/uploads\/2025\/06\/GettyImages-2215806911-1.jpg","type":"image\/jpeg"}],"author":"Israel Castillo","twitter_card":"summary_large_image","twitter_misc":{"Written by":"Israel Castillo","Est. reading time":"3 minutes"},"schema":{"@context":"https:\/\/schema.org","@graph":[{"@type":"Article","@id":"https:\/\/queonnda.com\/en\/the-wedding-of-the-year-jeff-bezos-creator-of-amazon-marries-lauren-sanchez-in-venice-amid-protests\/#article","isPartOf":{"@id":"https:\/\/queonnda.com\/en\/the-wedding-of-the-year-jeff-bezos-creator-of-amazon-marries-lauren-sanchez-in-venice-amid-protests\/"},"author":{"name":"Israel Castillo","@id":"https:\/\/queonnda.com\/#\/schema\/person\/ba7226ec14bada54bbd8f989eccc817e"},"headline":"The wedding of the year! Jeff Bezos, creator of Amazon marries Lauren Sanchez in Venice amid protests.","datePublished":"2025-06-26T23:23:51+00:00","dateModified":"2025-06-26T23:27:24+00:00","mainEntityOfPage":{"@id":"https:\/\/queonnda.com\/en\/the-wedding-of-the-year-jeff-bezos-creator-of-amazon-marries-lauren-sanchez-in-venice-amid-protests\/"},"wordCount":473,"commentCount":0,"publisher":{"@id":"https:\/\/queonnda.com\/#organization"},"image":{"@id":"https:\/\/queonnda.com\/en\/the-wedding-of-the-year-jeff-bezos-creator-of-amazon-marries-lauren-sanchez-in-venice-amid-protests\/#primaryimage"},"thumbnailUrl":"https:\/\/queonnda.com\/wp-content\/uploads\/2025\/06\/GettyImages-2215806911-1.jpg","keywords":["entretenimiento","famosos","influencers"],"articleSection":["Entertainment","Famous","Stars"],"inLanguage":"en-US","potentialAction":[{"@type":"CommentAction","name":"Comment","target":["https:\/\/queonnda.com\/en\/the-wedding-of-the-year-jeff-bezos-creator-of-amazon-marries-lauren-sanchez-in-venice-amid-protests\/#respond"]}],"copyrightYear":"2025","copyrightHolder":{"@id":"https:\/\/queonnda.com\/#organization"}},{"@type":"WebPage","@id":"https:\/\/queonnda.com\/en\/the-wedding-of-the-year-jeff-bezos-creator-of-amazon-marries-lauren-sanchez-in-venice-amid-protests\/","url":"https:\/\/queonnda.com\/en\/the-wedding-of-the-year-jeff-bezos-creator-of-amazon-marries-lauren-sanchez-in-venice-amid-protests\/","name":"Jeff Bezos and Lauren Sanchez wedding in Venice in controversy","isPartOf":{"@id":"https:\/\/queonnda.com\/#website"},"primaryImageOfPage":{"@id":"https:\/\/queonnda.com\/en\/the-wedding-of-the-year-jeff-bezos-creator-of-amazon-marries-lauren-sanchez-in-venice-amid-protests\/#primaryimage"},"image":{"@id":"https:\/\/queonnda.com\/en\/the-wedding-of-the-year-jeff-bezos-creator-of-amazon-marries-lauren-sanchez-in-venice-amid-protests\/#primaryimage"},"thumbnailUrl":"https:\/\/queonnda.com\/wp-content\/uploads\/2025\/06\/GettyImages-2215806911-1.jpg","datePublished":"2025-06-26T23:23:51+00:00","dateModified":"2025-06-26T23:27:24+00:00","description":"Jeff Bezos and Lauren Sanchez appear waving amid chaos in Venice for their wedding, dubbed the link of the century.","breadcrumb":{"@id":"https:\/\/queonnda.com\/en\/the-wedding-of-the-year-jeff-bezos-creator-of-amazon-marries-lauren-sanchez-in-venice-amid-protests\/#breadcrumb"},"inLanguage":"en-US","potentialAction":[{"@type":"ReadAction","target":["https:\/\/queonnda.com\/en\/the-wedding-of-the-year-jeff-bezos-creator-of-amazon-marries-lauren-sanchez-in-venice-amid-protests\/"]}]},{"@type":"ImageObject","inLanguage":"en-US","@id":"https:\/\/queonnda.com\/en\/the-wedding-of-the-year-jeff-bezos-creator-of-amazon-marries-lauren-sanchez-in-venice-amid-protests\/#primaryimage","url":"https:\/\/queonnda.com\/wp-content\/uploads\/2025\/06\/GettyImages-2215806911-1.jpg","contentUrl":"https:\/\/queonnda.com\/wp-content\/uploads\/2025\/06\/GettyImages-2215806911-1.jpg","width":1200,"height":844,"caption":"CAP D'ANTIBES, FRANCE - MAY 22: Amazon Founder and Executive Chair Jeff Bezos and Lauren Sanchez attend the amfAR gala Cannes 2025 presented by Chopard at Hotel du Cap-Eden-Roc on May 22, 2025 in Cap d'Antibes, France. (Photo by Dave Benett\/amfAR\/Getty Images for amfAR)"},{"@type":"BreadcrumbList","@id":"https:\/\/queonnda.com\/en\/the-wedding-of-the-year-jeff-bezos-creator-of-amazon-marries-lauren-sanchez-in-venice-amid-protests\/#breadcrumb","itemListElement":[{"@type":"ListItem","position":1,"name":"Home","item":"https:\/\/queonnda.com\/en\/"},{"@type":"ListItem","position":2,"name":"The wedding of the year! Jeff Bezos, creator of Amazon marries Lauren Sanchez in Venice amid protests."}]},{"@type":"WebSite","@id":"https:\/\/queonnda.com\/#website","url":"https:\/\/queonnda.com\/","name":"QueOnnda","description":"Plataforma audio-digital sin precedentes que revolucionar\u00e1 la forma en que las audiencias latinas interact\u00faan con los medios","publisher":{"@id":"https:\/\/queonnda.com\/#organization"},"potentialAction":[{"@type":"SearchAction","target":{"@type":"EntryPoint","urlTemplate":"https:\/\/queonnda.com\/?s={search_term_string}"},"query-input":{"@type":"PropertyValueSpecification","valueRequired":true,"valueName":"search_term_string"}}],"inLanguage":"en-US"},{"@type":"Organization","@id":"https:\/\/queonnda.com\/#organization","name":"QueOnnda","url":"https:\/\/queonnda.com\/","logo":{"@type":"ImageObject","inLanguage":"en-US","@id":"https:\/\/queonnda.com\/#\/schema\/logo\/image\/","url":"https:\/\/queonnda.com\/wp-content\/uploads\/2025\/03\/Logo_QueOnnda_Color.svg","contentUrl":"https:\/\/queonnda.com\/wp-content\/uploads\/2025\/03\/Logo_QueOnnda_Color.svg","width":651,"height":103,"caption":"QueOnnda"},"image":{"@id":"https:\/\/queonnda.com\/#\/schema\/logo\/image\/"},"sameAs":["https:\/\/web.facebook.com\/queonnda.nueva","https:\/\/www.instagram.com\/queonnda.nueva\/","https:\/\/www.youtube.com\/@queonnda","https:\/\/tiktok.com\/@queonnda.nueva"]},{"@type":"Person","@id":"https:\/\/queonnda.com\/#\/schema\/person\/ba7226ec14bada54bbd8f989eccc817e","name":"Israel Castillo","sameAs":["https:\/\/queonnda.com"],"url":"https:\/\/queonnda.com\/en\/author\/israel\/"}]}},"_links":{"self":[{"href":"https:\/\/queonnda.com\/en\/wp-json\/wp\/v2\/posts\/54140","targetHints":{"allow":["GET"]}}],"collection":[{"href":"https:\/\/queonnda.com\/en\/wp-json\/wp\/v2\/posts"}],"about":[{"href":"https:\/\/queonnda.com\/en\/wp-json\/wp\/v2\/types\/post"}],"author":[{"embeddable":true,"href":"https:\/\/queonnda.com\/en\/wp-json\/wp\/v2\/users\/6"}],"replies":[{"embeddable":true,"href":"https:\/\/queonnda.com\/en\/wp-json\/wp\/v2\/comments?post=54140"}],"version-history":[{"count":0,"href":"https:\/\/queonnda.com\/en\/wp-json\/wp\/v2\/posts\/54140\/revisions"}],"wp:featuredmedia":[{"embeddable":true,"href":"https:\/\/queonnda.com\/en\/wp-json\/wp\/v2\/media\/54129"}],"wp:attachment":[{"href":"https:\/\/queonnda.com\/en\/wp-json\/wp\/v2\/media?parent=54140"}],"wp:term":[{"taxonomy":"category","embeddable":true,"href":"https:\/\/queonnda.com\/en\/wp-json\/wp\/v2\/categories?post=54140"},{"taxonomy":"post_tag","embeddable":true,"href":"https:\/\/queonnda.com\/en\/wp-json\/wp\/v2\/tags?post=54140"}],"curies":[{"name":"wp","href":"https:\/\/api.w.org\/{rel}","templated":true}]}}