{"id":65100,"date":"2025-08-04T15:09:49","date_gmt":"2025-08-04T19:09:49","guid":{"rendered":"https:\/\/queonnda.com\/the-cast-of-la-madrastra-reunites-after-20-years-of-the-soap-opera\/"},"modified":"2025-08-04T15:14:17","modified_gmt":"2025-08-04T19:14:17","slug":"the-cast-of-la-madrastra-reunites-after-20-years-of-the-soap-opera","status":"publish","type":"post","link":"https:\/\/queonnda.com\/en\/the-cast-of-la-madrastra-reunites-after-20-years-of-the-soap-opera\/","title":{"rendered":"The cast of &#8216;La Madrastra&#8217; reunites after 20 years of the soap opera"},"content":{"rendered":"<p data-start=\"119\" data-end=\"194\"><span class=\"relative -mx-px my-[-0.2rem] rounded px-px py-[0.2rem] transition-colors duration-100 ease-in-out\">On the occasion of the 20th anniversary of the premiere of <em data-start=\"50\" data-end=\"64\">La madrastra (<\/em> 2005), part of the original <a href=\"https:\/\/queonnda.com\/en\/telenovela-star-armando-araiza-asks-for-help-to-find-a-job\/\" target=\"_blank\" rel=\"noopener\">cast<\/a> recently reunited on a film set in Mexico City. <\/span><\/p>\n<p data-start=\"119\" data-end=\"194\"><span class=\"relative -mx-px my-[-0.2rem] rounded px-px py-[0.2rem] transition-colors duration-100 ease-in-out\">The meeting was part of a special produced for the upcoming program Confesiones, to be aired on TLNovelas, hosted by Mexican journalist Aurora Valle.<\/span><\/p>\n<p data-start=\"119\" data-end=\"194\"><!--more--><\/p>\n<h2 data-start=\"201\" data-end=\"247\">Unforgettable Faces of &#8216;La madrastra&#8217;<\/h2>\n<figure id=\"attachment_65093\" aria-describedby=\"caption-attachment-65093\" style=\"width: 1200px\" class=\"wp-caption alignnone\"><img loading=\"lazy\" loading=\"lazy\" decoding=\"async\" class=\"wp-image-65093 size-full\" src=\"https:\/\/queonnda.com\/wp-content\/uploads\/2025\/08\/3115-CESAR-EBORA-VICTORIA-RUFO-Y-MANUEL-CAPETILLO-2005.jpg\" alt=\"La Madrastra, soap operas, celebrities\" width=\"1200\" height=\"781\" \/><figcaption id=\"caption-attachment-65093\" class=\"wp-caption-text\">PHOTO: Mezcalent<\/figcaption><\/figure>\n<p data-start=\"249\" data-end=\"324\"><span class=\"relative -mx-px my-[-0.2rem] rounded px-px py-[0.2rem] transition-colors duration-100 ease-in-out\">The emotional reunion was attended by six iconic figures of the telenovela: Victoria Ruffo, Sabine Moussier, Cecilia Gabriela, Martha Julia, Mauricio Aspe and Mike Biagio. <\/span><\/p>\n<p data-start=\"249\" data-end=\"324\"><span class=\"relative -mx-px my-[-0.2rem] rounded px-px py-[0.2rem] transition-colors duration-100 ease-in-out\">C\u00e9sar \u00c9vora, who played the role of Esteban San Rom\u00e1n and was unable to attend the meeting, was conspicuously absent<\/span>.<\/p>\n<p data-start=\"381\" data-end=\"456\"><span class=\"relative -mx-px my-[-0.2rem] rounded px-px py-[0.2rem] transition-colors duration-100 ease-in-out\">The images spread by presenter Aurora Valle on Instagram showed the actors sharing laughs and memories in a background decorated with the name of the melodrama. <\/span><\/p>\n<p data-start=\"381\" data-end=\"456\"><span class=\"relative -mx-px my-[-0.2rem] rounded px-px py-[0.2rem] transition-colors duration-100 ease-in-out\">Cecilia Gabriela described the experience as &#8220;unforgettable&#8221;, expressing gratitude to the team for making such a special day possible.<\/span><\/p>\n<h2 data-start=\"463\" data-end=\"530\">Significance of <em data-start=\"484\" data-end=\"498\">La Madrastra<\/em> in the History of Television<\/h2>\n<figure id=\"attachment_65095\" aria-describedby=\"caption-attachment-65095\" style=\"width: 1200px\" class=\"wp-caption alignnone\"><img loading=\"lazy\" loading=\"lazy\" decoding=\"async\" class=\"wp-image-65095 size-full\" src=\"https:\/\/queonnda.com\/wp-content\/uploads\/2025\/08\/5313-CesarEvoraVictoriaRufo.jpg\" alt=\"La Madrastra, telenovela, celebrities\" width=\"1200\" height=\"797\" \/><figcaption id=\"caption-attachment-65095\" class=\"wp-caption-text\">PHOTO: Mezcalent<\/figcaption><\/figure>\n<p data-start=\"532\" data-end=\"607\"><span class=\"relative -mx-px my-[-0.2rem] rounded px-px py-[0.2rem] transition-colors duration-100 ease-in-out\">Produced by Salvador Mej\u00eda and starring Victoria Ruffo and C\u00e9sar \u00c9vora, the telenovela was a resounding success: 120 episodes that reached ratings peaks above 30 points in Mexico and positioned itself as one of the great melodramas of the <em data-start=\"273\" data-end=\"300\">Canal de las Estrellas<\/em> channel.<\/span><\/p>\n<p data-start=\"609\" data-end=\"686\"><span class=\"relative -mx-px my-[-0.2rem] rounded px-px py-[0.2rem] transition-colors duration-100 ease-in-out\">The story revolves around Mar\u00eda Fern\u00e1ndez, a wrongfully accused woman who returns 20 years later to clear her name, reunite with her children and settle accounts. <\/span><\/p>\n<p data-start=\"609\" data-end=\"686\"><span class=\"relative -mx-px my-[-0.2rem] rounded px-px py-[0.2rem] transition-colors duration-100 ease-in-out\">The drama fused intrigue, revenge and family values<\/span>.<\/p>\n<h2 data-start=\"693\" data-end=\"725\">The return of key figures<\/h2>\n<figure id=\"attachment_65097\" aria-describedby=\"caption-attachment-65097\" style=\"width: 1200px\" class=\"wp-caption alignnone\"><img loading=\"lazy\" loading=\"lazy\" decoding=\"async\" class=\"wp-image-65097 size-full\" src=\"https:\/\/queonnda.com\/wp-content\/uploads\/2025\/08\/58e9b28d-8e86-4720-8082-2c03b691c8fa.jpg\" alt=\"telenovela, celebrities\" width=\"1200\" height=\"1292\" \/><figcaption id=\"caption-attachment-65097\" class=\"wp-caption-text\">PHOTO: &#8216;X&#8217; Aurora Valle<\/figcaption><\/figure>\n<p data-start=\"727\" data-end=\"806\"><span class=\"relative -mx-px my-[-0.2rem] rounded px-px py-[0.2rem] transition-colors duration-100 ease-in-out\">Some actresses such as Martha Julia and Cecilia Gabriela, who played supporting characters in the 2005 version, also participated in the remake released in 2022, adapted for TelevisaUnivision. <\/span><\/p>\n<p data-start=\"727\" data-end=\"806\"><span class=\"relative -mx-px my-[-0.2rem] rounded px-px py-[0.2rem] transition-colors duration-100 ease-in-out\">This version starred Aracely Ar\u00e1mbula and Andr\u00e9s Palacios, paying homage to the legacy of the original telenovela<\/span>.<\/p>\n<p data-start=\"868\" data-end=\"1029\">The plot of <em data-start=\"913\" data-end=\"927\">La Madrastra<\/em> retains emotional significance among Latino communities that have experienced the phenomenon since its premiere.<\/p>\n<p data-start=\"1033\" data-end=\"1221\">Seeing these actors together again revives memories and loyalty to the production, especially among migrant Hispanics who grew up watching it.<\/p>\n<p data-start=\"1405\" data-end=\"1569\"><figure class=\"wp-block-pullquote\"><blockquote><p style=\"color: #fd9737;\">En su \u00e9poca, La Madrastra lleg\u00f3 a ser un fen\u00f3meno televisivo sin precedentes que paralizaba a M\u00e9xico en el horario estelar<\/p><cite>QueOnnda<\/cite><\/blockquote><\/figure><\/p>\n<h2 data-start=\"1576\" data-end=\"1591\">Soap opera nostalgia<\/h2>\n\n<p data-start=\"1593\" data-end=\"2183\">Twenty years after the premiere of <em data-start=\"1628\" data-end=\"1642\">La madrastra (<\/em> 2005), part of its original cast reunited for the first time in Mexico for a commemorative special to be broadcast on TLNovelas.<\/p>\n<p data-start=\"1593\" data-end=\"2183\">Among those present were Victoria Ruffo, Sabine Moussier, Cecilia Gabriela, Martha Julia, Mauricio Aspe and Mike Biagio.<\/p>\n<p data-start=\"1593\" data-end=\"2183\">The telenovela, an icon of Mexican drama, retained its narrative and cultural power, and still connects deeply with U.S. Latino audiences.<\/p>\n<p data-start=\"1593\" data-end=\"2183\">This reunion celebrates not only a remembered production, but also the continued presence of a shared emotional legacy.<\/p>\n<p data-start=\"1593\" data-end=\"2183\">Find out more at<a href=\"http:\/\/queonnda.com\" target=\"_blank\" rel=\"noopener\"> &#8216;QueOnnda.com&#8217;.<\/a><\/p>\n","protected":false},"excerpt":{"rendered":"<p>On the occasion of the 20th anniversary of the premiere of La madrastra ( 2005), part of the original cast recently reunited on a film set in Mexico City. The meeting was part of a special produced for the upcoming program Confesiones, to be aired on TLNovelas, hosted by Mexican journalist Aurora Valle.<\/p>\n","protected":false},"author":6,"featured_media":65092,"comment_status":"open","ping_status":"open","sticky":false,"template":"","format":"standard","meta":{"inline_featured_image":false,"footnotes":""},"categories":[55,122],"tags":[798,784,237],"class_list":{"0":"post-65100","1":"post","2":"type-post","3":"status-publish","4":"format-standard","5":"has-post-thumbnail","7":"category-entertainment","8":"category-soap-operas","9":"tag-entretenimiento-en","10":"tag-famosos-en","11":"tag-telenovelas-en"},"yoast_head":"<!-- This site is optimized with the Yoast SEO Premium plugin v27.0 (Yoast SEO v27.2) - https:\/\/yoast.com\/product\/yoast-seo-premium-wordpress\/ -->\n<title>The Stepmother cast reunites 20 years after its premiere<\/title>\n<meta name=\"description\" content=\"20 years after the end of the telenovela &#039;La Madrastra&#039;, its original cast is reunited and they appear together in a surprising photo.\" \/>\n<meta name=\"robots\" content=\"index, follow, max-snippet:-1, max-image-preview:large, max-video-preview:-1\" \/>\n<link rel=\"canonical\" href=\"https:\/\/queonnda.com\/en\/the-cast-of-la-madrastra-reunites-after-20-years-of-the-soap-opera\/\" \/>\n<meta property=\"og:locale\" content=\"en_US\" \/>\n<meta property=\"og:type\" content=\"article\" \/>\n<meta property=\"og:title\" content=\"The cast of &#039;La Madrastra&#039; reunites after 20 years of the soap opera\" \/>\n<meta property=\"og:description\" content=\"20 years after the end of the telenovela &#039;La Madrastra&#039;, its original cast is reunited and they appear together in a surprising photo.\" \/>\n<meta property=\"og:url\" content=\"https:\/\/queonnda.com\/en\/the-cast-of-la-madrastra-reunites-after-20-years-of-the-soap-opera\/\" \/>\n<meta property=\"og:site_name\" content=\"QueOnnda\" \/>\n<meta property=\"article:publisher\" content=\"https:\/\/web.facebook.com\/queonnda.nueva\" \/>\n<meta property=\"article:published_time\" content=\"2025-08-04T19:09:49+00:00\" \/>\n<meta property=\"article:modified_time\" content=\"2025-08-04T19:14:17+00:00\" \/>\n<meta property=\"og:image\" content=\"https:\/\/queonnda.com\/wp-content\/uploads\/2025\/08\/810pZFc0MWL._AC_SL1500_-1.jpg\" \/>\n\t<meta property=\"og:image:width\" content=\"1200\" \/>\n\t<meta property=\"og:image:height\" content=\"808\" \/>\n\t<meta property=\"og:image:type\" content=\"image\/jpeg\" \/>\n<meta name=\"author\" content=\"Israel Castillo\" \/>\n<meta name=\"twitter:card\" content=\"summary_large_image\" \/>\n<meta name=\"twitter:label1\" content=\"Written by\" \/>\n\t<meta name=\"twitter:data1\" content=\"Israel Castillo\" \/>\n\t<meta name=\"twitter:label2\" content=\"Est. reading time\" \/>\n\t<meta name=\"twitter:data2\" content=\"3 minutes\" \/>\n<script type=\"application\/ld+json\" class=\"yoast-schema-graph\">{\"@context\":\"https:\/\/schema.org\",\"@graph\":[{\"@type\":\"Article\",\"@id\":\"https:\/\/queonnda.com\/en\/the-cast-of-la-madrastra-reunites-after-20-years-of-the-soap-opera\/#article\",\"isPartOf\":{\"@id\":\"https:\/\/queonnda.com\/en\/the-cast-of-la-madrastra-reunites-after-20-years-of-the-soap-opera\/\"},\"author\":{\"name\":\"Israel Castillo\",\"@id\":\"https:\/\/queonnda.com\/#\/schema\/person\/ba7226ec14bada54bbd8f989eccc817e\"},\"headline\":\"The cast of &#8216;La Madrastra&#8217; reunites after 20 years of the soap opera\",\"datePublished\":\"2025-08-04T19:09:49+00:00\",\"dateModified\":\"2025-08-04T19:14:17+00:00\",\"mainEntityOfPage\":{\"@id\":\"https:\/\/queonnda.com\/en\/the-cast-of-la-madrastra-reunites-after-20-years-of-the-soap-opera\/\"},\"wordCount\":495,\"commentCount\":0,\"publisher\":{\"@id\":\"https:\/\/queonnda.com\/#organization\"},\"image\":{\"@id\":\"https:\/\/queonnda.com\/en\/the-cast-of-la-madrastra-reunites-after-20-years-of-the-soap-opera\/#primaryimage\"},\"thumbnailUrl\":\"https:\/\/queonnda.com\/wp-content\/uploads\/2025\/08\/810pZFc0MWL._AC_SL1500_-1.jpg\",\"keywords\":[\"entretenimiento\",\"famosos\",\"telenovelas\"],\"articleSection\":[\"Entertainment\",\"Soap operas\"],\"inLanguage\":\"en-US\",\"potentialAction\":[{\"@type\":\"CommentAction\",\"name\":\"Comment\",\"target\":[\"https:\/\/queonnda.com\/en\/the-cast-of-la-madrastra-reunites-after-20-years-of-the-soap-opera\/#respond\"]}],\"copyrightYear\":\"2025\",\"copyrightHolder\":{\"@id\":\"https:\/\/queonnda.com\/#organization\"}},{\"@type\":\"WebPage\",\"@id\":\"https:\/\/queonnda.com\/en\/the-cast-of-la-madrastra-reunites-after-20-years-of-the-soap-opera\/\",\"url\":\"https:\/\/queonnda.com\/en\/the-cast-of-la-madrastra-reunites-after-20-years-of-the-soap-opera\/\",\"name\":\"The Stepmother cast reunites 20 years after its premiere\",\"isPartOf\":{\"@id\":\"https:\/\/queonnda.com\/#website\"},\"primaryImageOfPage\":{\"@id\":\"https:\/\/queonnda.com\/en\/the-cast-of-la-madrastra-reunites-after-20-years-of-the-soap-opera\/#primaryimage\"},\"image\":{\"@id\":\"https:\/\/queonnda.com\/en\/the-cast-of-la-madrastra-reunites-after-20-years-of-the-soap-opera\/#primaryimage\"},\"thumbnailUrl\":\"https:\/\/queonnda.com\/wp-content\/uploads\/2025\/08\/810pZFc0MWL._AC_SL1500_-1.jpg\",\"datePublished\":\"2025-08-04T19:09:49+00:00\",\"dateModified\":\"2025-08-04T19:14:17+00:00\",\"description\":\"20 years after the end of the telenovela 'La Madrastra', its original cast is reunited and they appear together in a surprising photo.\",\"breadcrumb\":{\"@id\":\"https:\/\/queonnda.com\/en\/the-cast-of-la-madrastra-reunites-after-20-years-of-the-soap-opera\/#breadcrumb\"},\"inLanguage\":\"en-US\",\"potentialAction\":[{\"@type\":\"ReadAction\",\"target\":[\"https:\/\/queonnda.com\/en\/the-cast-of-la-madrastra-reunites-after-20-years-of-the-soap-opera\/\"]}]},{\"@type\":\"ImageObject\",\"inLanguage\":\"en-US\",\"@id\":\"https:\/\/queonnda.com\/en\/the-cast-of-la-madrastra-reunites-after-20-years-of-the-soap-opera\/#primaryimage\",\"url\":\"https:\/\/queonnda.com\/wp-content\/uploads\/2025\/08\/810pZFc0MWL._AC_SL1500_-1.jpg\",\"contentUrl\":\"https:\/\/queonnda.com\/wp-content\/uploads\/2025\/08\/810pZFc0MWL._AC_SL1500_-1.jpg\",\"width\":1200,\"height\":808,\"caption\":\"FOTO: Televisa\"},{\"@type\":\"BreadcrumbList\",\"@id\":\"https:\/\/queonnda.com\/en\/the-cast-of-la-madrastra-reunites-after-20-years-of-the-soap-opera\/#breadcrumb\",\"itemListElement\":[{\"@type\":\"ListItem\",\"position\":1,\"name\":\"Home\",\"item\":\"https:\/\/queonnda.com\/en\/\"},{\"@type\":\"ListItem\",\"position\":2,\"name\":\"The cast of &#8216;La Madrastra&#8217; reunites after 20 years of the soap opera\"}]},{\"@type\":\"WebSite\",\"@id\":\"https:\/\/queonnda.com\/#website\",\"url\":\"https:\/\/queonnda.com\/\",\"name\":\"QueOnnda\",\"description\":\"Plataforma audio-digital sin precedentes que revolucionar\u00e1 la forma en que las audiencias latinas interact\u00faan con los medios\",\"publisher\":{\"@id\":\"https:\/\/queonnda.com\/#organization\"},\"potentialAction\":[{\"@type\":\"SearchAction\",\"target\":{\"@type\":\"EntryPoint\",\"urlTemplate\":\"https:\/\/queonnda.com\/?s={search_term_string}\"},\"query-input\":{\"@type\":\"PropertyValueSpecification\",\"valueRequired\":true,\"valueName\":\"search_term_string\"}}],\"inLanguage\":\"en-US\"},{\"@type\":\"Organization\",\"@id\":\"https:\/\/queonnda.com\/#organization\",\"name\":\"QueOnnda\",\"url\":\"https:\/\/queonnda.com\/\",\"logo\":{\"@type\":\"ImageObject\",\"inLanguage\":\"en-US\",\"@id\":\"https:\/\/queonnda.com\/#\/schema\/logo\/image\/\",\"url\":\"https:\/\/queonnda.com\/wp-content\/uploads\/2025\/03\/Logo_QueOnnda_Color.svg\",\"contentUrl\":\"https:\/\/queonnda.com\/wp-content\/uploads\/2025\/03\/Logo_QueOnnda_Color.svg\",\"width\":651,\"height\":103,\"caption\":\"QueOnnda\"},\"image\":{\"@id\":\"https:\/\/queonnda.com\/#\/schema\/logo\/image\/\"},\"sameAs\":[\"https:\/\/web.facebook.com\/queonnda.nueva\",\"https:\/\/www.instagram.com\/queonnda.nueva\/\",\"https:\/\/www.youtube.com\/@queonnda\",\"https:\/\/tiktok.com\/@queonnda.nueva\"]},{\"@type\":\"Person\",\"@id\":\"https:\/\/queonnda.com\/#\/schema\/person\/ba7226ec14bada54bbd8f989eccc817e\",\"name\":\"Israel Castillo\",\"sameAs\":[\"https:\/\/queonnda.com\"],\"url\":\"https:\/\/queonnda.com\/en\/author\/israel\/\"}]}<\/script>\n<!-- \/ Yoast SEO Premium plugin. -->","yoast_head_json":{"title":"The Stepmother cast reunites 20 years after its premiere","description":"20 years after the end of the telenovela 'La Madrastra', its original cast is reunited and they appear together in a surprising photo.","robots":{"index":"index","follow":"follow","max-snippet":"max-snippet:-1","max-image-preview":"max-image-preview:large","max-video-preview":"max-video-preview:-1"},"canonical":"https:\/\/queonnda.com\/en\/the-cast-of-la-madrastra-reunites-after-20-years-of-the-soap-opera\/","og_locale":"en_US","og_type":"article","og_title":"The cast of 'La Madrastra' reunites after 20 years of the soap opera","og_description":"20 years after the end of the telenovela 'La Madrastra', its original cast is reunited and they appear together in a surprising photo.","og_url":"https:\/\/queonnda.com\/en\/the-cast-of-la-madrastra-reunites-after-20-years-of-the-soap-opera\/","og_site_name":"QueOnnda","article_publisher":"https:\/\/web.facebook.com\/queonnda.nueva","article_published_time":"2025-08-04T19:09:49+00:00","article_modified_time":"2025-08-04T19:14:17+00:00","og_image":[{"width":1200,"height":808,"url":"https:\/\/queonnda.com\/wp-content\/uploads\/2025\/08\/810pZFc0MWL._AC_SL1500_-1.jpg","type":"image\/jpeg"}],"author":"Israel Castillo","twitter_card":"summary_large_image","twitter_misc":{"Written by":"Israel Castillo","Est. reading time":"3 minutes"},"schema":{"@context":"https:\/\/schema.org","@graph":[{"@type":"Article","@id":"https:\/\/queonnda.com\/en\/the-cast-of-la-madrastra-reunites-after-20-years-of-the-soap-opera\/#article","isPartOf":{"@id":"https:\/\/queonnda.com\/en\/the-cast-of-la-madrastra-reunites-after-20-years-of-the-soap-opera\/"},"author":{"name":"Israel Castillo","@id":"https:\/\/queonnda.com\/#\/schema\/person\/ba7226ec14bada54bbd8f989eccc817e"},"headline":"The cast of &#8216;La Madrastra&#8217; reunites after 20 years of the soap opera","datePublished":"2025-08-04T19:09:49+00:00","dateModified":"2025-08-04T19:14:17+00:00","mainEntityOfPage":{"@id":"https:\/\/queonnda.com\/en\/the-cast-of-la-madrastra-reunites-after-20-years-of-the-soap-opera\/"},"wordCount":495,"commentCount":0,"publisher":{"@id":"https:\/\/queonnda.com\/#organization"},"image":{"@id":"https:\/\/queonnda.com\/en\/the-cast-of-la-madrastra-reunites-after-20-years-of-the-soap-opera\/#primaryimage"},"thumbnailUrl":"https:\/\/queonnda.com\/wp-content\/uploads\/2025\/08\/810pZFc0MWL._AC_SL1500_-1.jpg","keywords":["entretenimiento","famosos","telenovelas"],"articleSection":["Entertainment","Soap operas"],"inLanguage":"en-US","potentialAction":[{"@type":"CommentAction","name":"Comment","target":["https:\/\/queonnda.com\/en\/the-cast-of-la-madrastra-reunites-after-20-years-of-the-soap-opera\/#respond"]}],"copyrightYear":"2025","copyrightHolder":{"@id":"https:\/\/queonnda.com\/#organization"}},{"@type":"WebPage","@id":"https:\/\/queonnda.com\/en\/the-cast-of-la-madrastra-reunites-after-20-years-of-the-soap-opera\/","url":"https:\/\/queonnda.com\/en\/the-cast-of-la-madrastra-reunites-after-20-years-of-the-soap-opera\/","name":"The Stepmother cast reunites 20 years after its premiere","isPartOf":{"@id":"https:\/\/queonnda.com\/#website"},"primaryImageOfPage":{"@id":"https:\/\/queonnda.com\/en\/the-cast-of-la-madrastra-reunites-after-20-years-of-the-soap-opera\/#primaryimage"},"image":{"@id":"https:\/\/queonnda.com\/en\/the-cast-of-la-madrastra-reunites-after-20-years-of-the-soap-opera\/#primaryimage"},"thumbnailUrl":"https:\/\/queonnda.com\/wp-content\/uploads\/2025\/08\/810pZFc0MWL._AC_SL1500_-1.jpg","datePublished":"2025-08-04T19:09:49+00:00","dateModified":"2025-08-04T19:14:17+00:00","description":"20 years after the end of the telenovela 'La Madrastra', its original cast is reunited and they appear together in a surprising photo.","breadcrumb":{"@id":"https:\/\/queonnda.com\/en\/the-cast-of-la-madrastra-reunites-after-20-years-of-the-soap-opera\/#breadcrumb"},"inLanguage":"en-US","potentialAction":[{"@type":"ReadAction","target":["https:\/\/queonnda.com\/en\/the-cast-of-la-madrastra-reunites-after-20-years-of-the-soap-opera\/"]}]},{"@type":"ImageObject","inLanguage":"en-US","@id":"https:\/\/queonnda.com\/en\/the-cast-of-la-madrastra-reunites-after-20-years-of-the-soap-opera\/#primaryimage","url":"https:\/\/queonnda.com\/wp-content\/uploads\/2025\/08\/810pZFc0MWL._AC_SL1500_-1.jpg","contentUrl":"https:\/\/queonnda.com\/wp-content\/uploads\/2025\/08\/810pZFc0MWL._AC_SL1500_-1.jpg","width":1200,"height":808,"caption":"FOTO: Televisa"},{"@type":"BreadcrumbList","@id":"https:\/\/queonnda.com\/en\/the-cast-of-la-madrastra-reunites-after-20-years-of-the-soap-opera\/#breadcrumb","itemListElement":[{"@type":"ListItem","position":1,"name":"Home","item":"https:\/\/queonnda.com\/en\/"},{"@type":"ListItem","position":2,"name":"The cast of &#8216;La Madrastra&#8217; reunites after 20 years of the soap opera"}]},{"@type":"WebSite","@id":"https:\/\/queonnda.com\/#website","url":"https:\/\/queonnda.com\/","name":"QueOnnda","description":"Plataforma audio-digital sin precedentes que revolucionar\u00e1 la forma en que las audiencias latinas interact\u00faan con los medios","publisher":{"@id":"https:\/\/queonnda.com\/#organization"},"potentialAction":[{"@type":"SearchAction","target":{"@type":"EntryPoint","urlTemplate":"https:\/\/queonnda.com\/?s={search_term_string}"},"query-input":{"@type":"PropertyValueSpecification","valueRequired":true,"valueName":"search_term_string"}}],"inLanguage":"en-US"},{"@type":"Organization","@id":"https:\/\/queonnda.com\/#organization","name":"QueOnnda","url":"https:\/\/queonnda.com\/","logo":{"@type":"ImageObject","inLanguage":"en-US","@id":"https:\/\/queonnda.com\/#\/schema\/logo\/image\/","url":"https:\/\/queonnda.com\/wp-content\/uploads\/2025\/03\/Logo_QueOnnda_Color.svg","contentUrl":"https:\/\/queonnda.com\/wp-content\/uploads\/2025\/03\/Logo_QueOnnda_Color.svg","width":651,"height":103,"caption":"QueOnnda"},"image":{"@id":"https:\/\/queonnda.com\/#\/schema\/logo\/image\/"},"sameAs":["https:\/\/web.facebook.com\/queonnda.nueva","https:\/\/www.instagram.com\/queonnda.nueva\/","https:\/\/www.youtube.com\/@queonnda","https:\/\/tiktok.com\/@queonnda.nueva"]},{"@type":"Person","@id":"https:\/\/queonnda.com\/#\/schema\/person\/ba7226ec14bada54bbd8f989eccc817e","name":"Israel Castillo","sameAs":["https:\/\/queonnda.com"],"url":"https:\/\/queonnda.com\/en\/author\/israel\/"}]}},"_links":{"self":[{"href":"https:\/\/queonnda.com\/en\/wp-json\/wp\/v2\/posts\/65100","targetHints":{"allow":["GET"]}}],"collection":[{"href":"https:\/\/queonnda.com\/en\/wp-json\/wp\/v2\/posts"}],"about":[{"href":"https:\/\/queonnda.com\/en\/wp-json\/wp\/v2\/types\/post"}],"author":[{"embeddable":true,"href":"https:\/\/queonnda.com\/en\/wp-json\/wp\/v2\/users\/6"}],"replies":[{"embeddable":true,"href":"https:\/\/queonnda.com\/en\/wp-json\/wp\/v2\/comments?post=65100"}],"version-history":[{"count":0,"href":"https:\/\/queonnda.com\/en\/wp-json\/wp\/v2\/posts\/65100\/revisions"}],"wp:featuredmedia":[{"embeddable":true,"href":"https:\/\/queonnda.com\/en\/wp-json\/wp\/v2\/media\/65092"}],"wp:attachment":[{"href":"https:\/\/queonnda.com\/en\/wp-json\/wp\/v2\/media?parent=65100"}],"wp:term":[{"taxonomy":"category","embeddable":true,"href":"https:\/\/queonnda.com\/en\/wp-json\/wp\/v2\/categories?post=65100"},{"taxonomy":"post_tag","embeddable":true,"href":"https:\/\/queonnda.com\/en\/wp-json\/wp\/v2\/tags?post=65100"}],"curies":[{"name":"wp","href":"https:\/\/api.w.org\/{rel}","templated":true}]}}